{"id":35499,"date":"2021-11-08T17:58:06","date_gmt":"2021-11-08T21:58:06","guid":{"rendered":"https:\/\/amazonia.fiocruz.br\/?p=35499"},"modified":"2021-11-09T10:33:41","modified_gmt":"2021-11-09T14:33:41","slug":"e-book-da-fiocruz-apresenta-diagnostico-da-evolucao-da-pandemia-no-brasil","status":"publish","type":"post","link":"https:\/\/amazonia.fiocruz.br\/?p=35499","title":{"rendered":"E-book da Fiocruz apresenta diagn\u00f3stico da evolu\u00e7\u00e3o da pandemia no Brasil"},"content":{"rendered":"<section class=\"av_textblock_section \"  itemscope=\"itemscope\" itemtype=\"https:\/\/schema.org\/BlogPosting\" itemprop=\"blogPost\" ><div class='avia_textblock  '   itemprop=\"text\" ><p style=\"text-align: justify;\">Apresentar um diagn\u00f3stico e constituir uma mem\u00f3ria sobre a evolu\u00e7\u00e3o da pandemia no Brasil, a partir de registros e an\u00e1lises de dados, sistemas de monitoramento e vigil\u00e2ncia em sa\u00fade. \u00c9 com esse intuito que o Observat\u00f3rio Covid-19 Fiocruz e a Editora Fiocruz lan\u00e7am, nesta quinta-feira (4\/11), o e-book <strong><em>Covid-19 no Brasil: cen\u00e1rios epidemiol\u00f3gicos e vigil\u00e2ncia em sa\u00fade<\/em><\/strong>, que estar\u00e1 dispon\u00edvel para download gratuito na plataforma <a href=\"https:\/\/books.scielo.org\/\" target=\"_blank\" rel=\"noopener\">SciELO Livros<\/a>.<\/p>\n<p style=\"text-align: justify;\">Organizado pelos pesquisadores Carlos Machado de Freitas, Christovam Barcellos e Daniel Antunes Maciel Villela, o volume \u00e9 o terceiro da s\u00e9rie <a href=\"https:\/\/books.scielo.org\/search\/?lang=pt&amp;index=tw&amp;where=BOOK&amp;q=&amp;filter%5Bpublisher%5D%5B%5D=S%C3%A9rie+Informa%C3%A7%C3%A3o+para+a%C3%A7%C3%A3o+na+Covid-19+%7C+Fiocruz\" target=\"_blank\" rel=\"noopener\">Informa\u00e7\u00e3o para A\u00e7\u00e3o na Covid-19<\/a>, uma parceria entre o Observat\u00f3rio e a Editora Fiocruz. O livro digital segue a ideia central da iniciativa encabe\u00e7ada pelo Observat\u00f3rio: reunir o conjunto de respostas, pesquisas e a\u00e7\u00f5es t\u00e9cnicas produzidas pela Fiocruz durante a pandemia, mapeando a evolu\u00e7\u00e3o do v\u00edrus no pa\u00eds e as a\u00e7\u00f5es de enfrentamento.<\/p>\n<p style=\"text-align: justify;\">O e-book segue uma linha cronol\u00f3gica para tra\u00e7ar as primeiras estrat\u00e9gias de combate ao espalhamento da doen\u00e7a, antes mesmo de chegar oficialmente em terras brasileiras. &#8220;Os modelos matem\u00e1ticos baseados em dados preliminares gerados nos pa\u00edses inicialmente atingidos foram usados para estimar os poss\u00edveis efeitos da pandemia no Brasil&#8221;, afirmam os organizadores, no texto de apresenta\u00e7\u00e3o.<\/p>\n<p style=\"text-align: justify;\">Por\u00e9m, as muitas particularidades do pa\u00eds entraram em jogo logo no in\u00edcio, fazendo com que cientistas, epidemiologistas e pesquisadores levantassem uma s\u00e9rie de aspectos e impactos diantes de um contexto com diversas vari\u00e1veis e especificidades. &#8220;Num pa\u00eds t\u00e3o imenso, heterog\u00eaneo e desigual, foi um grande desafio, atrav\u00e9s de notas, boletins, relat\u00f3rios t\u00e9cnicos e webin\u00e1rios, discutir a evolu\u00e7\u00e3o da pandemia no Brasil&#8221;, relata Carlos Machado, coordenador do Observat\u00f3rio Covid-19 Fiocruz.<\/p>\n<p style=\"text-align: justify;\">Em um cen\u00e1rio de ampla vulnerabiliza\u00e7\u00e3o de determinados grupos sociais &#8211; tema que norteou o segundo e-book da s\u00e9rie, intitulado <a href=\"https:\/\/portal.fiocruz.br\/livro\/impactos-sociais-da-covid-19-no-brasil-populacoes-vulnerabilizadas-e-respostas-pandemia-os\" target=\"_blank\" rel=\"noopener\">Os Impactos Sociais da Covid-19 no Brasil<\/a> -, os especialistas envolvidos na obra consideram que as &#8220;particularidades brasileiras, sua configura\u00e7\u00e3o territorial, profundas desigualdades sociais, estrutura do sistema de sa\u00fade e condi\u00e7\u00f5es de vida e trabalho exigiram uma adapta\u00e7\u00e3o desses modelos e an\u00e1lises de grupos populacionais espec\u00edficos que poderiam se constituir como mais vulner\u00e1veis \u00e0 pandemia e, por isso, requereriam aten\u00e7\u00e3o especial e pol\u00edticas espec\u00edficas&#8221;, ressaltam os organizadores.<\/p>\n<p style=\"text-align: justify;\">Em tr\u00eas partes, que englobam um total de 25 cap\u00edtulos, o t\u00edtulo agrega os muitos desafios &#8211; com \u00eanfase nas equipes t\u00e9cnicas da Fiocruz &#8211; para a avalia\u00e7\u00e3o de cen\u00e1rios epidemiol\u00f3gicos diante da chegada do v\u00edrus Sars-CoV-2 ao pa\u00eds. &#8220;Houve um esfor\u00e7o imenso da comunidade cient\u00edfica, e aqui no nosso pa\u00eds n\u00e3o foi diferente, para avalia\u00e7\u00e3o desses cen\u00e1rios epidemiol\u00f3gicos, com o uso de dados reportados nos nossos sistemas de vigil\u00e2ncia, com os usos de modelos matem\u00e1ticos e estat\u00edsticos e os pain\u00e9is de acompanhamento dos dados, inclusive para formula\u00e7\u00e3o de estrat\u00e9gias de mitiga\u00e7\u00e3o e supress\u00e3o da transmiss\u00e3o&#8221;, explica Daniel Villela, pesquisador do Programa de Computa\u00e7\u00e3o Cient\u00edfica da Fiocruz (Procc\/Fiocruz).<\/p>\n<p style=\"text-align: justify;\">Os esfor\u00e7os para produzir e disseminar rapidamente conhecimentos que t\u00eam como base os registros de casos, hospitaliza\u00e7\u00f5es e \u00f3bitos foram amplamente utilizados para subsidiar pol\u00edticas e a\u00e7\u00f5es de enfrentamento \u00e0 pandemia no Brasil. Esse conjunto de iniciativas est\u00e1 no \u00e2mbito da tem\u00e1tica cen\u00e1rios epidemiol\u00f3gicos, um dos quatro grandes eixos do Observat\u00f3rio Covid-19 Fiocruz, que inclui ainda medidas de controle e organiza\u00e7\u00e3o dos servi\u00e7os e sistemas de sa\u00fade; qualidade do cuidado, seguran\u00e7a do paciente e sa\u00fade do trabalhador; impactos sociais da pandemia. Dessa forma, o conte\u00fado do livro n\u00e3o esgota a amplitude e a diversidade de temas que envolvem a Covid-19, reunindo uma ampla comunidade cient\u00edfica que gira em torno dos temas de sa\u00fade p\u00fablica. &#8220;Toda esta produ\u00e7\u00e3o teve como base e est\u00edmulo a procura de respostas para os problemas que estavam se apresentando em determinado momento da pandemia, bem como o di\u00e1logo com a produ\u00e7\u00e3o cient\u00edfica advinda de diversos campos de saber realizada e publicada em seu curso&#8221;, destaca o texto de apresenta\u00e7\u00e3o.<\/p>\n<p style=\"text-align: justify;\">Al\u00e9m dos tr\u00eas organizadores, quase 100 pesquisadoras e pesquisadores participam do volume com as mais diversas contribui\u00e7\u00f5es, mapeamentos, estudos, apontamentos e reflex\u00f5es. S\u00e3o especialistas com experi\u00eancias nas mais variadas \u00e1reas, como medicina, epidemiologia, psicologia, estat\u00edstica, hist\u00f3ria, biologia, enfermagem, engenharias, antropologia, geografia, farm\u00e1cia, tecnologia da informa\u00e7\u00e3o, comunica\u00e7\u00e3o, sociologia, entre outras.<\/p>\n<p style=\"text-align: justify;\"><strong>A IMPORT\u00c2NCIA DAS PARCERIAS PARA A AN\u00c1LISE DE DADOS<\/strong><\/p>\n<p style=\"text-align: justify;\">A interface com outros \u00f3rg\u00e3os, programas, a\u00e7\u00f5es e iniciativas tamb\u00e9m foram essenciais para os objetivos de diagn\u00f3stico e mapeamento que caracterizam a obra. Alguns dos exemplos s\u00e3o a plataforma MonitoraCovid-19, mantida pelo Instituto de Comunica\u00e7\u00e3o e Informa\u00e7\u00e3o Cient\u00edfica e Tecnol\u00f3gica em Sa\u00fade (Icict\/Fiocruz), o InfoGripe da Fiocruz e o Painel Coronav\u00edrus da Fiocruz Bahia. &#8220;Esse livro traz contribui\u00e7\u00f5es importantes tamb\u00e9m na quest\u00e3o do acesso a dados e an\u00e1lise dos dados&#8221;, afirma Christovam Barcellos, respons\u00e1vel pelo Monitora Covid-19. Segundo o pesquisador, a urg\u00eancia do contexto e a necessidade de repostas cada vez mais r\u00e1pidas fizeram com esses dados tivessem que ser reinterpretados, incluindo \u00edndices de mortalidade, notifica\u00e7\u00e3o de casos, dados laboratoriais, dados sobre vacinas e sobre mobilidade da popula\u00e7\u00e3o.<\/p>\n<p style=\"text-align: justify;\">Esse cuidadoso processo de an\u00e1lises, leituras e releituras comp\u00f5e os estudos apresentados ao longo do volume. &#8220;Tudo isso \u00e9 relatado no livro em cap\u00edtulos, por exemplo, que destacam o papel que o InfoGripe teve na estimativa de casos e tend\u00eancias; a montagem do Monitora Covid-19 pelo Icict\/Fiocruz e que re\u00fane, hoje em dia, uma quantidade enorme de dados; os esfor\u00e7os do Conass [Conselho Nacional de Secret\u00e1rios de Sa\u00fade] e Conasems [Conselho Nacional de Secretarias Municipais de Sa\u00fade] para disponibilizar dados oportunos e at\u00e9 montagens de pain\u00e9is espec\u00edficos sobre favelas, tentando entender o que estava acontecendo, particularmente, nessas popula\u00e7\u00f5es mais vulner\u00e1veis&#8221;, exemplifica Barcellos.<\/p>\n<p style=\"text-align: justify;\">As tr\u00eas partes da obra est\u00e3o divididas com os seguintes t\u00edtulos: <em>Cen\u00e1rios <\/em>(com 11 cap\u00edtulos); <em>Produzindo e Organizando Informa\u00e7\u00e3o para A\u00e7\u00e3o<\/em> (com cinco cap\u00edtulos); <em>Estrat\u00e9gias de Enfrentamento e Vigil\u00e2ncia<\/em> (com nove cap\u00edtulos). A \u00faltima parte \u00e9 dedicada a uma s\u00e9rie de temas que giram em torno da vigil\u00e2ncia em sa\u00fade. Quest\u00f5es que foram &#8211; e continuam sendo &#8211; fundamentais para o combate \u00e0 Covid-19 e que v\u00eam sendo intensamente debatidas na agenda p\u00fablica do pa\u00eds, incluindo os desafios do retorno \u00e0s atividades escolares e a gest\u00e3o de riscos durante a pandemia.<\/p>\n<p style=\"text-align: justify;\"><strong>SOBRE OS ORGANIZADORES<\/strong><\/p>\n<p style=\"text-align: justify;\">O historiador <strong>Carlos Machado de Freitas<\/strong> \u00e9 mestre em Engenharia de Produ\u00e7\u00e3o, doutor em Sa\u00fade P\u00fablica e pesquisador titular da Escola Nacional de Sa\u00fade P\u00fablica Sergio Arouca (Ensp\/Fiocruz). \u00c9 editor cient\u00edfico da Editora Fiocruz e coordena o Observat\u00f3rio Covid-19 Fiocruz.<\/p>\n<p style=\"text-align: justify;\">O ge\u00f3grafo <strong>Christovam Barcellos<\/strong> \u00e9 mestre em Ci\u00eancias Biol\u00f3gicas e doutor em Geoci\u00eancias. \u00c9 pesquisador s\u00eanior do Icict\/Fiocruz, onde \u00e9 respons\u00e1vel pelo MonitoraCovid-19. \u00c9 professor da Ensp\/Fiocruz e pesquisador do Conselho Nacional de Desenvolvimento Cient\u00edfico e Tecnol\u00f3gico (CNPq).<\/p>\n<p style=\"text-align: justify;\">O engenheiro eletr\u00f4nico <strong>Daniel Antunes Maciel Villela<\/strong> \u00e9 mestre e doutor em Engenharia El\u00e9trica. Pesquisador em sa\u00fade p\u00fablica na Fiocruz, onde \u00e9 coordenador do Procc\/Fiocruz e coordenador adjunto do Programa de Epidemiologia em Sa\u00fade P\u00fablica da Ensp\/Fiocruz.<\/p>\n<p style=\"text-align: justify;\"><strong>OBSERVAT\u00d3RIO COVID-19: INFORMA\u00c7\u00c3O PARA A\u00c7\u00c3O<\/strong><\/p>\n<p style=\"text-align: justify;\">A primeira publica\u00e7\u00e3o da s\u00e9rie Informa\u00e7\u00e3o para A\u00e7\u00e3o na Covid-19 foi <a href=\"https:\/\/books.scielo.org\/id\/hdyfg\" target=\"_blank\" rel=\"noopener\">Diplomacia da Sa\u00fade e Covid-19: reflex\u00f5es a meio caminho<\/a>, lan\u00e7ado no final de 2020. O segundo e-book foi <a href=\"https:\/\/books.scielo.org\/id\/r3hc2\" target=\"_blank\" rel=\"noopener\">Os Impactos Sociais da Covid-19 no Brasil: popula\u00e7\u00f5es vulnerabilizadas e respostas \u00e0 pandemia<\/a>, publicado em abril. Todos os livros da s\u00e9rie est\u00e3o dispon\u00edveis somente em formato digital e em acesso aberto na rede SciELO Livros, que apoia a iniciativa.<\/p>\n<p style=\"text-align: justify;\">A s\u00e9rie de publica\u00e7\u00f5es instant\u00e2neas (<em>instant books<\/em>) tem o intuito de levar ao p\u00fablico conhecimentos e reflex\u00f5es sobre a pandemia, combinando um esfor\u00e7o de an\u00e1lises amplas e integradas sobre temas espec\u00edficos, com rapidez na produ\u00e7\u00e3o de modo a estarem dispon\u00edveis e de modo amplo em um curto per\u00edodo de tempo. &#8220;Esses livros t\u00eam como objetivo reunir o conjunto de produ\u00e7\u00f5es t\u00e9cnicas da Fiocruz, como relat\u00f3rios, estudos e notas t\u00e9cnicas, em resposta \u00e0 Covid-19&#8221;, afirma Carlos Machado.<\/p>\n<p style=\"text-align: justify;\">O Observat\u00f3rio foi constitu\u00eddo logo nos primeiros meses da pandemia no Brasil, com o objetivo de reunir informa\u00e7\u00f5es sobre os diversos aspectos epidemiol\u00f3gicos, demogr\u00e1ficos, sociais e pol\u00edticos da pandemia e sua express\u00e3o em grupos sociais de maior vulnerabilidade. Tem car\u00e1ter multidisciplinar, visto que a pandemia deve ser entendida como um fen\u00f4meno influenciado por diversos fatores geogr\u00e1ficos, hist\u00f3ricos, culturais e econ\u00f4micos e afeta todas essas dimens\u00f5es. Em seu \u00e2mbito, estudar, analisar e emitir alertas sobre a situa\u00e7\u00e3o e tend\u00eancias da pandemia n\u00e3o constitui mero exerc\u00edcio estat\u00edstico, pois se desdobra em uma compreens\u00e3o ampla sobre a sociedade brasileira e seu sistema de sa\u00fade, com especial \u00eanfase no Sistema \u00danico de Sa\u00fade (SUS).<\/p>\n<p style=\"text-align: justify;\"><a href=\"https:\/\/portal.fiocruz.br\/observatorio-covid-19\" target=\"_blank\" rel=\"noopener\">saiba mais sobre o Observat\u00f3rio Covid-19 Fiocruz<\/a><\/p>\n<p style=\"text-align: justify;\"><strong>SOBRE A EDITORA FIOCRUZ<\/strong><\/p>\n<p style=\"text-align: justify;\">Criada em 1993, a Editora Fiocruz surgiu da necessidade de tornar p\u00fablico e ampliar o acesso ao conhecimento cient\u00edfico nas diversas \u00e1reas da sa\u00fade, criando um espa\u00e7o para dar visibilidade aos resultados de pesquisas. Desde seu primeiro lan\u00e7amento, em 1994, a Editora mant\u00e9m como miss\u00e3o a difus\u00e3o de livros em sa\u00fade p\u00fablica, ci\u00eancias biol\u00f3gicas e biom\u00e9dicas, pesquisa cl\u00ednica, ci\u00eancias sociais e humanas em sa\u00fade.<\/p>\n<p style=\"text-align: justify;\">Em 2021, ultrapassou a marca de 500 t\u00edtulos publicados. O cat\u00e1logo da Editora re\u00fane obras que disseminam n\u00e3o s\u00f3 a produ\u00e7\u00e3o acad\u00eamica da Fiocruz, mas tamb\u00e9m de demais estudos de import\u00e2ncia e impacto para a sa\u00fade em \u00e2mbitos nacional e internacional.<\/p>\n<p style=\"text-align: justify;\">A Editora Fiocruz j\u00e1 conta tamb\u00e9m com mais de 350 e-books dispon\u00edveis na biblioteca on-line <a href=\"https:\/\/books.scielo.org\/fiocruz\/\">SciELO Livros<\/a>, sendo que, atualmente, cerca de 230 est\u00e3o em acesso livre para download gratuito. Os demais t\u00edtulos est\u00e3o dispon\u00edveis para aquisi\u00e7\u00e3o com m\u00e9dia de 40% de desconto em rela\u00e7\u00e3o aos valores dos exemplares impressos.<\/p>\n<p style=\"text-align: justify;\"><strong>ACESSE O CAT\u00c1LOGO COMPLETO DA EDITORA FIOCRUZ<\/strong><\/p>\n<p style=\"text-align: justify;\"><strong>Pr\u00f3ximos livros da s\u00e9rie<\/strong><\/p>\n<p style=\"text-align: justify;\">Al\u00e9m de <em>Diplomacia da Sa\u00fade e Covid-19<\/em>, <em>Os Impactos Sociais da Covid-19 no Brasil<\/em> e <em>Covid-19 no Brasil: cen\u00e1rios epidemiol\u00f3gicos e vigil\u00e2ncia em sa\u00fade<\/em>, mais dois livros ser\u00e3o lan\u00e7ados ao longo dos pr\u00f3ximos meses. A pr\u00f3xima obra contemplar\u00e1 o tema de organiza\u00e7\u00e3o dos sistemas e servi\u00e7os de sa\u00fade.<\/p>\n<p style=\"text-align: justify;\"><strong>Livro | Covid-19 no Brasil: cen\u00e1rios epidemiol\u00f3gicos e vigil\u00e2ncia em sa\u00fade<\/strong><\/p>\n<p style=\"text-align: justify;\">Coedi\u00e7\u00e3o Observat\u00f3rio Covid-19 Fiocruz e Editora Fiocruz<\/p>\n<p style=\"text-align: justify;\">Organizadores: Carlos Machado de Freitas, Christovam Barcellos e Daniel Antunes Maciel Villela<\/p>\n<p style=\"text-align: justify;\">Primeira edi\u00e7\u00e3o: 2021<\/p>\n<p style=\"text-align: justify;\">418 p\u00e1ginas<\/p>\n<p style=\"text-align: justify;\">E-book gratuito<\/p>\n<p style=\"text-align: justify;\">Onde acessar: <a href=\"https:\/\/books.scielo.org\/fiocruz\/\">SciELO Books<\/a><\/p>\n<\/div><\/section>\n","protected":false},"excerpt":{"rendered":"<p>E-book segue linha cronol\u00f3gica para tra\u00e7ar as primeiras estrat\u00e9gias de combate ao espalhamento da doen\u00e7a<\/p>\n","protected":false},"author":20,"featured_media":35500,"comment_status":"closed","ping_status":"closed","sticky":true,"template":"","format":"image","meta":{"footnotes":""},"categories":[15],"tags":[871,136,120,119,131,124,471],"class_list":["post-35499","post","type-post","status-publish","format-image","has-post-thumbnail","hentry","category-noticias","tag-covid-19","tag-fiocruz","tag-fiocruz-amazonia","tag-ilmd","tag-ilmdfiocruz-amazonia","tag-livro","tag-publicacoes","post_format-post-format-image"],"_links":{"self":[{"href":"https:\/\/amazonia.fiocruz.br\/index.php?rest_route=\/wp\/v2\/posts\/35499","targetHints":{"allow":["GET"]}}],"collection":[{"href":"https:\/\/amazonia.fiocruz.br\/index.php?rest_route=\/wp\/v2\/posts"}],"about":[{"href":"https:\/\/amazonia.fiocruz.br\/index.php?rest_route=\/wp\/v2\/types\/post"}],"author":[{"embeddable":true,"href":"https:\/\/amazonia.fiocruz.br\/index.php?rest_route=\/wp\/v2\/users\/20"}],"replies":[{"embeddable":true,"href":"https:\/\/amazonia.fiocruz.br\/index.php?rest_route=%2Fwp%2Fv2%2Fcomments&post=35499"}],"version-history":[{"count":2,"href":"https:\/\/amazonia.fiocruz.br\/index.php?rest_route=\/wp\/v2\/posts\/35499\/revisions"}],"predecessor-version":[{"id":35503,"href":"https:\/\/amazonia.fiocruz.br\/index.php?rest_route=\/wp\/v2\/posts\/35499\/revisions\/35503"}],"wp:featuredmedia":[{"embeddable":true,"href":"https:\/\/amazonia.fiocruz.br\/index.php?rest_route=\/wp\/v2\/media\/35500"}],"wp:attachment":[{"href":"https:\/\/amazonia.fiocruz.br\/index.php?rest_route=%2Fwp%2Fv2%2Fmedia&parent=35499"}],"wp:term":[{"taxonomy":"category","embeddable":true,"href":"https:\/\/amazonia.fiocruz.br\/index.php?rest_route=%2Fwp%2Fv2%2Fcategories&post=35499"},{"taxonomy":"post_tag","embeddable":true,"href":"https:\/\/amazonia.fiocruz.br\/index.php?rest_route=%2Fwp%2Fv2%2Ftags&post=35499"}],"curies":[{"name":"wp","href":"https:\/\/api.w.org\/{rel}","templated":true}]}}