{"id":35477,"date":"2021-11-04T14:20:22","date_gmt":"2021-11-04T18:20:22","guid":{"rendered":"https:\/\/amazonia.fiocruz.br\/?p=35477"},"modified":"2021-11-04T14:20:23","modified_gmt":"2021-11-04T18:20:23","slug":"encontro-da-pos-graduacao-da-fiocruz-amazonia-inicia-no-dia-30-11","status":"publish","type":"post","link":"https:\/\/amazonia.fiocruz.br\/?p=35477","title":{"rendered":"Encontro da p\u00f3s-gradua\u00e7\u00e3o da Fiocruz Amaz\u00f4nia inicia no dia 30\/11"},"content":{"rendered":"<section class=\"av_textblock_section \"  itemscope=\"itemscope\" itemtype=\"https:\/\/schema.org\/BlogPosting\" itemprop=\"blogPost\" ><div class='avia_textblock  '   itemprop=\"text\" ><p style=\"text-align: justify;\">O Instituto Le\u00f4nidas &amp; Maria Deane (ILMD\/Fiocruz Amaz\u00f4nia), por meio da Vice-Diretoria de Ensino, Informa\u00e7\u00e3o e Comunica\u00e7\u00e3o, promover\u00e1 de 30 de novembro a 03 de dezembro, o III Encontro da P\u00f3s-gradua\u00e7\u00e3o do ILMD\/Fiocruz Amaz\u00f4nia e o I Encontro dos Programas de P\u00f3s-gradua\u00e7\u00e3o em Sa\u00fade Coletiva no Amazonas. Em 2021, o tema central dos Encontros \u00e9\u00a0\u201cSindemias,\u00a0desafios e oportunidades da sa\u00fade\u00a0p\u00fablica contempor\u00e2nea\u201d<strong>.<\/strong><\/p>\n<p style=\"text-align: justify;\">O III Encontro da P\u00f3s-gradua\u00e7\u00e3o do ILMD\/Fiocruz Amaz\u00f4nia tem como objetivos discutir avan\u00e7os cient\u00edficos em tem\u00e1ticas de relev\u00e2ncia para a pesquisa dos p\u00f3s-graduandos, em particular os da Fiocruz Amaz\u00f4nia; estimular a troca cient\u00edfica entre os alunos dos diferentes cursos, e divulgar os projetos de pesquisa desenvolvidos pelos discentes dos Programas.<\/p>\n<p style=\"text-align: justify;\">\u201cEspero que o evento proporcione\u00a0subs\u00eddios para discutir agravos relevantes de sa\u00fade dentro de um contexto de sindemias nas diferentes popula\u00e7\u00f5es, assim como promova informa\u00e7\u00f5es,\u00a0com base em evid\u00eancias cient\u00edficas, sobre os desafios e as oportunidades no campo da sa\u00fade, tanto na regi\u00e3o amaz\u00f4nica como no pa\u00eds\u201d, explica Priscila Aquino, coordenadora do evento.<\/p>\n<p style=\"text-align: justify;\">O Encontro \u00e9 destinado a pesquisadores, alunos de p\u00f3s-gradua\u00e7\u00e3o e de inicia\u00e7\u00e3o cient\u00edfica, e profissionais de sa\u00fade. As atividades s\u00e3o gratuitas e acontecer\u00e3o em formato virtual, com acesso pela plataforma do YouTube, no canal\u00a0 PPGBIO-Intera\u00e7\u00e3o \u2013 Fiocruz Amaz\u00f4nia.<\/p>\n<p style=\"text-align: justify;\">Os agravos relevantes da sa\u00fade no pa\u00eds, mediante a compreens\u00e3o de como fatores ambientais, sociais, econ\u00f4micos e biol\u00f3gicos promovem e potencializam os efeitos negativos da intera\u00e7\u00e3o entre doen\u00e7as nas diferentes popula\u00e7\u00f5es, e tem\u00e1ticas como sa\u00fade coletiva, ambiente e sustentabilidade, Covid-19, medicina tropical, sa\u00fade mental e a pesquisa cient\u00edfica na p\u00f3s-gradua\u00e7\u00e3o, tamb\u00e9m ser\u00e3o abordados durante o Encontro.<\/p>\n<p style=\"text-align: justify;\"><strong>SUBMISS\u00c3O DE TRABALHOS<\/strong><\/p>\n<p style=\"text-align: justify;\">O prazo inicial para submiss\u00e3o de trabalhos \u00e9 12 de novembro. As submiss\u00f5es na modalidade P\u00f4ster Eletr\u00f4nico s\u00e3o destinadas exclusivamente para:<\/p>\n<ul>\n<li style=\"text-align: justify;\">Estudantes e egressos dos cursos de P\u00f3s-gradua\u00e7\u00e3o Stricto Sensu do ILMD\/Fiocruz Amaz\u00f4nia, do Programa de P\u00f3s-gradua\u00e7\u00e3o em Sa\u00fade Coletiva da Universidade do Estado do Amazonas (PPGSC-UEA) e do Doutorado em Sa\u00fade P\u00fablica na Amaz\u00f4nia (DASPAM-Fiocruz\/UFAM\/UEA).<\/li>\n<li style=\"text-align: justify;\">Estudantes oriundos do Programa de Inicia\u00e7\u00e3o Cient\u00edfica do ILMD\/Fiocruz Amaz\u00f4nia.<\/li>\n<\/ul>\n<p style=\"text-align: justify;\">Cada participante poder\u00e1 submeter no m\u00e1ximo dois resumos vinculados \u00e0 sua inscri\u00e7\u00e3o. N\u00e3o h\u00e1 limite para participa\u00e7\u00e3o em coautoria de trabalhos inscritos por outros participantes.<\/p>\n<p style=\"text-align: justify;\">Os trabalhos ser\u00e3o apresentados na modalidade P\u00f4ster Eletr\u00f4nico e devem ser submetidos em uma das categorias: Sa\u00fade Coletiva; Biologia da Intera\u00e7\u00e3o Pat\u00f3geno Hospedeiro; e Relato de Experi\u00eancia.<\/p>\n<p style=\"text-align: justify;\">Os trabalhos apresentados por estudantes de Inicia\u00e7\u00e3o Cient\u00edfica devem ser indicados na modalidade Painel Aspirante, dentro de cada uma das categorias: Sa\u00fade Coletiva; Biologia da Intera\u00e7\u00e3o Pat\u00f3geno Hospedeiro; e Relato de Experi\u00eancia.<\/p>\n<p style=\"text-align: justify;\">Os trabalhos apresentados concorrer\u00e3o \u00e0 premia\u00e7\u00e3o de melhores trabalhos do evento, dentro de cada uma das categorias.<\/p>\n<p style=\"text-align: justify;\"><strong>EXPOSI\u00c7\u00c3O VIRTUAL <\/strong><\/p>\n<p style=\"text-align: justify;\">Em paralelo \u00e0 apresenta\u00e7\u00e3o de trabalhos cient\u00edficos, tamb\u00e9m ocorrer\u00e1 a Exposi\u00e7\u00e3o Virtual Fotogr\u00e1fica nas categorias: Enfrentamento \u00e0 Pandemia de Covid-19; Determinantes Sociais e Cuidado em Sa\u00fade de Popula\u00e7\u00f5es Amaz\u00f4nicas; Fatores Biol\u00f3gicos e Eco-Epidemiologia de Doen\u00e7as na Amaz\u00f4nia; e\u00a0Pat\u00f3genos e Seus Vetores.<\/p>\n<p style=\"text-align: justify;\">Os crit\u00e9rios para a sele\u00e7\u00e3o das fotografias ser\u00e3o: criatividade, originalidade, relev\u00e2ncia e conformidade com a categoria escolhida. Para informa\u00e7\u00f5es e inscri\u00e7\u00f5es acesse<\/p>\n<p style=\"text-align: justify;\">Informa\u00e7\u00f5es sobre o evento no Campus Virtual da Fiocruz em\u00a0 <a href=\"https:\/\/campusvirtual.fiocruz.br\/gestordecursos\/hotsite\/IIIencontro_posgrad_ilmd_fiocruz_amazonia\" target=\"_blank\" rel=\"noopener\">https:\/\/campusvirtual.fiocruz.br\/gestordecursos\/hotsite\/IIIencontro_posgrad_ilmd_fiocruz_amazonia<\/a><\/p>\n<p style=\"text-align: justify;\">Acompanhe tamb\u00e9m em:<\/p>\n<p>P\u00e1gina do Facebook<\/p>\n<p><a href=\"https:\/\/www.facebook.com\/III-Encontro-da-P%C3%B3s-gradua%C3%A7%C3%A3o-do-ILMDFiocruz-Amaz%C3%B4nia-101866008964434\" target=\"_blank\" rel=\"noopener\">https:\/\/www.facebook.com\/III-Encontro-da-P%C3%B3s-gradua%C3%A7%C3%A3o-do-ILMDFiocruz-Amaz%C3%B4nia-101866008964434<\/a><\/p>\n<p>Linkedin<\/p>\n<p><a href=\"https:\/\/www.linkedin.com\/company\/80387914\" target=\"_blank\" rel=\"noopener\">https:\/\/www.linkedin.com\/company\/80387914<\/a><\/p>\n<p>Twitter<\/p>\n<p><a href=\"https:\/\/twitter.com\/encontroilmd\" target=\"_blank\" rel=\"noopener\">https:\/\/twitter.com\/encontroilmd<\/a><\/p>\n<p>Instagram<\/p>\n<p><a href=\"https:\/\/www.instagram.com\/p\/CVlRHd-LkZD\/?utm_medium=copy_link\">https:\/\/www.instagram.com\/p\/CVlRHd-LkZD\/?utm_medium=copy_link<\/a><\/p>\n<p style=\"text-align: justify;\">O evento ser\u00e1 transmitido ao vivo pelo canal PPGBIO-Intera\u00e7\u00e3o \u2013 Fiocruz Amaz\u00f4nia. Ser\u00e3o emitidos certificados de participa\u00e7\u00e3o para quem participar de mais de 70% da carga hor\u00e1ria total do evento.<\/p>\n<h6><\/h6>\n<h6><em><strong>ILMD\/Fiocruz Amaz\u00f4nia, por Marl\u00facia Seixas<\/strong><\/em><\/h6>\n<h6><em><strong>Imagens: UP Comunica\u00e7\u00e3o Inteligente<\/strong><\/em><\/h6>\n<\/div><\/section>\n","protected":false},"excerpt":{"rendered":"<p>O Encontro \u00e9 destinado a pesquisadores, alunos de p\u00f3s-gradua\u00e7\u00e3o e de inicia\u00e7\u00e3o cient\u00edfica, e profissionais de sa\u00fade. <\/p>\n","protected":false},"author":26,"featured_media":35478,"comment_status":"closed","ping_status":"closed","sticky":true,"template":"","format":"image","meta":{"footnotes":""},"categories":[15],"tags":[120,1082,1081,119,682],"class_list":["post-35477","post","type-post","status-publish","format-image","has-post-thumbnail","hentry","category-noticias","tag-fiocruz-amazonia","tag-i-encontro-dos-programas-de-pos-graduacao-em-saude-coletiva-no-amazonas","tag-iii-encontro-da-pos-graduacao-do-ilmd-fiocruz-amazonia","tag-ilmd","tag-saude-coletiva","post_format-post-format-image"],"_links":{"self":[{"href":"https:\/\/amazonia.fiocruz.br\/index.php?rest_route=\/wp\/v2\/posts\/35477","targetHints":{"allow":["GET"]}}],"collection":[{"href":"https:\/\/amazonia.fiocruz.br\/index.php?rest_route=\/wp\/v2\/posts"}],"about":[{"href":"https:\/\/amazonia.fiocruz.br\/index.php?rest_route=\/wp\/v2\/types\/post"}],"author":[{"embeddable":true,"href":"https:\/\/amazonia.fiocruz.br\/index.php?rest_route=\/wp\/v2\/users\/26"}],"replies":[{"embeddable":true,"href":"https:\/\/amazonia.fiocruz.br\/index.php?rest_route=%2Fwp%2Fv2%2Fcomments&post=35477"}],"version-history":[{"count":2,"href":"https:\/\/amazonia.fiocruz.br\/index.php?rest_route=\/wp\/v2\/posts\/35477\/revisions"}],"predecessor-version":[{"id":35480,"href":"https:\/\/amazonia.fiocruz.br\/index.php?rest_route=\/wp\/v2\/posts\/35477\/revisions\/35480"}],"wp:featuredmedia":[{"embeddable":true,"href":"https:\/\/amazonia.fiocruz.br\/index.php?rest_route=\/wp\/v2\/media\/35478"}],"wp:attachment":[{"href":"https:\/\/amazonia.fiocruz.br\/index.php?rest_route=%2Fwp%2Fv2%2Fmedia&parent=35477"}],"wp:term":[{"taxonomy":"category","embeddable":true,"href":"https:\/\/amazonia.fiocruz.br\/index.php?rest_route=%2Fwp%2Fv2%2Fcategories&post=35477"},{"taxonomy":"post_tag","embeddable":true,"href":"https:\/\/amazonia.fiocruz.br\/index.php?rest_route=%2Fwp%2Fv2%2Ftags&post=35477"}],"curies":[{"name":"wp","href":"https:\/\/api.w.org\/{rel}","templated":true}]}}