{"id":35436,"date":"2021-10-27T18:27:10","date_gmt":"2021-10-27T22:27:10","guid":{"rendered":"https:\/\/amazonia.fiocruz.br\/?p=35436"},"modified":"2021-10-27T18:37:30","modified_gmt":"2021-10-27T22:37:30","slug":"fiocruz-amazonia-apresenta-novos-membros-do-conselho-deliberativo","status":"publish","type":"post","link":"https:\/\/amazonia.fiocruz.br\/?p=35436","title":{"rendered":"Fiocruz Amaz\u00f4nia apresenta novos membros do Conselho Deliberativo"},"content":{"rendered":"<section class=\"av_textblock_section \"  itemscope=\"itemscope\" itemtype=\"https:\/\/schema.org\/BlogPosting\" itemprop=\"blogPost\" ><div class='avia_textblock  '   itemprop=\"text\" ><p style=\"text-align: justify;\">Foram apresentados nesta quinta-feira 27\/10, os novos membros do Conselho Deliberativo (CD) do Instituto Le\u00f4nidas &#038; Maria Deane (ILMD\/ Fiocruz Amaz\u00f4nia), durante reuni\u00e3o extraordin\u00e1ria do Conselho. A diretora da Fiocruz Amaz\u00f4nia, Adele Schwartz Benzaken, apresentou os titulares e suplentes, representantes das \u00e1reas de Pesquisa, Ensino e Gest\u00e3o da Fiocruz Amaz\u00f4nia, eleitos para o bi\u00eanio 2021-2023.<\/p>\n<p style=\"text-align: justify;\">\u201cEsse mecanismo de cria\u00e7\u00e3o do CD em todas as unidades da Fiocruz, tem como objetivo maior, um processo democr\u00e1tico nas decis\u00f5es a serem tomadas pela dire\u00e7\u00e3o dessas Unidades, e aqui n\u00e3o \u00e9 diferente. Toda a nossa trajet\u00f3ria sempre visou uma gest\u00e3o participativa. O CD formaliza essa gest\u00e3o participativa, com representa\u00e7\u00e3o de todos os setores, de todas as \u00e1reas do ILMD\u201d, explicou Adele Schwartz Benzaken.<\/p>\n<p><img decoding=\"async\" class=\"size-full wp-image-35438 aligncenter\" src=\"https:\/\/amazonia.fiocruz.br\/wp-content\/uploads\/2021\/10\/interna.jpg\" alt=\"\" width=\"640\" height=\"426\" srcset=\"https:\/\/amazonia.fiocruz.br\/wp-content\/uploads\/2021\/10\/interna.jpg 640w, https:\/\/amazonia.fiocruz.br\/wp-content\/uploads\/2021\/10\/interna-300x200.jpg 300w\" sizes=\"(max-width: 640px) 100vw, 640px\" \/><\/p>\n<p style=\"text-align: justify;\">A elei\u00e7\u00e3o ocorreu no dia 21\/10, e a apura\u00e7\u00e3o foi feita em seguida pela Comiss\u00e3o Eleitoral. A Comiss\u00e3o foi institu\u00edda e homologada pelo Conselho Deliberativo do ILMD\/ Fiocruz Amaz\u00f4nia, para organizar e coordenar os trabalhos relativos \u00e0s elei\u00e7\u00f5es.<\/p>\n<p style=\"text-align: justify;\">Foram eleitos na \u00e1rea da Gest\u00e3o: Helena Maria Guedes Coutinho (Titular) e Williams Cavalcante de Oliveira (Suplente). Na \u00e1rea do ensino, Eduardo Lima Garcia (Titular) e Ycaro Ver\u00e7osa dos Santos (Suplente). Como representantes da Pesquisa, foram eleitos: Amandia Braga Lima Sousa (Titular) e K\u00e1tia Maria Lima de Menezes (Suplente); Cl\u00e1udia R\u00edos Velasquez (Titular) e Ani Beatriz Jackisch Matsuura (Suplente); Ormezinda Celeste C. Fernandes (Titular) e Luiz Andr\u00e9 Moraes Mariuba (Suplente); Flor Espinosa Martinez Espinosa (Titular) e James Lee Crainey (Suplente).<\/p>\n<p style=\"text-align: justify;\">Os membros da ASFOC- AM n\u00e3o s\u00e3o eleitos, mas tem representatividade no CD-ILMD, s\u00e3o eles: Carlos Alberto Vieira Duarte (TITULAR) e Carlos Fabricio Marques da Silva (SUPLENTE). Na oportunidade, Adele Benzaken agradeceu a contribui\u00e7\u00e3o e trabalho desenvolvido pelos membros do CD (bi\u00eanio 2020-2021).<\/p>\n<p style=\"text-align: justify;\">Para a pesquisadora, Amandia Braga Lima Sousa, empossada como membro do novo CD, \u00e9 de suma import\u00e2ncia a valoriza\u00e7\u00e3o do conselho. \u201c\u00c9 importante valorizar esses espa\u00e7os de discuss\u00e3o, que a gente consegue encontrar caminhos em conjunto. \u00c9 muito importante que todos se envolvam, preservando sem esse ideal da Fiocruz, nos colocando a servi\u00e7o da sociedade\u201d, destacou.<\/p>\n<p style=\"text-align: justify;\"><strong>CONSELHO DELIBERATIVO<\/strong><\/p>\n<p style=\"text-align: justify;\">Ao Conselho Deliberativo compete deliberar sobre a proposta or\u00e7ament\u00e1ria anual definida pelo Plano Quadrienal e sobre o Plano F\u00edsico-Or\u00e7ament\u00e1rio Anual do ILMD; a pol\u00edtica de desenvolvimento institucional e a pol\u00edtica de gest\u00e3o do trabalho da Unidade, assim como acompanhar e analisar as suas execu\u00e7\u00f5es; deliberar sobre a cria\u00e7\u00e3o ou extin\u00e7\u00e3o de N\u00facleos, Grupos de Trabalho, Setores, Cursos, Programas de Pesquisa e Ensino, bem como aprovar os regulamentos e as normas de funcionamento e organiza\u00e7\u00e3o que constam deste Regimento; pronunciar-se sobre a celebra\u00e7\u00e3o de conv\u00eanios, contratos, acordos e ajustes com entidades p\u00fablicas, privadas, filantr\u00f3picas, nacionais, internacionais e estrangeiras.<\/p>\n<h6 style=\"text-align: justify;\"><strong><em>ILMD\/Fiocruz Amaz\u00f4nia, por Eduardo Gomes<\/em><\/strong><\/h6>\n<h6 style=\"text-align: justify;\"><strong><em>Fotos: Eduardo Gomes<\/em><\/strong><\/h6>\n<\/div><\/section>\n","protected":false},"excerpt":{"rendered":"<p>Novos membros representam as \u00e1reas de Pesquisa, Ensino e Gest\u00e3o da Fiocruz Amaz\u00f4nia, eleitos para o bi\u00eanio 2021-2023.<\/p>\n","protected":false},"author":20,"featured_media":35437,"comment_status":"closed","ping_status":"closed","sticky":true,"template":"","format":"image","meta":{"footnotes":""},"categories":[15],"tags":[1078,765,136,120,119,131],"class_list":["post-35436","post","type-post","status-publish","format-image","has-post-thumbnail","hentry","category-noticias","tag-cd","tag-conselho-deliberativo","tag-fiocruz","tag-fiocruz-amazonia","tag-ilmd","tag-ilmdfiocruz-amazonia","post_format-post-format-image"],"_links":{"self":[{"href":"https:\/\/amazonia.fiocruz.br\/index.php?rest_route=\/wp\/v2\/posts\/35436","targetHints":{"allow":["GET"]}}],"collection":[{"href":"https:\/\/amazonia.fiocruz.br\/index.php?rest_route=\/wp\/v2\/posts"}],"about":[{"href":"https:\/\/amazonia.fiocruz.br\/index.php?rest_route=\/wp\/v2\/types\/post"}],"author":[{"embeddable":true,"href":"https:\/\/amazonia.fiocruz.br\/index.php?rest_route=\/wp\/v2\/users\/20"}],"replies":[{"embeddable":true,"href":"https:\/\/amazonia.fiocruz.br\/index.php?rest_route=%2Fwp%2Fv2%2Fcomments&post=35436"}],"version-history":[{"count":2,"href":"https:\/\/amazonia.fiocruz.br\/index.php?rest_route=\/wp\/v2\/posts\/35436\/revisions"}],"predecessor-version":[{"id":35440,"href":"https:\/\/amazonia.fiocruz.br\/index.php?rest_route=\/wp\/v2\/posts\/35436\/revisions\/35440"}],"wp:featuredmedia":[{"embeddable":true,"href":"https:\/\/amazonia.fiocruz.br\/index.php?rest_route=\/wp\/v2\/media\/35437"}],"wp:attachment":[{"href":"https:\/\/amazonia.fiocruz.br\/index.php?rest_route=%2Fwp%2Fv2%2Fmedia&parent=35436"}],"wp:term":[{"taxonomy":"category","embeddable":true,"href":"https:\/\/amazonia.fiocruz.br\/index.php?rest_route=%2Fwp%2Fv2%2Fcategories&post=35436"},{"taxonomy":"post_tag","embeddable":true,"href":"https:\/\/amazonia.fiocruz.br\/index.php?rest_route=%2Fwp%2Fv2%2Ftags&post=35436"}],"curies":[{"name":"wp","href":"https:\/\/api.w.org\/{rel}","templated":true}]}}