{"id":35418,"date":"2021-10-27T16:03:18","date_gmt":"2021-10-27T20:03:18","guid":{"rendered":"https:\/\/amazonia.fiocruz.br\/?p=35418"},"modified":"2021-10-27T16:03:18","modified_gmt":"2021-10-27T20:03:18","slug":"palestra-ira-abordar-engenharia-de-proteinas-e-aplicacoes-biotecnologicas","status":"publish","type":"post","link":"https:\/\/amazonia.fiocruz.br\/?p=35418","title":{"rendered":"Palestra ir\u00e1 abordar engenharia de prote\u00ednas e aplica\u00e7\u00f5es biotecnol\u00f3gicas"},"content":{"rendered":"<section class=\"av_textblock_section \"  itemscope=\"itemscope\" itemtype=\"https:\/\/schema.org\/BlogPosting\" itemprop=\"blogPost\" ><div class='avia_textblock  '   itemprop=\"text\" ><p style=\"text-align: justify;\">O Centro de Estudos do Instituto Le\u00f4nidas &#038; Maria Deane (ILMD\/Fiocruz Amaz\u00f4nia) apresenta na pr\u00f3xima sexta-feira, 29\/10, \u00e0s 10h, a palestra \u201cEngenharia de prote\u00ednas: m\u00e9todos e aplica\u00e7\u00f5es biotecnol\u00f3gicas\u201d, a ser ministrada por Gilvan Pessoa Furtado, pesquisador da Funda\u00e7\u00e3o Oswaldo Cruz no Cear\u00e1 (Fiocruz\/Cear\u00e1).<\/p>\n<p style=\"text-align: justify;\">Link da transmiss\u00e3o: <a href=\"https:\/\/zoom.us\/j\/96613680786\">https:\/\/zoom.us\/j\/96613680786<\/a> (ID: 966 1368 0786)<\/p>\n<p style=\"text-align: justify;\">Segundo o pesquisador, engenharia de prote\u00ednas \u00e9 uma abordagem que visa o desenvolvimento de macromol\u00e9culas com novas e desej\u00e1veis fun\u00e7\u00f5es, com o objetivo de torn\u00e1-las mais aptas as diversas aplica\u00e7\u00f5es biotecnol\u00f3gicas. \u201cAs metodologias se baseiam na utiliza\u00e7\u00e3o da tecnologia do DNA recombinante, visando alterar a sequ\u00eancia primaria de um polipept\u00eddio com intuito de melhorar alguma propriedade f\u00edsico-qu\u00edmica ou fun\u00e7\u00e3o biol\u00f3gica\u201d, explicou Furtado.<\/p>\n<p style=\"text-align: justify;\">A palestra pretende promover o interc\u00e2mbio de conhecimento com os estudantes de p\u00f3s-gradua\u00e7\u00e3o. \u201cO conhecimento das diversas t\u00e9cnicas experimentais e computacionais existentes atualmente para se engendrar uma prote\u00edna, bem como as diversas aplica\u00e7\u00f5es resultantes desta abordagem, podem auxiliar o estudante de p\u00f3s-gradua\u00e7\u00e3o na realiza\u00e7\u00e3o de sua pesquisa, bem como em sua forma\u00e7\u00e3o acad\u00eamica\u201d, destacou.<\/p>\n<p style=\"text-align: justify;\"><strong>SOBRE O PALESTRANTE<\/strong><\/p>\n<p style=\"text-align: justify;\">Gilvan \u00e9 bacharel em Bioqu\u00edmica pela Universidade Federal de Vi\u00e7osa (2007), com mestrado e doutorado em Bioqu\u00edmica pela Faculdade de Medicina de Ribeir\u00e3o Preto. Atuou como bolsista de p\u00f3s-doutorado, na mesma institui\u00e7\u00e3o.<\/p>\n<p style=\"text-align: justify;\">Possui experi\u00eancia nas \u00e1reas de bioqu\u00edmica e biologia molecular, com \u00eanfase nas \u00e1reas de express\u00e3o recombinante e engenharia de prote\u00ednas. Trabalhou com evolu\u00e7\u00e3o dirigida de prote\u00ednas, cria\u00e7\u00e3o de enzimas quim\u00e9ricas multifuncionais, prospec\u00e7\u00e3o de ligantes via phage display e prote\u00f4mica.<\/p>\n<p style=\"text-align: justify;\">Atualmente \u00e9 pesquisador da Funda\u00e7\u00e3o Oswaldo Cruz no Cear\u00e1 (Fiocruz-Cear\u00e1) com interesse no desenvolvimento de anticorpos e enzimas com a\u00e7\u00e3o terap\u00eautica.<\/p>\n<p style=\"text-align: justify;\"><strong>CENTRO DE ESTUDOS<\/strong><\/p>\n<p style=\"text-align: justify;\">O Centro de Estudos do ILMD\/Fiocruz Amaz\u00f4nia \u00e9 um n\u00facleo que oportuniza encontros, palestras, semin\u00e1rios e debates sobre diversos temas ligados \u00e0 pesquisa e ao ensino para a promo\u00e7\u00e3o da sa\u00fade.<\/p>\n<p style=\"text-align: justify;\">Os eventos s\u00e3o gratuitos e ocorrem \u00e0s sextas-feiras. As atividades s\u00e3o destinadas a estudantes de gradua\u00e7\u00e3o e p\u00f3s-gradua\u00e7\u00e3o, pesquisadores, professores e trabalhadores da \u00e1rea da Sa\u00fade.<\/p>\n<h6 style=\"text-align: justify;\"><strong><em>ILMD\/Fiocruz Amaz\u00f4nia, por Eduardo Gomes<\/em><\/strong><\/h6>\n<h6 style=\"text-align: justify;\"><strong><em>Imagem: Mackesy Nascimento<\/em><\/strong><\/h6>\n<\/div><\/section>\n","protected":false},"excerpt":{"rendered":"<p>Abordagem pretende auxiliar estudantes de p\u00f3s-gradua\u00e7\u00e3o na realiza\u00e7\u00e3o de suas pesquisas, <\/p>\n","protected":false},"author":20,"featured_media":35434,"comment_status":"closed","ping_status":"closed","sticky":true,"template":"","format":"image","meta":{"footnotes":""},"categories":[15],"tags":[180,118,136,120,119,131,121,516,650],"class_list":["post-35418","post","type-post","status-publish","format-image","has-post-thumbnail","hentry","category-noticias","tag-biotecnologia","tag-centro-de-estudos","tag-fiocruz","tag-fiocruz-amazonia","tag-ilmd","tag-ilmdfiocruz-amazonia","tag-palestra","tag-proteinas","tag-proteomica","post_format-post-format-image"],"_links":{"self":[{"href":"https:\/\/amazonia.fiocruz.br\/index.php?rest_route=\/wp\/v2\/posts\/35418","targetHints":{"allow":["GET"]}}],"collection":[{"href":"https:\/\/amazonia.fiocruz.br\/index.php?rest_route=\/wp\/v2\/posts"}],"about":[{"href":"https:\/\/amazonia.fiocruz.br\/index.php?rest_route=\/wp\/v2\/types\/post"}],"author":[{"embeddable":true,"href":"https:\/\/amazonia.fiocruz.br\/index.php?rest_route=\/wp\/v2\/users\/20"}],"replies":[{"embeddable":true,"href":"https:\/\/amazonia.fiocruz.br\/index.php?rest_route=%2Fwp%2Fv2%2Fcomments&post=35418"}],"version-history":[{"count":2,"href":"https:\/\/amazonia.fiocruz.br\/index.php?rest_route=\/wp\/v2\/posts\/35418\/revisions"}],"predecessor-version":[{"id":35435,"href":"https:\/\/amazonia.fiocruz.br\/index.php?rest_route=\/wp\/v2\/posts\/35418\/revisions\/35435"}],"wp:featuredmedia":[{"embeddable":true,"href":"https:\/\/amazonia.fiocruz.br\/index.php?rest_route=\/wp\/v2\/media\/35434"}],"wp:attachment":[{"href":"https:\/\/amazonia.fiocruz.br\/index.php?rest_route=%2Fwp%2Fv2%2Fmedia&parent=35418"}],"wp:term":[{"taxonomy":"category","embeddable":true,"href":"https:\/\/amazonia.fiocruz.br\/index.php?rest_route=%2Fwp%2Fv2%2Fcategories&post=35418"},{"taxonomy":"post_tag","embeddable":true,"href":"https:\/\/amazonia.fiocruz.br\/index.php?rest_route=%2Fwp%2Fv2%2Ftags&post=35418"}],"curies":[{"name":"wp","href":"https:\/\/api.w.org\/{rel}","templated":true}]}}