{"id":35251,"date":"2021-10-20T17:48:09","date_gmt":"2021-10-20T21:48:09","guid":{"rendered":"https:\/\/amazonia.fiocruz.br\/?p=35251"},"modified":"2021-10-20T17:50:38","modified_gmt":"2021-10-20T21:50:38","slug":"congresso-interno-foi-tema-de-encontro-na-fiocruz-amazonia","status":"publish","type":"post","link":"https:\/\/amazonia.fiocruz.br\/?p=35251","title":{"rendered":"Congresso Interno foi tema de encontro na Fiocruz Amaz\u00f4nia"},"content":{"rendered":"<section class=\"av_textblock_section \"  itemscope=\"itemscope\" itemtype=\"https:\/\/schema.org\/BlogPosting\" itemprop=\"blogPost\" ><div class='avia_textblock  '   itemprop=\"text\" ><p style=\"text-align: justify;\">O Instituto Le\u00f4nidas &amp; Maria Deane (ILMD\/Fiocruz Amaz\u00f4nia) recebeu nesta quarta-feira, 20\/10, a visita da presidente da Fiocruz, N\u00edsia Trindade Lima. O IX Congresso Interno da Fiocruz foi a pauta do encontro com a comunidade Fiocruz Amaz\u00f4nia, que participou presencialmente no Sal\u00e3o Canoas, com p\u00fablico reduzido, e em transmiss\u00e3o para um p\u00fablico maior, de forma interativa, pelas plataformas Zoom e YouTube, no canal da Asfoc-SN.<\/p>\n<p style=\"text-align: justify;\">O lema deste Congresso Interno \u00e9\u00a0 <em>Desenvolvimento sustent\u00e1vel com equidade, sa\u00fade e democracia: a Fiocruz e os desafios para o SUS e a sa\u00fade global<\/em>, tem\u00e1tica que foi apresentada pela presidente da Fiocruz, que pontuou que esta edi\u00e7\u00e3o \u201c\u00e9 um Congresso do como fazer, com quais estrat\u00e9gias? Como contribuir para o fortalecimento do SUS? Como a Fiocruz pode reorganizar seus sistemas de CT&amp;I\u201d?<\/p>\n<p style=\"text-align: justify;\">O Congresso interno da Fiocruz teve sua primeira edi\u00e7\u00e3o em 1988, na gest\u00e3o de S\u00e9rgio Arouca. \u00c9 a inst\u00e2ncia m\u00e1xima de representa\u00e7\u00e3o institucional da Fiocruz e acontece sempre a cada quatro anos, ou seja, a cada nova gest\u00e3o, reunindo trabalhadores da Funda\u00e7\u00e3o. Sobre a edi\u00e7\u00e3o deste ano, diante das medidas sanit\u00e1rias de preven\u00e7\u00e3o e combate \u00e0 Covid-19, N\u00edsia Trindade Lima disse que o formato est\u00e1 sendo definido.<\/p>\n<p style=\"text-align: justify;\"><img decoding=\"async\" class=\"alignright size-square wp-image-35258\" src=\"https:\/\/amazonia.fiocruz.br\/wp-content\/uploads\/2021\/10\/visita03-180x180.jpg\" alt=\"\" width=\"180\" height=\"180\" srcset=\"https:\/\/amazonia.fiocruz.br\/wp-content\/uploads\/2021\/10\/visita03-180x180.jpg 180w, https:\/\/amazonia.fiocruz.br\/wp-content\/uploads\/2021\/10\/visita03-80x80.jpg 80w, https:\/\/amazonia.fiocruz.br\/wp-content\/uploads\/2021\/10\/visita03-36x36.jpg 36w\" sizes=\"(max-width: 180px) 100vw, 180px\" \/>\u201cN\u00f3s estamos ainda fazendo a avalia\u00e7\u00e3o do formato final do Congresso Interno, se ser\u00e1 misto e como ser\u00e1, ainda estamos fazendo essa avalia\u00e7\u00e3o, mas seja virtual, seja presencial, as discuss\u00f5es alimentadas pelos institutos, pelo seu corpo de dirigentes e conjunto de trabalhadores \u00e9 fundamental nesse momento. Estamos trazendo um documento que coloca quest\u00f5es bastante importantes e instigantes, mas vai ser no debate com a comunidade e aportes, que vir\u00e3o as sugest\u00f5es e de fato teremos o nosso documento base de discuss\u00e3o para o nosso Congresso Interno. Ent\u00e3o, o Congresso j\u00e1 est\u00e1 acontecendo, essa \u00e9 a principal mensagem e depende muito desse envolvimento e da participa\u00e7\u00e3o. A nossa expectativa \u00e9 de uma grande participa\u00e7\u00e3o de servidores, coerente com a resposta que a Fiocruz tem dado \u00e0 sociedade ao longo dos seus 120 anos e de uma maneira muito aguda nesses \u00faltimos anos pela crise que n\u00f3s estamos enfrentando\u201d, comentou a presidente.<\/p>\n<p style=\"text-align: justify;\"><img decoding=\"async\" class=\"alignleft wp-image-35260 \" src=\"https:\/\/amazonia.fiocruz.br\/wp-content\/uploads\/2021\/10\/visita04-2-180x180.jpg\" alt=\"\" width=\"158\" height=\"158\" srcset=\"https:\/\/amazonia.fiocruz.br\/wp-content\/uploads\/2021\/10\/visita04-2-180x180.jpg 180w, https:\/\/amazonia.fiocruz.br\/wp-content\/uploads\/2021\/10\/visita04-2-80x80.jpg 80w, https:\/\/amazonia.fiocruz.br\/wp-content\/uploads\/2021\/10\/visita04-2-36x36.jpg 36w\" sizes=\"(max-width: 158px) 100vw, 158px\" \/>Adele Schwartz Benzaken, diretora do ILMD\/Fiocruz Amaz\u00f4nia, falou do Movimento Preparat\u00f3rio da Unidade para o IX Congresso Interno da Fiocruz. \u201cEstamos com uma agenda de discuss\u00f5es, para a qual contamos com as contribui\u00e7\u00f5es e participa\u00e7\u00e3o de toda a Comunidade ILMD, para que no documento do Congresso Interno possam estar refletidas as quest\u00f5es amaz\u00f4nicas. Acho que essa visita da N\u00edsia Trindade s\u00f3 veio refor\u00e7ar que esse bra\u00e7o da Fiocruz, na nossa regi\u00e3o, \u00e9 muito importante, e para isso n\u00f3s precisamos que todos os colegas possam contribuir e participar dos nossos semin\u00e1rios internos\u201d, declarou.<\/p>\n<p style=\"text-align: justify;\">O Encontro tamb\u00e9m contou com a participa\u00e7\u00e3o de Jansen Medeiros, coordenador da Fiocruz Rond\u00f4nia, que falou das atividades dessa Unidade para discutir e abordar as teses do Congresso Interno. \u201cAl\u00e9m da distribui\u00e7\u00e3o dos temas individualmente para cada um se pronunciar, a gente fez um grupo de trabalho mais pr\u00f3ximo da dire\u00e7\u00e3o, que se re\u00fane semanalmente, para discutir as teses do Congresso Interno.\u00a0 Trabalhamos em duas frentes: uma mais pr\u00f3xima \u00e0 dire\u00e7\u00e3o e outra mais geral com toda a Comunidade Fiocruz Rond\u00f4nia. Nossa expectativa \u00e9 que alguns temas tenham um olhar para a Amaz\u00f4nia nas quest\u00f5es da vigil\u00e2ncia e das fronteiras, que s\u00e3o temas recorrentes da regi\u00e3o, e que sempre os colocamos como prioridade\u201d, comentou.<\/p>\n<p><img decoding=\"async\" class=\"aligncenter wp-image-35261 size-portfolio\" src=\"https:\/\/amazonia.fiocruz.br\/wp-content\/uploads\/2021\/10\/visita02-495x400.jpg\" alt=\"\" width=\"495\" height=\"400\" \/><\/p>\n<p style=\"text-align: justify;\"><strong>MOVIMENTO PREPARAT\u00d3RIO<\/strong><\/p>\n<p style=\"text-align: justify;\">O ILMD\/Fiocruz Amaz\u00f4nia estabeleceu o Movimento Preparat\u00f3rio para o IX Congresso Interno, uma agenda propositiva de atividades para discutir e apreciar as teses propostas no Documento Refer\u00eancia, aprovado pelo Conselho Deliberativo da Fiocruz, no dia 1\u00ba de outubro deste ano.<\/p>\n<p style=\"text-align: justify;\">Participaram presencialmente do Encontro com a presidente da Fiocruz, os vice-diretores de Pesquisa e Inova\u00e7\u00e3o, \u00a0de Gest\u00e3o e Desenvolvimento Institucional, e de Ensino, Informa\u00e7\u00e3o e Comunica\u00e7\u00e3o, chefes de laborat\u00f3rios, \u00a0e chefes de setores do ILMD\/Fiocruz Amaz\u00f4nia.<\/p>\n<p style=\"text-align: justify;\">Saiba mais sobre esta edi\u00e7\u00e3o do Congresso Interno da Fiocruz, <a href=\"https:\/\/congressointerno.fiocruz.br\/\" target=\"_blank\" rel=\"noopener\">AQUI<\/a>.<\/p>\n<p style=\"text-align: justify;\">A visita de N\u00edsia Trindade Lima ao ILMD\/Fiocruz Amaz\u00f4nia se estende at\u00e9 amanh\u00e3, 21\/10, com reuni\u00e3o com gestores de institui\u00e7\u00f5es parceiras e parlamentares que designaram emendas para a\u00e7\u00f5es de pesquisa da Fiocruz Amaz\u00f4nia.<\/p>\n<h6><strong><em>ILMD\/Fiocruz Amaz\u00f4nia, por Marl\u00facia Seixas<\/em><\/strong><\/h6>\n<h6><strong><em>Fotos: Eduardo Gomes<\/em><\/strong><\/h6>\n<\/div><\/section>\n","protected":false},"excerpt":{"rendered":"<p>O lema deste Congresso Interno \u00e9 Desenvolvimento sustent\u00e1vel com equidade, sa\u00fade e democracia: a Fiocruz e os desafios para o SUS e a sa\u00fade global.<\/p>\n","protected":false},"author":26,"featured_media":35252,"comment_status":"closed","ping_status":"closed","sticky":true,"template":"","format":"image","meta":{"footnotes":""},"categories":[15],"tags":[136,120,119,1075,342],"class_list":["post-35251","post","type-post","status-publish","format-image","has-post-thumbnail","hentry","category-noticias","tag-fiocruz","tag-fiocruz-amazonia","tag-ilmd","tag-ix-congresso-interno-da-fiocruz","tag-nisia-trindade-lima","post_format-post-format-image"],"_links":{"self":[{"href":"https:\/\/amazonia.fiocruz.br\/index.php?rest_route=\/wp\/v2\/posts\/35251","targetHints":{"allow":["GET"]}}],"collection":[{"href":"https:\/\/amazonia.fiocruz.br\/index.php?rest_route=\/wp\/v2\/posts"}],"about":[{"href":"https:\/\/amazonia.fiocruz.br\/index.php?rest_route=\/wp\/v2\/types\/post"}],"author":[{"embeddable":true,"href":"https:\/\/amazonia.fiocruz.br\/index.php?rest_route=\/wp\/v2\/users\/26"}],"replies":[{"embeddable":true,"href":"https:\/\/amazonia.fiocruz.br\/index.php?rest_route=%2Fwp%2Fv2%2Fcomments&post=35251"}],"version-history":[{"count":4,"href":"https:\/\/amazonia.fiocruz.br\/index.php?rest_route=\/wp\/v2\/posts\/35251\/revisions"}],"predecessor-version":[{"id":35272,"href":"https:\/\/amazonia.fiocruz.br\/index.php?rest_route=\/wp\/v2\/posts\/35251\/revisions\/35272"}],"wp:featuredmedia":[{"embeddable":true,"href":"https:\/\/amazonia.fiocruz.br\/index.php?rest_route=\/wp\/v2\/media\/35252"}],"wp:attachment":[{"href":"https:\/\/amazonia.fiocruz.br\/index.php?rest_route=%2Fwp%2Fv2%2Fmedia&parent=35251"}],"wp:term":[{"taxonomy":"category","embeddable":true,"href":"https:\/\/amazonia.fiocruz.br\/index.php?rest_route=%2Fwp%2Fv2%2Fcategories&post=35251"},{"taxonomy":"post_tag","embeddable":true,"href":"https:\/\/amazonia.fiocruz.br\/index.php?rest_route=%2Fwp%2Fv2%2Ftags&post=35251"}],"curies":[{"name":"wp","href":"https:\/\/api.w.org\/{rel}","templated":true}]}}