{"id":34787,"date":"2021-08-25T17:06:09","date_gmt":"2021-08-25T21:06:09","guid":{"rendered":"https:\/\/amazonia.fiocruz.br\/?p=34787"},"modified":"2021-08-25T17:12:42","modified_gmt":"2021-08-25T21:12:42","slug":"divulgada-a-lista-dos-selecionados-para-a-oficina-ouvirciencia","status":"publish","type":"post","link":"https:\/\/amazonia.fiocruz.br\/?p=34787","title":{"rendered":"Divulgada a lista dos selecionados para a oficina \u201cOuvirCi\u00eancia\u201d"},"content":{"rendered":"<section class=\"av_textblock_section \"  itemscope=\"itemscope\" itemtype=\"https:\/\/schema.org\/BlogPosting\" itemprop=\"blogPost\" ><div class='avia_textblock  '   itemprop=\"text\" ><p style=\"text-align: justify;\">O Instituto Le\u00f4nidas &amp; Maria Deane (ILMD\/Fiocruz Amaz\u00f4nia) divulga os nomes dos selecionados a participarem da oficina \u201cOuvirCi\u00eancia\u201d, que acontecer\u00e1 amanh\u00e3, 26\/8, das 14h \u00e0s 17h, pelo <em>Google Meet<\/em>.<\/p>\n<p style=\"text-align: justify;\">Acesso \u00e0 Oficina ser\u00e1 pelo <em>link <\/em>\u00a0<a href=\"https:\/\/meet.google.com\/yes-zzgj-uui\">https:\/\/meet.google.com\/yes-zzgj-uui<\/a>, ou disque: \u202a(US) +1 302-440-5320 PIN: \u202a467 588 176#<\/p>\n<p style=\"text-align: justify;\">A oficina \u201cOuvirCi\u00eancia\u201d ser\u00e1 ministrada por Cristiane Barbosa, professora e jornalista, doutora em Ci\u00eancias da Informa\u00e7\u00e3o.<\/p>\n<p style=\"text-align: justify;\">A atividade integra a Semana Nacional de Ci\u00eancia e Tecnologia (SNCT) no ILMD\/Fiocruz Amaz\u00f4nia. O tema da SNCT deste ano \u00e9 <em>A transversalidade da ci\u00eancia, tecnologia e inova\u00e7\u00f5es para o planeta<\/em>.<\/p>\n<p><strong>Nomes dos selecionados:<\/strong><\/p>\n<ol>\n<li>Camila Araujo da Silva<\/li>\n<li>Carlos Augusto da Silva Ara\u00fajo J\u00fanior<\/li>\n<li>Caroline dos Santos Gonzaga<\/li>\n<li>Cleudecir Siqueira Portela<\/li>\n<li>Cl\u00e9o de Moraes F\u00e9lix<\/li>\n<li>De Angelo Silva da Cruz<\/li>\n<li>Felipe Nery Saldanha Braga<\/li>\n<li>Francielle Costa de Souza Barros<\/li>\n<li>Frank Wyllys Cabral Lira<\/li>\n<li>Jaqueline Luvisotto Marinho<\/li>\n<li>Jesse Moraes de Oliveira<\/li>\n<li>Jo\u00e3o Vitor Santos Nobre<\/li>\n<li>Laura Consulmagnos David<\/li>\n<li>Lorena Rosa Xavier<\/li>\n<li>Manoel Bernardes de Lara Junior<\/li>\n<li>Marcilio Sandro de Medeiros<\/li>\n<li>Raniele Alana Lima Alves<\/li>\n<li>Takeshi Matsuura<\/li>\n<li>Thamyres Macedo do Nascimento<\/li>\n<li>Vicente Mendes da Silva Junior<\/li>\n<\/ol>\n<h6><\/h6>\n<h6><em><strong>ILMD\/Fiocruz Amaz\u00f4nia, por Marl\u00facia Seixas<\/strong><\/em><\/h6>\n<h6><em><strong>Arte: Mackesy Nascimento<\/strong><\/em><\/h6>\n<\/div><\/section>\n","protected":false},"excerpt":{"rendered":"<p>A atividade integra a Semana Nacional de Ci\u00eancia e Tecnologia (SNCT) no ILMD\/Fiocruz Amaz\u00f4nia.<\/p>\n","protected":false},"author":26,"featured_media":34788,"comment_status":"closed","ping_status":"closed","sticky":true,"template":"","format":"image","meta":{"footnotes":""},"categories":[15],"tags":[120,119,202,1048,437],"class_list":["post-34787","post","type-post","status-publish","format-image","has-post-thumbnail","hentry","category-noticias","tag-fiocruz-amazonia","tag-ilmd","tag-oficina","tag-ouvirciencia","tag-snct","post_format-post-format-image"],"_links":{"self":[{"href":"https:\/\/amazonia.fiocruz.br\/index.php?rest_route=\/wp\/v2\/posts\/34787","targetHints":{"allow":["GET"]}}],"collection":[{"href":"https:\/\/amazonia.fiocruz.br\/index.php?rest_route=\/wp\/v2\/posts"}],"about":[{"href":"https:\/\/amazonia.fiocruz.br\/index.php?rest_route=\/wp\/v2\/types\/post"}],"author":[{"embeddable":true,"href":"https:\/\/amazonia.fiocruz.br\/index.php?rest_route=\/wp\/v2\/users\/26"}],"replies":[{"embeddable":true,"href":"https:\/\/amazonia.fiocruz.br\/index.php?rest_route=%2Fwp%2Fv2%2Fcomments&post=34787"}],"version-history":[{"count":2,"href":"https:\/\/amazonia.fiocruz.br\/index.php?rest_route=\/wp\/v2\/posts\/34787\/revisions"}],"predecessor-version":[{"id":34791,"href":"https:\/\/amazonia.fiocruz.br\/index.php?rest_route=\/wp\/v2\/posts\/34787\/revisions\/34791"}],"wp:featuredmedia":[{"embeddable":true,"href":"https:\/\/amazonia.fiocruz.br\/index.php?rest_route=\/wp\/v2\/media\/34788"}],"wp:attachment":[{"href":"https:\/\/amazonia.fiocruz.br\/index.php?rest_route=%2Fwp%2Fv2%2Fmedia&parent=34787"}],"wp:term":[{"taxonomy":"category","embeddable":true,"href":"https:\/\/amazonia.fiocruz.br\/index.php?rest_route=%2Fwp%2Fv2%2Fcategories&post=34787"},{"taxonomy":"post_tag","embeddable":true,"href":"https:\/\/amazonia.fiocruz.br\/index.php?rest_route=%2Fwp%2Fv2%2Ftags&post=34787"}],"curies":[{"name":"wp","href":"https:\/\/api.w.org\/{rel}","templated":true}]}}