{"id":34776,"date":"2021-08-25T09:57:15","date_gmt":"2021-08-25T13:57:15","guid":{"rendered":"https:\/\/amazonia.fiocruz.br\/?p=34776"},"modified":"2021-08-25T09:57:15","modified_gmt":"2021-08-25T13:57:15","slug":"variante-delta-e-a-situacao-do-sus-na-pandemia-foi-tema-de-audiencia-interativa","status":"publish","type":"post","link":"https:\/\/amazonia.fiocruz.br\/?p=34776","title":{"rendered":"Variante Delta e a situa\u00e7\u00e3o do SUS na pandemia foi tema de audi\u00eancia interativa"},"content":{"rendered":"<section class=\"av_textblock_section \"  itemscope=\"itemscope\" itemtype=\"https:\/\/schema.org\/BlogPosting\" itemprop=\"blogPost\" ><div class='avia_textblock  '   itemprop=\"text\" ><p style=\"text-align: justify;\">A Comiss\u00e3o Externa da C\u00e2mara dos Deputados Destinada a Acompanhar o Enfrentamento \u00e0 Pandemia \u00e0 Covid-19 no Brasil (Cexcorvi ) realizou ontem, 24\/8, audi\u00eancia interativa para debater a <em>Variante Delta do Coronav\u00edrus e a Situa\u00e7\u00e3o Atual do SUS Perante a Pandemia<\/em>, uma iniciativa da Deputada Carmen Zanotto.<\/p>\n<p style=\"text-align: justify;\">Foram convidados para a audi\u00eancia representantes do Minist\u00e9rio da Sa\u00fade (MS), do Conselho Nacional de Secret\u00e1rios de Sa\u00fade (Conass), Conselho Nacional de Secretarias Municipais de Sa\u00fade (Conasems) e Funda\u00e7\u00e3o Oswaldo Cruz (Fiocruz). O Vice-diretor de Pesquisa e Inova\u00e7\u00e3o do Instituto Le\u00f4nidas &amp; Maria Deane (ILMD\/Fiocruz Amaz\u00f4nia), Felipe Naveca, representou a Funda\u00e7\u00e3o no encontro.<\/p>\n<p style=\"text-align: justify;\">Em sua apresenta\u00e7\u00e3o Naveca falou da import\u00e2ncia da vigil\u00e2ncia e do sequenciamento gen\u00e9tico do SARS-CoV-2 circulante no pa\u00eds, bem como destacou a a\u00e7\u00e3o de rastreio de variantes e treinamento de equipes de sa\u00fade no Alto Solim\u00f5es, regi\u00e3o da tr\u00edplice fronteira Brasil, Peru e Col\u00f4mbia.<\/p>\n<p style=\"text-align: justify;\">O pesquisador disse ainda que a variante Delta \u00e9 uma variante de preocupa\u00e7\u00e3o e se apresenta no pa\u00eds num cen\u00e1rio de m\u00faltiplas introdu\u00e7\u00f5es. \u201cA Gamma continua sendo dominante no Brasil e com um processo evolutivo em franca expans\u00e3o, principalmente, as linhagens P.1.4 e P.1.6\u201d, revelou.<\/p>\n<p style=\"text-align: justify;\">A a\u00e7\u00e3o na tr\u00edplice fronteira \u00e9 uma a\u00e7\u00e3o do ILMD\/Fiocruz Amaz\u00f4nia realizada com apoio do Programa Unidos Contra a Covid-19 da Fiocruz, e em parcerias com a\u00a0 Funda\u00e7\u00e3o de Vigil\u00e2ncia em Sa\u00fade do Amazonas (FVS\/AM), Laborat\u00f3rio de Fronteira (Lafron), secretarias de Sa\u00fade do Estado do Amazonas \u00a0e dos Munic\u00edpios de Tabatinga, Benjamin Constant e Atalaia do Norte, e do Conselho dos Secret\u00e1rios Municipais de Sa\u00fade do Amazonas (Cosems-AM).<\/p>\n<p style=\"text-align: justify;\">Os demais convidados para a audi\u00eancia interativa da Cexcorvi foram Rosana Leite de Melo (secret\u00e1ria Extraordin\u00e1ria de Enfrentamento \u00e0 Covid-19, do MS), Fernando Campos Avendanho (Conass) e\u00a0 Alessandro Aldrin (Conasems).<\/p>\n<h6><em><strong>ILMD\/Fiocruz Amaz\u00f4nia, por Marl\u00facia Seixas<\/strong><\/em><\/h6>\n<\/div><\/section>\n","protected":false},"excerpt":{"rendered":"<p>A Cexcorvi  realizou em 24\/8 audi\u00eancia interativa para debater a Variante Delta do Coronav\u00edrus e a Situa\u00e7\u00e3o Atual do SUS Perante a Pandemia.<\/p>\n","protected":false},"author":26,"featured_media":34777,"comment_status":"closed","ping_status":"closed","sticky":true,"template":"","format":"image","meta":{"footnotes":""},"categories":[15],"tags":[1044,1045,871,1046,873],"class_list":["post-34776","post","type-post","status-publish","format-image","has-post-thumbnail","hentry","category-noticias","tag-audiencia-interativa","tag-camara-dos-deputados","tag-covid-19","tag-delta","tag-sars-cov-2","post_format-post-format-image"],"_links":{"self":[{"href":"https:\/\/amazonia.fiocruz.br\/index.php?rest_route=\/wp\/v2\/posts\/34776","targetHints":{"allow":["GET"]}}],"collection":[{"href":"https:\/\/amazonia.fiocruz.br\/index.php?rest_route=\/wp\/v2\/posts"}],"about":[{"href":"https:\/\/amazonia.fiocruz.br\/index.php?rest_route=\/wp\/v2\/types\/post"}],"author":[{"embeddable":true,"href":"https:\/\/amazonia.fiocruz.br\/index.php?rest_route=\/wp\/v2\/users\/26"}],"replies":[{"embeddable":true,"href":"https:\/\/amazonia.fiocruz.br\/index.php?rest_route=%2Fwp%2Fv2%2Fcomments&post=34776"}],"version-history":[{"count":1,"href":"https:\/\/amazonia.fiocruz.br\/index.php?rest_route=\/wp\/v2\/posts\/34776\/revisions"}],"predecessor-version":[{"id":34778,"href":"https:\/\/amazonia.fiocruz.br\/index.php?rest_route=\/wp\/v2\/posts\/34776\/revisions\/34778"}],"wp:featuredmedia":[{"embeddable":true,"href":"https:\/\/amazonia.fiocruz.br\/index.php?rest_route=\/wp\/v2\/media\/34777"}],"wp:attachment":[{"href":"https:\/\/amazonia.fiocruz.br\/index.php?rest_route=%2Fwp%2Fv2%2Fmedia&parent=34776"}],"wp:term":[{"taxonomy":"category","embeddable":true,"href":"https:\/\/amazonia.fiocruz.br\/index.php?rest_route=%2Fwp%2Fv2%2Fcategories&post=34776"},{"taxonomy":"post_tag","embeddable":true,"href":"https:\/\/amazonia.fiocruz.br\/index.php?rest_route=%2Fwp%2Fv2%2Ftags&post=34776"}],"curies":[{"name":"wp","href":"https:\/\/api.w.org\/{rel}","templated":true}]}}