{"id":34746,"date":"2021-08-20T09:48:06","date_gmt":"2021-08-20T13:48:06","guid":{"rendered":"https:\/\/amazonia.fiocruz.br\/?p=34746"},"modified":"2021-08-20T09:58:13","modified_gmt":"2021-08-20T13:58:13","slug":"inscricoes-para-oficinas-de-divulgacao-cientifica-podem-ser-feitas-ate-o-dia-22-8","status":"publish","type":"post","link":"https:\/\/amazonia.fiocruz.br\/?p=34746","title":{"rendered":"Inscri\u00e7\u00f5es para oficinas de divulga\u00e7\u00e3o cient\u00edfica podem ser feitas at\u00e9 o dia 22\/8"},"content":{"rendered":"<section class=\"av_textblock_section \"  itemscope=\"itemscope\" itemtype=\"https:\/\/schema.org\/BlogPosting\" itemprop=\"blogPost\" ><div class='avia_textblock  '   itemprop=\"text\" ><p style=\"text-align: justify;\">Prorrogadas as inscri\u00e7\u00f5es para o <em>Projeto Ci\u00eanciaPop On-line: Fiocruz Amaz\u00f4nia na SNCT 2021<\/em>, do Instituto Le\u00f4nidas &amp; Maria Deane (ILMD\/Fiocruz Amaz\u00f4nia). A a\u00e7\u00e3o oferece duas oficinas: DigiCi\u00eancia (de v\u00eddeos digitais para divulgar ci\u00eancia) e OuvirCi\u00eancia (de cria\u00e7\u00e3o de <em>podcasts<\/em> para divulga\u00e7\u00e3o de pesquisas).<\/p>\n<p style=\"text-align: justify;\">As atividades marcam no Instituto o in\u00edcio da Semana Nacional de Ci\u00eancia e Tecnologia (SNCT), do Minist\u00e9rio da Ci\u00eancia, Tecnologia, Inova\u00e7\u00f5es e Comunica\u00e7\u00f5es (MCTIC), cujo tema deste ano \u00e9 <em>A transversalidade da ci\u00eancia, tecnologia e inova\u00e7\u00f5es para o planeta<\/em>. Diante do contexto de pandemia, o ILMD\/Fiocruz Amaz\u00f4nia vai realizar as atividades de divulga\u00e7\u00e3o e populariza\u00e7\u00e3o cient\u00edfica, no formato digital.<\/p>\n<p style=\"text-align: justify;\">O Projeto pretende promover treinamento e socializa\u00e7\u00e3o de ferramentas tecnol\u00f3gicas para que bolsistas de inicia\u00e7\u00e3o cient\u00edfica, alunos de p\u00f3s-gradua\u00e7\u00e3o e pesquisadores interessados possam divulgar pesquisa cient\u00edfica nas m\u00eddias digitais.<\/p>\n<p style=\"text-align: justify;\">As inscri\u00e7\u00f5es v\u00e3o at\u00e9 o dia 22\/8\/2021, via campus virtual.\u00a0 A lista com os nomes dos selecionados ser\u00e1 divulgada no dia 23\/8.<\/p>\n<p style=\"text-align: justify;\">A oficina \u201cDigiCi\u00eancia\u201d ocorrer\u00e1 no dia, 24\/8, (14h \u00e0s 17h), a ser ministrada por R\u00f4mulo Ara\u00fajo, jornalista, especialista em Design, Comunica\u00e7\u00e3o e Multim\u00eddia e em Divulga\u00e7\u00e3o e Jornalismo Cient\u00edfico em Sa\u00fade e Ambiente na Amaz\u00f4nia.<\/p>\n<p style=\"text-align: justify;\">A oficina \u201cOuvirCi\u00eancia\u201d ser\u00e1 ministrada por Cristiane Barbosa, professora e jornalista, doutora em Ci\u00eancias da Informa\u00e7\u00e3o, no dia 26\/8, (14h \u00e0s 17h).<\/p>\n<p style=\"text-align: justify;\">Para inscri\u00e7\u00e3o, clique na oficina:<\/p>\n<p style=\"text-align: justify;\"><a href=\"https:\/\/campusvirtual.fiocruz.br\/gestordecursos\/hotsite\/digiciencia\" target=\"_blank\" rel=\"noopener\">Digici\u00eancia<\/a><\/p>\n<p style=\"text-align: justify;\"><a href=\"https:\/\/campusvirtual.fiocruz.br\/gestordecursos\/hotsite\/ouvirciencia\" target=\"_blank\" rel=\"noopener\">Ouvirci\u00eancia<\/a><\/p>\n<p style=\"text-align: justify;\">O Projeto vai beneficiar estudantes e pesquisadores, al\u00e9m de professores da P\u00f3s-Gradua\u00e7\u00e3o do ILMD\/Fiocruz Amaz\u00f4nia. Os v\u00eddeos produzidos pelos participantes podem ser disponibilizados nas m\u00eddias sociais digitais da institui\u00e7\u00e3o, apresentados em eventos cient\u00edficos e distribu\u00eddos a parceiros e interessados.<\/p>\n<p style=\"text-align: justify;\">As oficinas se prop\u00f5em a realizar treinamento, por meio de atividades te\u00f3ricas e pr\u00e1ticas, ministradas e conduzidas por um profissional especialista nesta \u00e1rea, oportunizando que os participantes produzam materiais, preferencialmente sobre a pandemia da Covid-19 e outras infec\u00e7\u00f5es virais (Zika, Dengue, Chikungunya).<\/p>\n<h6><em><strong>ILMD\/Fiocruz Amaz\u00f4nia, por Marl\u00facia Seixas<\/strong><\/em><\/h6>\n<h6><em><strong>Arte: Mackesy Nascimento<\/strong><\/em><\/h6>\n<\/div><\/section>\n","protected":false},"excerpt":{"rendered":"<p>As atividades s\u00e3o para bolsistas de inicia\u00e7\u00e3o cient\u00edfica, alunos de p\u00f3s-gradua\u00e7\u00e3o e pesquisadores interessados.<\/p>\n","protected":false},"author":26,"featured_media":34747,"comment_status":"closed","ping_status":"closed","sticky":true,"template":"","format":"image","meta":{"footnotes":""},"categories":[15],"tags":[129,120,119,1040,437],"class_list":["post-34746","post","type-post","status-publish","format-image","has-post-thumbnail","hentry","category-noticias","tag-divulgacao-cientifica","tag-fiocruz-amazonia","tag-ilmd","tag-oficinas","tag-snct","post_format-post-format-image"],"_links":{"self":[{"href":"https:\/\/amazonia.fiocruz.br\/index.php?rest_route=\/wp\/v2\/posts\/34746","targetHints":{"allow":["GET"]}}],"collection":[{"href":"https:\/\/amazonia.fiocruz.br\/index.php?rest_route=\/wp\/v2\/posts"}],"about":[{"href":"https:\/\/amazonia.fiocruz.br\/index.php?rest_route=\/wp\/v2\/types\/post"}],"author":[{"embeddable":true,"href":"https:\/\/amazonia.fiocruz.br\/index.php?rest_route=\/wp\/v2\/users\/26"}],"replies":[{"embeddable":true,"href":"https:\/\/amazonia.fiocruz.br\/index.php?rest_route=%2Fwp%2Fv2%2Fcomments&post=34746"}],"version-history":[{"count":5,"href":"https:\/\/amazonia.fiocruz.br\/index.php?rest_route=\/wp\/v2\/posts\/34746\/revisions"}],"predecessor-version":[{"id":34755,"href":"https:\/\/amazonia.fiocruz.br\/index.php?rest_route=\/wp\/v2\/posts\/34746\/revisions\/34755"}],"wp:featuredmedia":[{"embeddable":true,"href":"https:\/\/amazonia.fiocruz.br\/index.php?rest_route=\/wp\/v2\/media\/34747"}],"wp:attachment":[{"href":"https:\/\/amazonia.fiocruz.br\/index.php?rest_route=%2Fwp%2Fv2%2Fmedia&parent=34746"}],"wp:term":[{"taxonomy":"category","embeddable":true,"href":"https:\/\/amazonia.fiocruz.br\/index.php?rest_route=%2Fwp%2Fv2%2Fcategories&post=34746"},{"taxonomy":"post_tag","embeddable":true,"href":"https:\/\/amazonia.fiocruz.br\/index.php?rest_route=%2Fwp%2Fv2%2Ftags&post=34746"}],"curies":[{"name":"wp","href":"https:\/\/api.w.org\/{rel}","templated":true}]}}