{"id":34730,"date":"2021-08-19T15:44:57","date_gmt":"2021-08-19T19:44:57","guid":{"rendered":"https:\/\/amazonia.fiocruz.br\/?p=34730"},"modified":"2021-08-19T16:43:28","modified_gmt":"2021-08-19T20:43:28","slug":"fiocruz-amazonia-completa-27-anos-em-manaus","status":"publish","type":"post","link":"https:\/\/amazonia.fiocruz.br\/?p=34730","title":{"rendered":"Fiocruz Amaz\u00f4nia completa 27 anos em Manaus"},"content":{"rendered":"<section class=\"av_textblock_section \"  itemscope=\"itemscope\" itemtype=\"https:\/\/schema.org\/BlogPosting\" itemprop=\"blogPost\" ><div class='avia_textblock  '   itemprop=\"text\" ><p style=\"text-align: justify;\">Institu\u00eddo por meio da Portaria Fiocruz n\u00ba 195, de 19 de agosto de 1994, o Instituto Le\u00f4nidas &amp; Maria Deane (ILMD\/Fiocruz Amaz\u00f4nia) completa nesta quinta-feira, 19\/8, 27 anos. Este ano, a data \u00e9 marcada pelo reconhecimento p\u00fablico da import\u00e2ncia da ci\u00eancia e tecnologia para a supera\u00e7\u00e3o dos desafios que afligem a humanidade.<\/p>\n<p style=\"text-align: justify;\">Ao longo desses anos, o ILMD\/Fiocruz Amaz\u00f4nia segue firme no cumprimento de sua miss\u00e3o de <em>Contribuir para a melhoria das condi\u00e7\u00f5es de vida e sa\u00fade das popula\u00e7\u00f5es amaz\u00f4nicas e para o desenvolvimento cient\u00edfico e tecnol\u00f3gico regional, integrando a pesquisa, a educa\u00e7\u00e3o e a\u00e7\u00f5es de sa\u00fade p\u00fablica<\/em>, especialmente diante da crise sanit\u00e1ria causada pela Covid-19 que tanto exige da ci\u00eancia, dos pesquisadores, das institui\u00e7\u00f5es, do poder p\u00fablico e da sociedade.<\/p>\n<p style=\"text-align: justify;\">Ao completar 27 anos, uma nova dire\u00e7\u00e3o assume a institui\u00e7\u00e3o, para o quadri\u00eanio 2021-2025, tendo \u00e0 frente a pesquisadora Adele Schwartz Benzaken, conduzida ao cargo em solenidade ocorrida na \u00faltima segunda-feira, 16\/8.<\/p>\n<p style=\"text-align: justify;\">\u201cNa semana do anivers\u00e1rio assumo a institui\u00e7\u00e3o como diretora e agrade\u00e7o a confian\u00e7a da indica\u00e7\u00e3o e daqueles que votaram no meu nome para represent\u00e1-los. O cen\u00e1rio de pandemia que vivemos espalha dor e sofrimento, mas tamb\u00e9m aprendizado e sabedoria. Iniciamos aqui um novo ciclo no qual buscaremos atuar de forma sin\u00e9rgica com pesquisadores e institui\u00e7\u00f5es, para otimizar os parcos recursos dispon\u00edveis em um momento desafiador, mas estimulante para a pesquisa\u201d, disse a diretora do ILMD\/Fiocruz Amaz\u00f4nia.<\/p>\n<p><img decoding=\"async\" class=\"aligncenter wp-image-34731 \" src=\"https:\/\/amazonia.fiocruz.br\/wp-content\/uploads\/2021\/08\/Historico.png\" alt=\"\" width=\"534\" height=\"310\" srcset=\"https:\/\/amazonia.fiocruz.br\/wp-content\/uploads\/2021\/08\/Historico.png 705w, https:\/\/amazonia.fiocruz.br\/wp-content\/uploads\/2021\/08\/Historico-300x174.png 300w\" sizes=\"(max-width: 534px) 100vw, 534px\" \/><\/p>\n<p style=\"text-align: justify;\"><strong>HIST\u00d3RICO<\/strong><\/p>\n<p style=\"text-align: justify;\">Antes da cria\u00e7\u00e3o oficial do ILMD\/Fiocruz Amaz\u00f4nia v\u00e1rias articula\u00e7\u00f5es foram feitas para a implanta\u00e7\u00e3o de uma unidade da Funda\u00e7\u00e3o Oswaldo Cruz na Amaz\u00f4nia, dentre essas se destaca a assinatura de um conv\u00eanio entre a Fiocruz, o Governo do Estado do Amazonas e a Universidade Federal do Amazonas, em 21 de janeiro de 1994,\u00a0 e a realiza\u00e7\u00e3o do Semin\u00e1rio Interdisciplinar \u201cOs Caminhos da Pesquisa em S\u00f3cio Biodiversidade na Amaz\u00f4nia: Contribui\u00e7\u00e3o da Ci\u00eancia e da Tecnologia para a Constru\u00e7\u00e3o de um Novo Espa\u00e7o Regional\u201d, ocorrido em Manaus no per\u00edodo de 25 a 27 de abril de 1994.<\/p>\n<p style=\"text-align: justify;\">Na apresenta\u00e7\u00e3o do Relat\u00f3rio Final desse Semin\u00e1rio foi apontado o lan\u00e7amento oficial do projeto de implanta\u00e7\u00e3o de um Centro de Pesquisas da Fiocruz em Manaus, a ser denominado \u201cCentro de Pesquisas Le\u00f4nidas e Maria Deane\u201d.<\/p>\n<p style=\"text-align: justify;\">Inicialmente, a unidade da Fiocruz na Amaz\u00f4nia foi instalada nas depend\u00eancias do ent\u00e3o Instituto de Medicina Tropical de Manaus, hoje Funda\u00e7\u00e3o de Medicina Tropical Doutor Heitor Vieira Dourado (FMT-HVD) e sua dire\u00e7\u00e3o ficou a cargo do m\u00e9dico Marcus Barros.<\/p>\n<p style=\"text-align: justify;\">A atual sede institucional foi inaugurada em 2002, na Rua Teresina, bairro Adrian\u00f3polis.<\/p>\n<p><img decoding=\"async\" class=\"aligncenter wp-image-34732\" src=\"https:\/\/amazonia.fiocruz.br\/wp-content\/uploads\/2021\/08\/Arquivo-COC_FIOCRUZ.jpg\" alt=\"\" width=\"488\" height=\"330\" srcset=\"https:\/\/amazonia.fiocruz.br\/wp-content\/uploads\/2021\/08\/Arquivo-COC_FIOCRUZ.jpg 479w, https:\/\/amazonia.fiocruz.br\/wp-content\/uploads\/2021\/08\/Arquivo-COC_FIOCRUZ-300x203.jpg 300w\" sizes=\"(max-width: 488px) 100vw, 488px\" \/><\/p>\n<p style=\"text-align: justify;\"><strong>LE\u00d4NIDAS E MARIA DEANE<\/strong><\/p>\n<p style=\"text-align: justify;\">O nome do Instituto \u00e9 uma homenagem e reconhecimento \u00e0 dedica\u00e7\u00e3o \u00e0 sa\u00fade p\u00fablica no Brasil, principalmente na Amaz\u00f4nia, dos cientistas Le\u00f4nidas de Mello Deane e Maria Jos\u00e9 Von Paumgartten Deane.<\/p>\n<p style=\"text-align: justify;\">A trajet\u00f3ria de Le\u00f4nidas e Maria na ci\u00eancia teve in\u00edcio na Faculdade de Medicina e Cirurgia do Par\u00e1, onde se formaram. Ambos ocuparam diversos cargos em institui\u00e7\u00f5es renomadas do Brasil e do mundo, entre elas o Instituto Oswaldo Cruz (IOC).<\/p>\n<p style=\"text-align: justify;\">Le\u00f4nidas aprofundou seus estudos em microbiologia, e Maria estudou endemia. A parasitologia entrou na vida dos dois por meio da atua\u00e7\u00e3o no Instituto de Patologia Experimental do Norte, atual Instituto Evandro Chagas.<\/p>\n<p style=\"text-align: justify;\">O casal n\u00e3o media esfor\u00e7os para o combate \u00e0s endemias, tornando-se fundamentais no combate \u00e0 mal\u00e1ria, filariose, leishmaniose visceral, verminose e leptospirose, viajando por todo Norte e Nordeste para ministrar palestras e orientar a popula\u00e7\u00e3o sobre saneamento b\u00e1sico.<\/p>\n<p style=\"text-align: justify;\">Considerado um dos maiores malariologistas do mundo, Le\u00f4nidas Deane confirmou, em 1967, a reintrodu\u00e7\u00e3o no Brasil do vetor da febre amarela e da dengue, o mosquito Aedes aegypti. Deane percorreu o Pa\u00eds em campanhas de controle da mal\u00e1ria e realizou a primeira experi\u00eancia de campo sobre o controle desta mol\u00e9stia pela administra\u00e7\u00e3o exclusiva de uma droga. Participou ainda da campanha pela erradica\u00e7\u00e3o do <em>Anopheles gambiae,<\/em> um dos mosquitos transmissores da mal\u00e1ria, no Nordeste.<\/p>\n<p style=\"text-align: justify;\">Maria Deane foi uma das mais destacadas protozoologistas brasileiras e publicou mais de 150 trabalhos em peri\u00f3dicos nacionais e estrangeiros. Sobre a doen\u00e7a de Chagas desenvolveu importantes estudos a respeito do agente desta mol\u00e9stia: <em>Trypanosoma cruzi<\/em>.<\/p>\n<h6><em><strong>ILMD\/Fiocruz Amaz\u00f4nia, por Marl\u00facia Seixas<\/strong><\/em><\/h6>\n<h6><em><strong>Fotos: <\/strong><\/em><em><strong>arquivos ILMD\/Fiocruz Amaz\u00f4nia e COC\/Fiocruz.<\/strong><\/em><\/h6>\n<h6><em><strong>Arte: Mackesy Nascimento<\/strong><\/em><\/h6>\n<\/div><\/section>\n","protected":false},"excerpt":{"rendered":"<p>Ao completar 27 anos, uma nova dire\u00e7\u00e3o assume a institui\u00e7\u00e3o, para o quadri\u00eanio 2021-2025.<\/p>\n","protected":false},"author":26,"featured_media":34742,"comment_status":"closed","ping_status":"closed","sticky":true,"template":"","format":"image","meta":{"footnotes":""},"categories":[15],"tags":[1038,758,120,119,1039],"class_list":["post-34730","post","type-post","status-publish","format-image","has-post-thumbnail","hentry","category-noticias","tag-27-anos","tag-aniversario","tag-fiocruz-amazonia","tag-ilmd","tag-leonidas-e-maria-deane","post_format-post-format-image"],"_links":{"self":[{"href":"https:\/\/amazonia.fiocruz.br\/index.php?rest_route=\/wp\/v2\/posts\/34730","targetHints":{"allow":["GET"]}}],"collection":[{"href":"https:\/\/amazonia.fiocruz.br\/index.php?rest_route=\/wp\/v2\/posts"}],"about":[{"href":"https:\/\/amazonia.fiocruz.br\/index.php?rest_route=\/wp\/v2\/types\/post"}],"author":[{"embeddable":true,"href":"https:\/\/amazonia.fiocruz.br\/index.php?rest_route=\/wp\/v2\/users\/26"}],"replies":[{"embeddable":true,"href":"https:\/\/amazonia.fiocruz.br\/index.php?rest_route=%2Fwp%2Fv2%2Fcomments&post=34730"}],"version-history":[{"count":7,"href":"https:\/\/amazonia.fiocruz.br\/index.php?rest_route=\/wp\/v2\/posts\/34730\/revisions"}],"predecessor-version":[{"id":34745,"href":"https:\/\/amazonia.fiocruz.br\/index.php?rest_route=\/wp\/v2\/posts\/34730\/revisions\/34745"}],"wp:featuredmedia":[{"embeddable":true,"href":"https:\/\/amazonia.fiocruz.br\/index.php?rest_route=\/wp\/v2\/media\/34742"}],"wp:attachment":[{"href":"https:\/\/amazonia.fiocruz.br\/index.php?rest_route=%2Fwp%2Fv2%2Fmedia&parent=34730"}],"wp:term":[{"taxonomy":"category","embeddable":true,"href":"https:\/\/amazonia.fiocruz.br\/index.php?rest_route=%2Fwp%2Fv2%2Fcategories&post=34730"},{"taxonomy":"post_tag","embeddable":true,"href":"https:\/\/amazonia.fiocruz.br\/index.php?rest_route=%2Fwp%2Fv2%2Ftags&post=34730"}],"curies":[{"name":"wp","href":"https:\/\/api.w.org\/{rel}","templated":true}]}}