{"id":34709,"date":"2021-08-16T17:49:42","date_gmt":"2021-08-16T21:49:42","guid":{"rendered":"https:\/\/amazonia.fiocruz.br\/?p=34709"},"modified":"2021-08-16T17:49:43","modified_gmt":"2021-08-16T21:49:43","slug":"fiocruz-amazonia-abre-inscricoes-para-oficina-de-divulgacao-cientifica-por-meio-de-videos-e-podcasts","status":"publish","type":"post","link":"https:\/\/amazonia.fiocruz.br\/?p=34709","title":{"rendered":"Fiocruz Amaz\u00f4nia abre inscri\u00e7\u00f5es para oficina de divulga\u00e7\u00e3o cient\u00edfica por meio de v\u00eddeos e podcasts"},"content":{"rendered":"<section class=\"av_textblock_section \"  itemscope=\"itemscope\" itemtype=\"https:\/\/schema.org\/BlogPosting\" itemprop=\"blogPost\" ><div class='avia_textblock  '   itemprop=\"text\" ><p style=\"text-align: justify;\">O Projeto \u201cCi\u00eanciaPop On-line: Fiocruz Amaz\u00f4nia na SNCT 2021\u201d, do Instituto Le\u00f4nidas &amp; Maria Deane (ILMD\/Fiocruz Amaz\u00f4nia), abre inscri\u00e7\u00f5es para as oficinas \u201cDigiCi\u00eancia \u2013 Oficina de V\u00eddeos Digitais para Divulgar Ci\u00eancia\u201d e \u201cOuvirCi\u00eancia \u2013 Oficina de cria\u00e7\u00e3o de podcasts para divulga\u00e7\u00e3o de pesquisas\u201d.<\/p>\n<p style=\"text-align: justify;\">A a\u00e7\u00e3o pretende prover treinamento e socializa\u00e7\u00e3o de ferramentas tecnol\u00f3gicas para que bolsistas de Inicia\u00e7\u00e3o Cient\u00edfica, alunos de p\u00f3s-gradua\u00e7\u00e3o e pesquisadores interessados, possam promover divulga\u00e7\u00e3o cient\u00edfica, por meio da gera\u00e7\u00e3o de v\u00eddeos e podcasts, para divulga\u00e7\u00e3o nas m\u00eddias digitais.<\/p>\n<p style=\"text-align: justify;\">As inscri\u00e7\u00f5es iniciam nesta segunda-feira, 16\/8 e ocorrem at\u00e9 o dia 19\/8, via campus virtual. \u00a0A lista com o nome dos selecionados ser\u00e1 divulgada no dia 23\/8.<\/p>\n<p style=\"text-align: justify;\">A oficina \u201cDigiCi\u00eancia\u201d ocorrer\u00e1 no dia, 24\/8, (14h \u00e0s 17h), a ser ministrada por R\u00f4mulo Ara\u00fajo, jornalista, especialista em Design, Comunica\u00e7\u00e3o e Multim\u00eddia\u00a0e em Divulga\u00e7\u00e3o e Jornalismo Cient\u00edfico em Sa\u00fade e Ambiente na Amaz\u00f4nia.<\/p>\n<p style=\"text-align: justify;\">A oficina \u201cOuvirCi\u00eancia\u201d ser\u00e1 ministrada por Cristiane Barbosa, professora e jornalista, doutora em Ci\u00eancias da Informa\u00e7\u00e3o, no dia 26\/8, (14h \u00e0s 17h).<\/p>\n<p style=\"text-align: justify;\">Para se inscrever Clique:<\/p>\n<p style=\"text-align: justify;\"><a href=\"https:\/\/campusvirtual.fiocruz.br\/gestordecursos\/digiciencia\" target=\"_blank\" rel=\"noopener\">Digici\u00eancia<\/a><\/p>\n<p style=\"text-align: justify;\"><a href=\"https:\/\/campusvirtual.fiocruz.br\/gestordecursos\/ouvirciencia\" target=\"_blank\" rel=\"noopener\">Ouvirci\u00eancia<\/a><\/p>\n<p style=\"text-align: justify;\">Diretamente, o projeto vai beneficiar estudantes e pesquisadores, al\u00e9m de professores de P\u00f3s-Gradua\u00e7\u00e3o do ILMD\/Fiocruz Amaz\u00f4nia. Al\u00e9m disso, pretende-se disponibilizar os v\u00eddeos produzidos pelos participantes nas m\u00eddias sociais digitais da institui\u00e7\u00e3o, al\u00e9m de apresent\u00e1-los em eventos cient\u00edficos e distribu\u00ed-los a parceiros e interessados. O projeto vai beneficiar o grande p\u00fablico, que eventualmente acessar\u00e1 esse material nesses formatos.<\/p>\n<p style=\"text-align: justify;\">A oficina se prop\u00f5e a realizar treinamento, por meio de atividades te\u00f3ricas e pr\u00e1ticas, ministradas e conduzidas por um profissional especialista nesta \u00e1rea, oportunizando que os participantes produzam materiais, preferencialmente sobre a pandemia da Covid-19 e outras infec\u00e7\u00f5es virais (Zika, Dengue, Chikungunya), que ser\u00e3o disponibilizados ao p\u00fablico por meio dos canais institucionais e de parceiros.<\/p>\n<p style=\"text-align: justify;\">A capacita\u00e7\u00e3o marca o in\u00edcio das atividades Institucionais na Semana Nacional de Ci\u00eancia e Tecnologia (SNCT), do Minist\u00e9rio da Ci\u00eancia, Tecnologia, Inova\u00e7\u00f5es e Comunica\u00e7\u00f5es (MCTIC), cujo tema \u00e9 \u201cA transversalidade da ci\u00eancia, tecnologia e inova\u00e7\u00f5es para o planeta\u201d. Considerando o contexto pand\u00eamico, o ILMD\/Fiocruz Amaz\u00f4nia pretende realizar diversas atividades de divulga\u00e7\u00e3o e populariza\u00e7\u00e3o cient\u00edfica, no formato digital.<\/p>\n<h6 style=\"text-align: justify;\"><strong><em>ILMD \/ Fiocruz Amaz\u00f4nia, por Eduardo Gomes<\/em><\/strong><\/h6>\n<h6 style=\"text-align: justify;\"><strong><em>Foto: Eduardo Gomes<\/em><\/strong><\/h6>\n<\/div><\/section>\n","protected":false},"excerpt":{"rendered":"<p>As inscri\u00e7\u00f5es iniciam nesta segunda-feira, 16\/8 e ocorrem at\u00e9 19\/8<\/p>\n","protected":false},"author":20,"featured_media":34710,"comment_status":"closed","ping_status":"closed","sticky":true,"template":"","format":"image","meta":{"footnotes":""},"categories":[15],"tags":[136,120,119,131,202,437],"class_list":["post-34709","post","type-post","status-publish","format-image","has-post-thumbnail","hentry","category-noticias","tag-fiocruz","tag-fiocruz-amazonia","tag-ilmd","tag-ilmdfiocruz-amazonia","tag-oficina","tag-snct","post_format-post-format-image"],"_links":{"self":[{"href":"https:\/\/amazonia.fiocruz.br\/index.php?rest_route=\/wp\/v2\/posts\/34709","targetHints":{"allow":["GET"]}}],"collection":[{"href":"https:\/\/amazonia.fiocruz.br\/index.php?rest_route=\/wp\/v2\/posts"}],"about":[{"href":"https:\/\/amazonia.fiocruz.br\/index.php?rest_route=\/wp\/v2\/types\/post"}],"author":[{"embeddable":true,"href":"https:\/\/amazonia.fiocruz.br\/index.php?rest_route=\/wp\/v2\/users\/20"}],"replies":[{"embeddable":true,"href":"https:\/\/amazonia.fiocruz.br\/index.php?rest_route=%2Fwp%2Fv2%2Fcomments&post=34709"}],"version-history":[{"count":1,"href":"https:\/\/amazonia.fiocruz.br\/index.php?rest_route=\/wp\/v2\/posts\/34709\/revisions"}],"predecessor-version":[{"id":34711,"href":"https:\/\/amazonia.fiocruz.br\/index.php?rest_route=\/wp\/v2\/posts\/34709\/revisions\/34711"}],"wp:featuredmedia":[{"embeddable":true,"href":"https:\/\/amazonia.fiocruz.br\/index.php?rest_route=\/wp\/v2\/media\/34710"}],"wp:attachment":[{"href":"https:\/\/amazonia.fiocruz.br\/index.php?rest_route=%2Fwp%2Fv2%2Fmedia&parent=34709"}],"wp:term":[{"taxonomy":"category","embeddable":true,"href":"https:\/\/amazonia.fiocruz.br\/index.php?rest_route=%2Fwp%2Fv2%2Fcategories&post=34709"},{"taxonomy":"post_tag","embeddable":true,"href":"https:\/\/amazonia.fiocruz.br\/index.php?rest_route=%2Fwp%2Fv2%2Ftags&post=34709"}],"curies":[{"name":"wp","href":"https:\/\/api.w.org\/{rel}","templated":true}]}}