{"id":34694,"date":"2021-08-16T12:05:29","date_gmt":"2021-08-16T16:05:29","guid":{"rendered":"https:\/\/amazonia.fiocruz.br\/?p=34694"},"modified":"2021-08-16T12:14:53","modified_gmt":"2021-08-16T16:14:53","slug":"fiocruz-amazonia-promove-encontro-de-pesquisadores-em-saude-na-triplice-fronteira","status":"publish","type":"post","link":"https:\/\/amazonia.fiocruz.br\/?p=34694","title":{"rendered":"Fiocruz Amaz\u00f4nia promove encontro de pesquisadores em sa\u00fade na tr\u00edplice fronteira"},"content":{"rendered":"<section class=\"av_textblock_section \"  itemscope=\"itemscope\" itemtype=\"https:\/\/schema.org\/BlogPosting\" itemprop=\"blogPost\" ><div class='avia_textblock  '   itemprop=\"text\" ><p style=\"text-align: justify;\">Nos dias 12 e 13\/8, a Universidade Nacional da Col\u00f4mbia (UNAL\/Sede Amaz\u00f4nia), sediou o II Encontro de Pesquisadores em Sa\u00fade da Tr\u00edplice fronteira (Brasil-Col\u00f4mbia-Peru). O Encontro, organizado pelos pesquisadores do Instituto Le\u00f4nidas &amp; Maria Deane (ILMD\/ Fiocruz Amaz\u00f4nia), Jos\u00e9 Joaqu\u00edn Carvajal Cort\u00e9s e Adele Schwartz Benzaken, Diretora da Institui\u00e7\u00e3o, visa fortalecer os programas de p\u00f3s-gradua\u00e7\u00e3o, por meio de coopera\u00e7\u00f5es entre universidades e institui\u00e7\u00f5es do Alto Solim\u00f5es.<\/p>\n<p style=\"text-align: justify;\"><img decoding=\"async\" class=\"alignleft wp-image-34696\" src=\"https:\/\/amazonia.fiocruz.br\/wp-content\/uploads\/2021\/08\/Adele-235x300.jpg\" alt=\"\" width=\"129\" height=\"165\" srcset=\"https:\/\/amazonia.fiocruz.br\/wp-content\/uploads\/2021\/08\/Adele-235x300.jpg 235w, https:\/\/amazonia.fiocruz.br\/wp-content\/uploads\/2021\/08\/Adele.jpg 364w\" sizes=\"(max-width: 129px) 100vw, 129px\" \/>\u201cO objetivo do encontro foi de congregar as universidades e institui\u00e7\u00f5es de pesquisa que atuam na \u00e1rea de fronteira do Alto Solim\u00f5es, no sentido de alinhar esfor\u00e7os de coopera\u00e7\u00e3o internacional e criar uma agenda de trabalho conjunto, fortalecendo os programas de P\u00f3s-Gradua\u00e7\u00e3o, programados pela Fiocruz Amaz\u00f4nia numa vis\u00e3o transfronteiri\u00e7a\u201d, explicou Benzaken.<\/p>\n<p style=\"text-align: justify;\">Al\u00e9m de representantes da UNAL e Fiocruz Amaz\u00f4nia, participaram da atividade, pesquisadores do Instituto Oswaldo Cruz (IOC\/Fiocruz), Projeto LMI Sentinela, do Instituto de Comunica\u00e7\u00e3o e Informa\u00e7\u00e3o Cient\u00edfica e Tecnol\u00f3gica em Sa\u00fade (ICICT\/Fiocruz), Universidade do Estado do Amazonas (UEA\/ Campus Tabatinga), Universidade Federal do Amazonas (UFAM\/ Campus Benjamin Constant), Laboratorio Departamental de Sa\u00fade P\u00fablica (LSDP &#8211; Amazonas\/Col\u00f4mbia), Universidad Nacional de la Amazon\u00eda Peruana (UNAP), e Organiza\u00e7\u00e3o Pan-Americana da Sa\u00fade (OPAS &#8211; Sub-regional Sudam\u00e9rica).<\/p>\n<p style=\"text-align: justify;\">O intuito da atividade \u00e9 promover um encontro acad\u00eamico-cient\u00edfico e inter-institucional, em sa\u00fade, visando alinhar esfor\u00e7os conjuntos de coopera\u00e7\u00e3o internacional contemplando principalmente a zona fronteiri\u00e7a entre Brasil, Col\u00f4mbia e Peru. A partir disso, os pesquisadores pretendem realizar um trabalho colaborativo para o interc\u00e2mbio de conhecimento nas \u00e1reas de sa\u00fade e fronteira, partindo de um olhar interdisciplinar e intercultural.<\/p>\n<p style=\"text-align: justify;\">As tem\u00e1ticas abordadas durante encontro visam discutir possibilidades de articula\u00e7\u00e3o e futuros acordos interinstitucionais, al\u00e9m da elabora\u00e7\u00e3o de planos de trabalho conjuntos entre as institui\u00e7\u00f5es: UNAL, Fiocruz e UNAP. Na oportunidade, os pesquisadores realizaram uma apresenta\u00e7\u00e3o sucinta de projetos em sa\u00fade, em andamento na tr\u00edplice fronteira.<\/p>\n<h6 style=\"text-align: justify;\"><strong>ILMD \/ Fiocruz Amaz\u00f4nia, por Eduardo Gomes<\/strong><\/h6>\n<h6 style=\"text-align: justify;\"><strong>Fotos: Teka Prado<\/strong><\/h6>\n<\/div><\/section>\n","protected":false},"excerpt":{"rendered":"<p>Encontro visa discutir possibilidades de articula\u00e7\u00e3o e futuros acordos interinstitucionais.<\/p>\n","protected":false},"author":20,"featured_media":34695,"comment_status":"closed","ping_status":"closed","sticky":true,"template":"","format":"image","meta":{"footnotes":""},"categories":[15],"tags":[136,120,653,119,131,369],"class_list":["post-34694","post","type-post","status-publish","format-image","has-post-thumbnail","hentry","category-noticias","tag-fiocruz","tag-fiocruz-amazonia","tag-fronteira","tag-ilmd","tag-ilmdfiocruz-amazonia","tag-triplice-fronteira","post_format-post-format-image"],"_links":{"self":[{"href":"https:\/\/amazonia.fiocruz.br\/index.php?rest_route=\/wp\/v2\/posts\/34694","targetHints":{"allow":["GET"]}}],"collection":[{"href":"https:\/\/amazonia.fiocruz.br\/index.php?rest_route=\/wp\/v2\/posts"}],"about":[{"href":"https:\/\/amazonia.fiocruz.br\/index.php?rest_route=\/wp\/v2\/types\/post"}],"author":[{"embeddable":true,"href":"https:\/\/amazonia.fiocruz.br\/index.php?rest_route=\/wp\/v2\/users\/20"}],"replies":[{"embeddable":true,"href":"https:\/\/amazonia.fiocruz.br\/index.php?rest_route=%2Fwp%2Fv2%2Fcomments&post=34694"}],"version-history":[{"count":1,"href":"https:\/\/amazonia.fiocruz.br\/index.php?rest_route=\/wp\/v2\/posts\/34694\/revisions"}],"predecessor-version":[{"id":34697,"href":"https:\/\/amazonia.fiocruz.br\/index.php?rest_route=\/wp\/v2\/posts\/34694\/revisions\/34697"}],"wp:featuredmedia":[{"embeddable":true,"href":"https:\/\/amazonia.fiocruz.br\/index.php?rest_route=\/wp\/v2\/media\/34695"}],"wp:attachment":[{"href":"https:\/\/amazonia.fiocruz.br\/index.php?rest_route=%2Fwp%2Fv2%2Fmedia&parent=34694"}],"wp:term":[{"taxonomy":"category","embeddable":true,"href":"https:\/\/amazonia.fiocruz.br\/index.php?rest_route=%2Fwp%2Fv2%2Fcategories&post=34694"},{"taxonomy":"post_tag","embeddable":true,"href":"https:\/\/amazonia.fiocruz.br\/index.php?rest_route=%2Fwp%2Fv2%2Ftags&post=34694"}],"curies":[{"name":"wp","href":"https:\/\/api.w.org\/{rel}","templated":true}]}}