{"id":34561,"date":"2021-07-16T17:31:54","date_gmt":"2021-07-16T21:31:54","guid":{"rendered":"https:\/\/amazonia.fiocruz.br\/?p=34561"},"modified":"2021-07-16T17:33:04","modified_gmt":"2021-07-16T21:33:04","slug":"boletim-aponta-queda-nos-indicadores-de-covid-19","status":"publish","type":"post","link":"https:\/\/amazonia.fiocruz.br\/?p=34561","title":{"rendered":"Boletim aponta queda nos indicadores de Covid-19"},"content":{"rendered":"<section class=\"av_textblock_section \"  itemscope=\"itemscope\" itemtype=\"https:\/\/schema.org\/BlogPosting\" itemprop=\"blogPost\" ><div class='avia_textblock  '   itemprop=\"text\" ><p style=\"text-align: justify;\">A edi\u00e7\u00e3o do <a href=\"https:\/\/agencia.fiocruz.br\/sites\/agencia.fiocruz.br\/files\/u35\/boletim_extraordinario_2021-julho-14-red.pdf\" target=\"_blank\" rel=\"noopener\">Boletim Observat\u00f3rio Covid-19 Fiocruz<\/a> publicada nesta quarta-feira (14\/7) destaca que, pela primeira vez desde o in\u00edcio de dezembro de 2020, nenhum estado apresenta taxa de ocupa\u00e7\u00e3o de leitos de UTI Covid-19 para adultos no SUS superior a 90%. A tend\u00eancia de queda nos indicadores de incid\u00eancia e mortalidade por Covid-19 foi mantida nesta \u00faltima Semana Epidemiol\u00f3gica (SE 27), de 4 a 10 de julho, pela terceira vez consecutiva. O n\u00famero de casos e de \u00f3bitos vem caindo h\u00e1 tr\u00eas semanas em cerca de 2% ao dia, mas ainda permanece em alto patamar. A taxa de letalidade foi mantida em torno de 3%, percentual considerado elevado.<\/p>\n<p style=\"text-align: justify;\">Os pesquisadores respons\u00e1veis pelo Boletim afirmam que o alinhamento entre as tend\u00eancias de incid\u00eancia de casos novos e da mortalidade pode indicar um processo de arrefecimento mais duradouro da pandemia para os pr\u00f3ximos meses. O estudo tamb\u00e9m sinaliza que a tend\u00eancia de redu\u00e7\u00e3o das taxas de ocupa\u00e7\u00e3o de leitos \u00e9 um reflexo da nova fase da epidemia no pa\u00eds. Com a vacina\u00e7\u00e3o, o n\u00famero de \u00f3bitos e interna\u00e7\u00f5es diminui entre os grupos de risco ou grupos priorit\u00e1rios. \u00c9 o caso de idosos e portadores de doen\u00e7as cr\u00f4nicas, por exemplo. Ao mesmo tempo, a transmiss\u00e3o permanece intensa entres aqueles que ainda n\u00e3o foram imunizados.<\/p>\n<p style=\"text-align: justify;\">Segundo os especialistas, \u201co arrefecimento mais duradouro da pandemia\u201d somente ser\u00e1 alcan\u00e7ado com a intensifica\u00e7\u00e3o da campanha de vacina\u00e7\u00e3o, a adequa\u00e7\u00e3o das pr\u00e1ticas de vigil\u00e2ncia em sa\u00fade, refor\u00e7o da aten\u00e7\u00e3o prim\u00e1ria \u00e0 sa\u00fade, al\u00e9m do amplo emprego de medidas de prote\u00e7\u00e3o individual, como o uso de m\u00e1scaras e o distanciamento f\u00edsico. \u201c\u00c9 importante destacar que as vacinas dispon\u00edveis apresentam limites em rela\u00e7\u00e3o ao bloqueio da transmiss\u00e3o do v\u00edrus, que continua circulando com intensidade. As vacinas s\u00e3o especialmente efetivas na preven\u00e7\u00e3o de casos graves\u201d, ressaltam.<\/p>\n<p style=\"text-align: justify;\"><strong>ESTADOS<\/strong><\/p>\n<p style=\"text-align: justify;\">Apenas quatro estados da Regi\u00e3o Norte (Rond\u00f4nia, Amazonas, Par\u00e1 e Tocantins) e Goi\u00e1s apresentaram crescimento no indicador de ocupa\u00e7\u00e3o de leitos. Tend\u00eancias de queda na taxa foram observadas no Nordeste, Sudeste, Sul e no Mato Grosso do Sul.<\/p>\n<p style=\"text-align: justify;\"><strong>CAPITAIS<\/strong><\/p>\n<p style=\"text-align: justify;\">Quatro capitais est\u00e3o com taxas de ocupa\u00e7\u00e3o de leitos de UTI Covid-19 iguais ou superiores a 80%: S\u00e3o Lu\u00eds (81%), Rio de Janeiro (81%), Goi\u00e2nia (92%) e Bras\u00edlia (80%). Onze capitais est\u00e3o na zona de alerta intermedi\u00e1rio, com taxas iguais ou superiores a 60% e inferiores a 80%: Manaus (70%), Boa Vista (74%), Palmas (63%), Teresina (sem informa\u00e7\u00e3o direta; n\u00famero estimado em torno de 60%), Fortaleza (65%), Belo Horizonte (67%), S\u00e3o Paulo (61%), Curitiba (77%), Porto Alegre (69%), Campo Grande (79%) e Cuiab\u00e1 (62%). As outras 12 capitais est\u00e3o fora da zona de alerta, com ocupa\u00e7\u00e3o de leitos de UTI inferior a 60%.<\/p>\n<h6 style=\"text-align: justify;\"><strong>Ana Fl\u00e1via Pilar (Ag\u00eancia Fiocruz de Not\u00edcias)<\/strong><\/h6>\n<\/div><\/section>\n","protected":false},"excerpt":{"rendered":"","protected":false},"author":20,"featured_media":34563,"comment_status":"closed","ping_status":"closed","sticky":true,"template":"","format":"image","meta":{"footnotes":""},"categories":[15],"tags":[871,136,120,119,131],"class_list":["post-34561","post","type-post","status-publish","format-image","has-post-thumbnail","hentry","category-noticias","tag-covid-19","tag-fiocruz","tag-fiocruz-amazonia","tag-ilmd","tag-ilmdfiocruz-amazonia","post_format-post-format-image"],"_links":{"self":[{"href":"https:\/\/amazonia.fiocruz.br\/index.php?rest_route=\/wp\/v2\/posts\/34561","targetHints":{"allow":["GET"]}}],"collection":[{"href":"https:\/\/amazonia.fiocruz.br\/index.php?rest_route=\/wp\/v2\/posts"}],"about":[{"href":"https:\/\/amazonia.fiocruz.br\/index.php?rest_route=\/wp\/v2\/types\/post"}],"author":[{"embeddable":true,"href":"https:\/\/amazonia.fiocruz.br\/index.php?rest_route=\/wp\/v2\/users\/20"}],"replies":[{"embeddable":true,"href":"https:\/\/amazonia.fiocruz.br\/index.php?rest_route=%2Fwp%2Fv2%2Fcomments&post=34561"}],"version-history":[{"count":3,"href":"https:\/\/amazonia.fiocruz.br\/index.php?rest_route=\/wp\/v2\/posts\/34561\/revisions"}],"predecessor-version":[{"id":34566,"href":"https:\/\/amazonia.fiocruz.br\/index.php?rest_route=\/wp\/v2\/posts\/34561\/revisions\/34566"}],"wp:featuredmedia":[{"embeddable":true,"href":"https:\/\/amazonia.fiocruz.br\/index.php?rest_route=\/wp\/v2\/media\/34563"}],"wp:attachment":[{"href":"https:\/\/amazonia.fiocruz.br\/index.php?rest_route=%2Fwp%2Fv2%2Fmedia&parent=34561"}],"wp:term":[{"taxonomy":"category","embeddable":true,"href":"https:\/\/amazonia.fiocruz.br\/index.php?rest_route=%2Fwp%2Fv2%2Fcategories&post=34561"},{"taxonomy":"post_tag","embeddable":true,"href":"https:\/\/amazonia.fiocruz.br\/index.php?rest_route=%2Fwp%2Fv2%2Ftags&post=34561"}],"curies":[{"name":"wp","href":"https:\/\/api.w.org\/{rel}","templated":true}]}}