{"id":34557,"date":"2021-07-14T16:47:42","date_gmt":"2021-07-14T20:47:42","guid":{"rendered":"https:\/\/amazonia.fiocruz.br\/?p=34557"},"modified":"2021-07-14T16:54:36","modified_gmt":"2021-07-14T20:54:36","slug":"divulgado-cronograma-da-2a-etapa-da-chamada-publica-no-009-2021","status":"publish","type":"post","link":"https:\/\/amazonia.fiocruz.br\/?p=34557","title":{"rendered":"Divulgado cronograma da 2\u00aa etapa da Chamada P\u00fablica n\u00ba 009\/2021"},"content":{"rendered":"<section class=\"av_textblock_section \"  itemscope=\"itemscope\" itemtype=\"https:\/\/schema.org\/BlogPosting\" itemprop=\"blogPost\" ><div class='avia_textblock  '   itemprop=\"text\" ><p style=\"text-align: justify;\">O Instituto Le\u00f4nidas &amp; Maria Deane (ILMD\/Fiocruz Amaz\u00f4nia), por meio da Comiss\u00e3o de Sele\u00e7\u00e3o divulga o cronograma da 2\u00aa etapa, para a Chamada P\u00fablica n\u00ba 009\/2021, referente ao Curso de Doutorado Acad\u00eamico do Programa de P\u00f3s -Gradua\u00e7\u00e3o Stricto Sensu em Biologia da Intera\u00e7\u00e3o Pat\u00f3geno Hospedeiro.<\/p>\n<p style=\"text-align: justify;\">Acesse a publica\u00e7\u00e3o em: <a href=\"https:\/\/www.sigass.fiocruz.br\/pub\/inscricao.do?codP=127\">https:\/\/www.sigass.fiocruz.br\/pub\/inscricao.do?codP=127<\/a><\/p>\n<p style=\"text-align: justify;\">O curso possui \u00e1rea de concentra\u00e7\u00e3o em Biologia da Intera\u00e7\u00e3o Pat\u00f3geno Hospedeiro, e duas linhas de pesquisas: Eco epidemiologia das doen\u00e7as transmiss\u00edveis, e Bioqu\u00edmica, biologia celular e molecular de pat\u00f3genos e seus vetores.<\/p>\n<p style=\"text-align: justify;\">A admiss\u00e3o ao curso de doutorado \u00e9 realizada em tr\u00eas etapas: Homologa\u00e7\u00e3o das inscri\u00e7\u00f5es; Prova Oral; e Pontua\u00e7\u00e3o do Curr\u00edculo Lattes.<\/p>\n<p style=\"text-align: justify;\">Confira todas as informa\u00e7\u00f5es sobre esta Chamada em https:\/\/www.sigass.fiocruz.br\/pub\/inscricao.do?codP=127<\/p>\n<h6 style=\"text-align: justify;\"><strong>ILMD\/Fiocruz Amaz\u00f4nia, por Eduardo Gomes<\/strong><\/h6>\n<h6 style=\"text-align: justify;\"><strong>Imagem: Mackesy Nascimento<\/strong><\/h6>\n<\/div><\/section>\n","protected":false},"excerpt":{"rendered":"<p>O curso possui \u00e1rea de concentra\u00e7\u00e3o em Biologia da Intera\u00e7\u00e3o Pat\u00f3geno Hospedeiro<\/p>\n","protected":false},"author":20,"featured_media":34453,"comment_status":"closed","ping_status":"closed","sticky":true,"template":"","format":"image","meta":{"footnotes":""},"categories":[15],"tags":[428,136,120,119,131,287,230],"class_list":["post-34557","post","type-post","status-publish","format-image","has-post-thumbnail","hentry","category-noticias","tag-chamada-publica","tag-fiocruz","tag-fiocruz-amazonia","tag-ilmd","tag-ilmdfiocruz-amazonia","tag-ppgbio-interacao","tag-resultado","post_format-post-format-image"],"_links":{"self":[{"href":"https:\/\/amazonia.fiocruz.br\/index.php?rest_route=\/wp\/v2\/posts\/34557","targetHints":{"allow":["GET"]}}],"collection":[{"href":"https:\/\/amazonia.fiocruz.br\/index.php?rest_route=\/wp\/v2\/posts"}],"about":[{"href":"https:\/\/amazonia.fiocruz.br\/index.php?rest_route=\/wp\/v2\/types\/post"}],"author":[{"embeddable":true,"href":"https:\/\/amazonia.fiocruz.br\/index.php?rest_route=\/wp\/v2\/users\/20"}],"replies":[{"embeddable":true,"href":"https:\/\/amazonia.fiocruz.br\/index.php?rest_route=%2Fwp%2Fv2%2Fcomments&post=34557"}],"version-history":[{"count":1,"href":"https:\/\/amazonia.fiocruz.br\/index.php?rest_route=\/wp\/v2\/posts\/34557\/revisions"}],"predecessor-version":[{"id":34558,"href":"https:\/\/amazonia.fiocruz.br\/index.php?rest_route=\/wp\/v2\/posts\/34557\/revisions\/34558"}],"wp:featuredmedia":[{"embeddable":true,"href":"https:\/\/amazonia.fiocruz.br\/index.php?rest_route=\/wp\/v2\/media\/34453"}],"wp:attachment":[{"href":"https:\/\/amazonia.fiocruz.br\/index.php?rest_route=%2Fwp%2Fv2%2Fmedia&parent=34557"}],"wp:term":[{"taxonomy":"category","embeddable":true,"href":"https:\/\/amazonia.fiocruz.br\/index.php?rest_route=%2Fwp%2Fv2%2Fcategories&post=34557"},{"taxonomy":"post_tag","embeddable":true,"href":"https:\/\/amazonia.fiocruz.br\/index.php?rest_route=%2Fwp%2Fv2%2Ftags&post=34557"}],"curies":[{"name":"wp","href":"https:\/\/api.w.org\/{rel}","templated":true}]}}