{"id":34554,"date":"2021-07-14T16:34:00","date_gmt":"2021-07-14T20:34:00","guid":{"rendered":"https:\/\/amazonia.fiocruz.br\/?p=34554"},"modified":"2021-07-14T16:34:01","modified_gmt":"2021-07-14T20:34:01","slug":"centro-de-estudos-ira-abordar-cotidiano-dos-servicos-as-notas-de-pesquisa","status":"publish","type":"post","link":"https:\/\/amazonia.fiocruz.br\/?p=34554","title":{"rendered":"Centro de Estudos ir\u00e1 abordar cotidiano dos servi\u00e7os \u00e0s notas de pesquisa"},"content":{"rendered":"<section class=\"av_textblock_section \"  itemscope=\"itemscope\" itemtype=\"https:\/\/schema.org\/BlogPosting\" itemprop=\"blogPost\" ><div class='avia_textblock  '   itemprop=\"text\" ><p style=\"text-align: justify;\">O Centro de Estudos do Instituto Le\u00f4nidas &amp; Maria Deane (ILMD\/Fiocruz Amaz\u00f4nia), apresenta na pr\u00f3xima sexta-feira, 16\/7, \u00e0s 10h, a palestra \u201cO territ\u00f3rio l\u00edquido e as pol\u00edticas de sa\u00fade na Amaz\u00f4nia: do cotidiano dos servi\u00e7os \u00e0s notas de pesquisa\u201d, a ser ministrada pelo pesquisador Rodrigo Tobias de Sousa Lima, do ILMD\/Fiocruz Amaz\u00f4nia).<\/p>\n<p style=\"text-align: justify;\">Segundo o pesquisador o territ\u00f3rio l\u00edquido \u00e9 uma \u201ccategoria anal\u00edtica de pol\u00edticas p\u00fablicas de sa\u00fade que incorpora e entende a realidade da vida longe dos centros urbanos, assim como compreende a sazonalidade dos Rios na oferta de servi\u00e7os e na produ\u00e7\u00e3o de cuidado em sa\u00fade, seja na aten\u00e7\u00e3o b\u00e1sica ou especializada de sa\u00fade no contexto da Amaz\u00f4nia brasileira\u201d, explicou.<\/p>\n<p style=\"text-align: justify;\">A apresenta\u00e7\u00e3o ocorrer\u00e1 atrav\u00e9s da plataforma Zoom, por meio do link: Link da transmiss\u00e3o: <a href=\"https:\/\/zoom.us\/j\/97446371419\" target=\"_blank\" rel=\"noopener\">https:\/\/zoom.us\/j\/97446371419<\/a> (ID: 974 4637 1419)<\/p>\n<p style=\"text-align: justify;\"><strong>SOBRE O PALESTRANTE<\/strong><\/p>\n<p style=\"text-align: justify;\">Rodrigo \u00e9 pesquisador do Laborat\u00f3rio de Hist\u00f3ria, Pol\u00edticas P\u00fablicas e Sa\u00fade na Amaz\u00f4nia &#8211; LAHPSA do ILMD\/ Fiocruz Amaz\u00f4nia. Doutor em Ci\u00eancias pelo Programa de Sa\u00fade P\u00fablica da FIOCRUZ-PE, coordenador e docente permanente do Programa de P\u00f3s-Gradua\u00e7\u00e3o Stricto Sensu em Condi\u00e7\u00f5es de Vida e Situa\u00e7\u00f5es de Sa\u00fade na Amaz\u00f4nia (PPGVida).<\/p>\n<p style=\"text-align: justify;\">Foi Coordenador do Programa de P\u00f3s Gradua\u00e7\u00e3o de Mestrado Profissional em Sa\u00fade da Fam\u00edlia no Amazonas \u2013 PROFSA\u00daDE, entre 2016 e 2019; Coordenador da Rede Unida \u2013 Norte; \u00a0Membro do N\u00facleo Executivo do Grupo Tem\u00e1tico (GT) de Promo\u00e7\u00e3o da Sa\u00fade e Desenvolvimento Sustent\u00e1vel da ABRASCO. Foi Secret\u00e1rio de Estado de Sa\u00fade do Amazonas, 2019-2020.<\/p>\n<p style=\"text-align: justify;\">Desenvolve pesquisas no campo das determina\u00e7\u00f5es sociais e iniquidades em sa\u00fade, das pol\u00edticas p\u00fablicas; da gest\u00e3o e promo\u00e7\u00e3o da sa\u00fade na Amaz\u00f4nia.<\/p>\n<p style=\"text-align: justify;\"><strong>CENTRO DE ESTUDOS<\/strong><\/p>\n<p style=\"text-align: justify;\">O Centro de Estudos do ILMD\/Fiocruz Amaz\u00f4nia \u00e9 um n\u00facleo que oportuniza encontros, palestras, semin\u00e1rios e debates sobre diversos temas ligados \u00e0 pesquisa e ao ensino para a promo\u00e7\u00e3o da sa\u00fade.<\/p>\n<p style=\"text-align: justify;\">Os eventos s\u00e3o gratuitos e ocorrem \u00e0s sextas-feiras. As atividades s\u00e3o destinadas a estudantes de gradua\u00e7\u00e3o e p\u00f3s-gradua\u00e7\u00e3o, pesquisadores, professores e trabalhadores da \u00e1rea da Sa\u00fade.<\/p>\n<h6 style=\"text-align: justify;\"><strong>ILMD\/ Fiocruz Amaz\u00f4nia, por Eduardo Gomes<\/strong><\/h6>\n<h6 style=\"text-align: justify;\"><strong>Imagem: Mackesy Nascimento<\/strong><\/h6>\n<\/div><\/section>\n","protected":false},"excerpt":{"rendered":"","protected":false},"author":20,"featured_media":34555,"comment_status":"closed","ping_status":"closed","sticky":true,"template":"","format":"image","meta":{"footnotes":""},"categories":[15],"tags":[118,136,120,119,131,121],"class_list":["post-34554","post","type-post","status-publish","format-image","has-post-thumbnail","hentry","category-noticias","tag-centro-de-estudos","tag-fiocruz","tag-fiocruz-amazonia","tag-ilmd","tag-ilmdfiocruz-amazonia","tag-palestra","post_format-post-format-image"],"_links":{"self":[{"href":"https:\/\/amazonia.fiocruz.br\/index.php?rest_route=\/wp\/v2\/posts\/34554","targetHints":{"allow":["GET"]}}],"collection":[{"href":"https:\/\/amazonia.fiocruz.br\/index.php?rest_route=\/wp\/v2\/posts"}],"about":[{"href":"https:\/\/amazonia.fiocruz.br\/index.php?rest_route=\/wp\/v2\/types\/post"}],"author":[{"embeddable":true,"href":"https:\/\/amazonia.fiocruz.br\/index.php?rest_route=\/wp\/v2\/users\/20"}],"replies":[{"embeddable":true,"href":"https:\/\/amazonia.fiocruz.br\/index.php?rest_route=%2Fwp%2Fv2%2Fcomments&post=34554"}],"version-history":[{"count":1,"href":"https:\/\/amazonia.fiocruz.br\/index.php?rest_route=\/wp\/v2\/posts\/34554\/revisions"}],"predecessor-version":[{"id":34556,"href":"https:\/\/amazonia.fiocruz.br\/index.php?rest_route=\/wp\/v2\/posts\/34554\/revisions\/34556"}],"wp:featuredmedia":[{"embeddable":true,"href":"https:\/\/amazonia.fiocruz.br\/index.php?rest_route=\/wp\/v2\/media\/34555"}],"wp:attachment":[{"href":"https:\/\/amazonia.fiocruz.br\/index.php?rest_route=%2Fwp%2Fv2%2Fmedia&parent=34554"}],"wp:term":[{"taxonomy":"category","embeddable":true,"href":"https:\/\/amazonia.fiocruz.br\/index.php?rest_route=%2Fwp%2Fv2%2Fcategories&post=34554"},{"taxonomy":"post_tag","embeddable":true,"href":"https:\/\/amazonia.fiocruz.br\/index.php?rest_route=%2Fwp%2Fv2%2Ftags&post=34554"}],"curies":[{"name":"wp","href":"https:\/\/api.w.org\/{rel}","templated":true}]}}