{"id":34469,"date":"2021-06-23T11:47:24","date_gmt":"2021-06-23T15:47:24","guid":{"rendered":"https:\/\/amazonia.fiocruz.br\/?p=34469"},"modified":"2021-06-23T11:47:25","modified_gmt":"2021-06-23T15:47:25","slug":"perfil-hematologico-de-gestantes-com-suspeita-de-infeccao-por-zika-sera-tema-do-centro-de-estudos","status":"publish","type":"post","link":"https:\/\/amazonia.fiocruz.br\/?p=34469","title":{"rendered":"Perfil hematol\u00f3gico de gestantes com suspeita de infec\u00e7\u00e3o por Zika ser\u00e1 tema do Centro de Estudos"},"content":{"rendered":"<section class=\"av_textblock_section \"  itemscope=\"itemscope\" itemtype=\"https:\/\/schema.org\/BlogPosting\" itemprop=\"blogPost\" ><div class='avia_textblock  '   itemprop=\"text\" ><p style=\"text-align: justify;\">O Centro de Estudos do Instituto Le\u00f4nidas &amp; Maria Deane (ILMD\/Fiocruz Amaz\u00f4nia) vai apresentar na pr\u00f3xima sexta-feira, 25\/6, \u00e0s 10h (hor\u00e1rio Manaus), a palestra\u00a0<strong>\u201cPerfil hematol\u00f3gico de gestantes com suspeita de infec\u00e7\u00e3o por v\u00edrus Zika no Amazonas\u201d<\/strong>, a ser ministrada pela enfermeira, Anny Beatriz Costa Antony de Andrade.<\/p>\n<p style=\"text-align: justify;\">\u00a0A palestra ser\u00e1 transmitida pela Plataforma\u00a0<em>Zoom<\/em>, por meio do link\u00a0<a href=\"https:\/\/zoom.us\/j\/98529212014\" target=\"_blank\" rel=\"noreferrer noopener\">https:\/\/zoom.us\/j\/98529212014<\/a>. ID da reuni\u00e3o: 985 2921 2014<\/p>\n<p style=\"text-align: justify;\">Durante o evento virtual ser\u00e3o apresentados\u00a0os resultados da disserta\u00e7\u00e3o de mestrado da pesquisadora pelo Programa de P\u00f3s-Gradua\u00e7\u00e3o em Condi\u00e7\u00f5es de Vida e Situa\u00e7\u00f5es de Sa\u00fade na Amaz\u00f4nia (PPGVIDA). O estudo teve como objetivo descrever o perfil hematol\u00f3gico de gestantes com suspeita de infec\u00e7\u00e3o por v\u00edrus Zika, acompanhadas em um servi\u00e7o de refer\u00eancia para doen\u00e7as infecciosas em Manaus.<\/p>\n<p style=\"text-align: justify;\"><strong>SOBRE A PALESTRANTE<\/strong><\/p>\n<p style=\"text-align: justify;\">Anny Beatriz Costa Antony de Andrade \u00e9 graduada em enfermagem pela Universidade Federal do Amazonas (Ufam), com Resid\u00eancia em Enfermagem Obst\u00e9trica pelo Programa de Resid\u00eancia Multiprofissional e \u00c1rea Profissional em Sa\u00fade do Hospital Universit\u00e1rio Get\u00falio Vargas e Universidade Federal do Amazonas (HUGV\/Ufam). Mestre em Condi\u00e7\u00f5es de Vida e Situa\u00e7\u00f5es de Sa\u00fade na Amaz\u00f4nia (PPGVIDA) pelo ILMD\/Fiocruz Amaz\u00f4nia. Tem experi\u00eancia na em enfermagem, desenvolvendo trabalhos nas seguintes \u00e1reas: sa\u00fade materno-infantil; sistemas de informa\u00e7\u00e3o; sa\u00fade p\u00fablica (Fonte: Plataforma Lattes).<\/p>\n<p style=\"text-align: justify;\"><strong>CENTRO DE ESTUDOS<\/strong><\/p>\n<p style=\"text-align: justify;\">O Centro de Estudos do ILMD\/Fiocruz Amaz\u00f4nia \u00e9 um n\u00facleo que oportuniza encontros, palestras, semin\u00e1rios e debates sobre diversos temas ligados \u00e0 pesquisa e ao ensino para a promo\u00e7\u00e3o da sa\u00fade.<\/p>\n<p style=\"text-align: justify;\">Os eventos s\u00e3o gratuitos e ocorrem \u00e0s sextas-feiras. As atividades s\u00e3o destinadas a estudantes de gradua\u00e7\u00e3o e p\u00f3s-gradua\u00e7\u00e3o, pesquisadores, professores e trabalhadores da \u00e1rea da Sa\u00fade.<\/p>\n<h6><strong><em>ILMD\/Fiocruz Amaz\u00f4nia, por Marl\u00facia Seixas<\/em><\/strong><\/h6>\n<h6><strong><em>Imagem: Mackesy Nascimento<\/em><\/strong><\/h6>\n<\/div><\/section>\n","protected":false},"excerpt":{"rendered":"<p>O Centro de Estudos ser\u00e1 na pr\u00f3xima sexta-feira, 25\/6, \u00e0s 10h (hor\u00e1rio Manaus).<\/p>\n","protected":false},"author":26,"featured_media":34470,"comment_status":"closed","ping_status":"closed","sticky":true,"template":"","format":"image","meta":{"footnotes":""},"categories":[15],"tags":[118,1031,143,172],"class_list":["post-34469","post","type-post","status-publish","format-image","has-post-thumbnail","hentry","category-noticias","tag-centro-de-estudos","tag-enfermagem","tag-ppgvida","tag-zika","post_format-post-format-image"],"_links":{"self":[{"href":"https:\/\/amazonia.fiocruz.br\/index.php?rest_route=\/wp\/v2\/posts\/34469","targetHints":{"allow":["GET"]}}],"collection":[{"href":"https:\/\/amazonia.fiocruz.br\/index.php?rest_route=\/wp\/v2\/posts"}],"about":[{"href":"https:\/\/amazonia.fiocruz.br\/index.php?rest_route=\/wp\/v2\/types\/post"}],"author":[{"embeddable":true,"href":"https:\/\/amazonia.fiocruz.br\/index.php?rest_route=\/wp\/v2\/users\/26"}],"replies":[{"embeddable":true,"href":"https:\/\/amazonia.fiocruz.br\/index.php?rest_route=%2Fwp%2Fv2%2Fcomments&post=34469"}],"version-history":[{"count":1,"href":"https:\/\/amazonia.fiocruz.br\/index.php?rest_route=\/wp\/v2\/posts\/34469\/revisions"}],"predecessor-version":[{"id":34471,"href":"https:\/\/amazonia.fiocruz.br\/index.php?rest_route=\/wp\/v2\/posts\/34469\/revisions\/34471"}],"wp:featuredmedia":[{"embeddable":true,"href":"https:\/\/amazonia.fiocruz.br\/index.php?rest_route=\/wp\/v2\/media\/34470"}],"wp:attachment":[{"href":"https:\/\/amazonia.fiocruz.br\/index.php?rest_route=%2Fwp%2Fv2%2Fmedia&parent=34469"}],"wp:term":[{"taxonomy":"category","embeddable":true,"href":"https:\/\/amazonia.fiocruz.br\/index.php?rest_route=%2Fwp%2Fv2%2Fcategories&post=34469"},{"taxonomy":"post_tag","embeddable":true,"href":"https:\/\/amazonia.fiocruz.br\/index.php?rest_route=%2Fwp%2Fv2%2Ftags&post=34469"}],"curies":[{"name":"wp","href":"https:\/\/api.w.org\/{rel}","templated":true}]}}