{"id":34169,"date":"2021-04-30T13:41:03","date_gmt":"2021-04-30T17:41:03","guid":{"rendered":"https:\/\/amazonia.fiocruz.br\/?p=34169"},"modified":"2021-04-30T13:54:23","modified_gmt":"2021-04-30T17:54:23","slug":"comissao-eleitoral-da-fiocruz-amazonia-vai-transmitir-zeresima","status":"publish","type":"post","link":"https:\/\/amazonia.fiocruz.br\/?p=34169","title":{"rendered":"Comiss\u00e3o Eleitoral da Fiocruz Amaz\u00f4nia vai transmitir zer\u00e9sima"},"content":{"rendered":"<section class=\"av_textblock_section \"  itemscope=\"itemscope\" itemtype=\"https:\/\/schema.org\/BlogPosting\" itemprop=\"blogPost\" ><div class='avia_textblock  '   itemprop=\"text\" ><p>A Comiss\u00e3o Eleitoral institu\u00edda para organizar e coordenar os trabalhos relativos \u00e0 elei\u00e7\u00e3o para o cargo de Diretor do Instituto Le\u00f4nidas &#038; Maria Deane (ILMD\/Fiocruz Amaz\u00f4nia) para o quadri\u00eanio 2021-2025, divulga o link de transmiss\u00e3o da zer\u00e9sima &#8211; Elei\u00e7\u00e3o ILMD\/ Fiocruz Amaz\u00f4nia, que ser\u00e1 transmitida nesta sexta-feira, 30\/4, \u00e0s 15h (hor\u00e1rio Manaus).<\/p>\n<p>Link de transmiss\u00e3o: <a href=\"https:\/\/zoom.us\/j\/8128622807?pwd=WWVjc2libnllaDE1emU3Zm5jSXR3UT09\" target=\"_blank\" rel=\"noopener\">https:\/\/zoom.us\/j\/8128622807?pwd=WWVjc2libnllaDE1emU3Zm5jSXR3UT09<\/a> ID da reuni\u00e3o: 812 862 2807 e Senha de acesso: 500165<\/p>\n<p>As elei\u00e7\u00f5es para o cargo de Diretor ocorrer\u00e3o na pr\u00f3xima segunda-feira, 3\/5, das 8h \u00e0s 17h (hor\u00e1rio Manaus).<\/p>\n<p>Para mais informa\u00e7\u00f5es sobre o processo eleitoral da Unidade da Fiocruz no Amazonas acesse <a href=\"https:\/\/amazonia.fiocruz.br\/?page_id=33870\" target=\"_blank\" rel=\"noopener\">https:\/\/amazonia.fiocruz.br\/?page_id=33870<\/a><\/p>\n<h6><strong>ILMD\/ Fiocruz Amaz\u00f4nia<\/strong><\/h6>\n<h6><strong>Imagem: Mackesy Nascimento<\/strong><\/h6>\n<\/div><\/section>\n","protected":false},"excerpt":{"rendered":"<p>Transmiss\u00e3o ocorrer\u00e1 nesta sexta-feira, 30\/4, \u00e0s 15h (hor\u00e1rio Manaus).<\/p>\n","protected":false},"author":20,"featured_media":33806,"comment_status":"closed","ping_status":"closed","sticky":true,"template":"","format":"image","meta":{"footnotes":""},"categories":[15],"tags":[998,136,120,119,131],"class_list":["post-34169","post","type-post","status-publish","format-image","has-post-thumbnail","hentry","category-noticias","tag-comissao-eleitoral","tag-fiocruz","tag-fiocruz-amazonia","tag-ilmd","tag-ilmdfiocruz-amazonia","post_format-post-format-image"],"_links":{"self":[{"href":"https:\/\/amazonia.fiocruz.br\/index.php?rest_route=\/wp\/v2\/posts\/34169","targetHints":{"allow":["GET"]}}],"collection":[{"href":"https:\/\/amazonia.fiocruz.br\/index.php?rest_route=\/wp\/v2\/posts"}],"about":[{"href":"https:\/\/amazonia.fiocruz.br\/index.php?rest_route=\/wp\/v2\/types\/post"}],"author":[{"embeddable":true,"href":"https:\/\/amazonia.fiocruz.br\/index.php?rest_route=\/wp\/v2\/users\/20"}],"replies":[{"embeddable":true,"href":"https:\/\/amazonia.fiocruz.br\/index.php?rest_route=%2Fwp%2Fv2%2Fcomments&post=34169"}],"version-history":[{"count":2,"href":"https:\/\/amazonia.fiocruz.br\/index.php?rest_route=\/wp\/v2\/posts\/34169\/revisions"}],"predecessor-version":[{"id":34171,"href":"https:\/\/amazonia.fiocruz.br\/index.php?rest_route=\/wp\/v2\/posts\/34169\/revisions\/34171"}],"wp:featuredmedia":[{"embeddable":true,"href":"https:\/\/amazonia.fiocruz.br\/index.php?rest_route=\/wp\/v2\/media\/33806"}],"wp:attachment":[{"href":"https:\/\/amazonia.fiocruz.br\/index.php?rest_route=%2Fwp%2Fv2%2Fmedia&parent=34169"}],"wp:term":[{"taxonomy":"category","embeddable":true,"href":"https:\/\/amazonia.fiocruz.br\/index.php?rest_route=%2Fwp%2Fv2%2Fcategories&post=34169"},{"taxonomy":"post_tag","embeddable":true,"href":"https:\/\/amazonia.fiocruz.br\/index.php?rest_route=%2Fwp%2Fv2%2Ftags&post=34169"}],"curies":[{"name":"wp","href":"https:\/\/api.w.org\/{rel}","templated":true}]}}