{"id":34150,"date":"2021-04-29T14:07:46","date_gmt":"2021-04-29T18:07:46","guid":{"rendered":"https:\/\/amazonia.fiocruz.br\/?p=34150"},"modified":"2021-04-29T14:07:47","modified_gmt":"2021-04-29T18:07:47","slug":"novo-boletim-epidemiologico-apresenta-dados-de-um-ano-da-pandemia-de-covid-19-na-triplice-fronteira","status":"publish","type":"post","link":"https:\/\/amazonia.fiocruz.br\/?p=34150","title":{"rendered":"Novo boletim epidemiol\u00f3gico apresenta dados de um ano da pandemia de Covid-19 na tr\u00edplice fronteira"},"content":{"rendered":"<section class=\"av_textblock_section \"  itemscope=\"itemscope\" itemtype=\"https:\/\/schema.org\/BlogPosting\" itemprop=\"blogPost\" ><div class='avia_textblock  '   itemprop=\"text\" ><p style=\"text-align: justify;\">A Rede Transfronteiri\u00e7a Covid-19, composta por pesquisadores do Instituto Le\u00f4nidas\u00a0 &amp; Maria Deane(ILMD\/Fiocruz Amaz\u00f4nia) e de outras 12 institui\u00e7\u00f5es do Brasil, Col\u00f4mbia e Peru, \u00a0lan\u00e7a boletim epidemiol\u00f3gico bil\u00edngue sobre a <em>Din\u00e2mica epidemiol\u00f3gica da pandemia da Covid-19 \u00a0na fronteira entre Brasil, Col\u00f4mbia e Peru: retrospectiva de um ano de pandemia<\/em>. O documento apresenta o cen\u00e1rio da doen\u00e7a na \u00e1rea da tr\u00edplice fronteira.<\/p>\n<p style=\"text-align: justify;\">As an\u00e1lises v\u00e3o desde a ocorr\u00eancia do primeiro caso de Covid-19 em Manaus, em\u00a0 13 de mar\u00e7o de 2020, at\u00e9 o dia 31 de mar\u00e7o de 2021. Dentre os aspectos verificados est\u00e3o a incid\u00eancia de casos e a\u00a0 mortalidade por 100.000 habitantes, bem como a distribui\u00e7\u00e3o gen\u00f4mica das diferentes variantes do SARS-CoV-2, e a implementa\u00e7\u00e3o dos planos de vacina\u00e7\u00e3o de cada pa\u00eds na regi\u00e3o.<\/p>\n<p style=\"text-align: justify;\">\u201cO Boletim apresenta dados da regi\u00e3o como uma s\u00f3, conhecendo a din\u00e2mica da Covid-19 do outro lado da fronteira, o que pode auxiliar na tomada de decis\u00f5es dos gestores e da sociedade civil para oenfrentamento da pandemia\u201d, explica Jos\u00e9 Joaqu\u00edn Carvajal Cort\u00e9s, pesquisador da Fiocruz Amaz\u00f4nia.<\/p>\n<p style=\"text-align: justify;\">Segundo ele, o documento aponta\u00a0 \u201co colapso do sistema de sa\u00fade diante das desigualdades sociais e das necessidades de sa\u00fade da popula\u00e7\u00e3o, especialmente nessas regi\u00f5es mais isoladas e em situa\u00e7\u00f5es de maior vulnerabilidade, bem como a introdu\u00e7\u00e3o da variante de preocupa\u00e7\u00e3o P.1, que pode ter agravado essa situa\u00e7\u00e3o\u201d.<\/p>\n<p style=\"text-align: justify;\"><a href=\"https:\/\/amazonia.fiocruz.br\/wp-content\/uploads\/2021\/04\/boletim_3.pdf\" target=\"_blank\" rel=\"noopener\">Leia o Boletim na \u00edntegra.<\/a><\/p>\n<p style=\"text-align: justify;\">O Boletim epidemiol\u00f3gico foi elaborado pelos pesquisadores Jos\u00e9 Joaqu\u00edn Carvajal Cort\u00e9s (ILMD\/Fiocruz Amaz\u00f4nia), Martha Cecilia Su\u00e1rez (Instituto Oswaldo Cruz \u2013 IOC\/Fiocruz), pelos discentes \u00a0Juan Camilo Grisales Nieto(PPGVIDA-ILMD\/Fiocruz Amaz\u00f4nia), Kelly Natalia Romero (PPGBIO-ILMD\/Fiocruz Amaz\u00f4nia) e \u00a0Pedro Henrique Coelho Rapozo (Universidade do Estado do Amazonas (UEA-Tabatinga) e Rodrigo Oliveira Braga Reis (Universidade Federal do Amazonas (Ufam-Benjamin Constant).<\/p>\n<p style=\"text-align: justify;\"><em>ILMD\/Fiocruz Amaz\u00f4nia, por Marl\u00facia Seixas<\/em><br \/>\n<em>Imagem: Mackesy Nascimento<\/em><\/p>\n<\/div><\/section>\n","protected":false},"excerpt":{"rendered":"<p>As an\u00e1lises v\u00e3o desde a ocorr\u00eancia do primeiro caso de Covid-19 em Manaus, em\u00a0 13 de mar\u00e7o de 2020, at\u00e9 o dia 31 de mar\u00e7o de 2021.<\/p>\n","protected":false},"author":26,"featured_media":34151,"comment_status":"closed","ping_status":"closed","sticky":true,"template":"","format":"image","meta":{"footnotes":""},"categories":[15],"tags":[176,1013,871,119,131,873,369],"class_list":["post-34150","post","type-post","status-publish","format-image","has-post-thumbnail","hentry","category-noticias","tag-amazonas","tag-boletim-epidemiologico","tag-covid-19","tag-ilmd","tag-ilmdfiocruz-amazonia","tag-sars-cov-2","tag-triplice-fronteira","post_format-post-format-image"],"_links":{"self":[{"href":"https:\/\/amazonia.fiocruz.br\/index.php?rest_route=\/wp\/v2\/posts\/34150","targetHints":{"allow":["GET"]}}],"collection":[{"href":"https:\/\/amazonia.fiocruz.br\/index.php?rest_route=\/wp\/v2\/posts"}],"about":[{"href":"https:\/\/amazonia.fiocruz.br\/index.php?rest_route=\/wp\/v2\/types\/post"}],"author":[{"embeddable":true,"href":"https:\/\/amazonia.fiocruz.br\/index.php?rest_route=\/wp\/v2\/users\/26"}],"replies":[{"embeddable":true,"href":"https:\/\/amazonia.fiocruz.br\/index.php?rest_route=%2Fwp%2Fv2%2Fcomments&post=34150"}],"version-history":[{"count":3,"href":"https:\/\/amazonia.fiocruz.br\/index.php?rest_route=\/wp\/v2\/posts\/34150\/revisions"}],"predecessor-version":[{"id":34155,"href":"https:\/\/amazonia.fiocruz.br\/index.php?rest_route=\/wp\/v2\/posts\/34150\/revisions\/34155"}],"wp:featuredmedia":[{"embeddable":true,"href":"https:\/\/amazonia.fiocruz.br\/index.php?rest_route=\/wp\/v2\/media\/34151"}],"wp:attachment":[{"href":"https:\/\/amazonia.fiocruz.br\/index.php?rest_route=%2Fwp%2Fv2%2Fmedia&parent=34150"}],"wp:term":[{"taxonomy":"category","embeddable":true,"href":"https:\/\/amazonia.fiocruz.br\/index.php?rest_route=%2Fwp%2Fv2%2Fcategories&post=34150"},{"taxonomy":"post_tag","embeddable":true,"href":"https:\/\/amazonia.fiocruz.br\/index.php?rest_route=%2Fwp%2Fv2%2Ftags&post=34150"}],"curies":[{"name":"wp","href":"https:\/\/api.w.org\/{rel}","templated":true}]}}