{"id":34126,"date":"2021-04-26T16:33:48","date_gmt":"2021-04-26T20:33:48","guid":{"rendered":"https:\/\/amazonia.fiocruz.br\/?p=34126"},"modified":"2021-04-26T16:33:49","modified_gmt":"2021-04-26T20:33:49","slug":"inscricoes-para-a-especializacao-em-saude-publica-em-manacapuru-am-podem-ser-feitas-ate-o-dia-28-4","status":"publish","type":"post","link":"https:\/\/amazonia.fiocruz.br\/?p=34126","title":{"rendered":"Inscri\u00e7\u00f5es para a especializa\u00e7\u00e3o em Sa\u00fade P\u00fablica em Manacapuru (AM) podem ser feitas at\u00e9 o dia 28\/4"},"content":{"rendered":"<p>O Instituto Le\u00f4nidas &amp; Maria Deane (ILMD\/Fiocruz Amaz\u00f4nia), em a\u00e7\u00e3o em parceria com o Conselho dos Secret\u00e1rios Municipais de Sa\u00fade (Cosems), informa que o per\u00edodo de inscri\u00e7\u00f5es ao curso <em>lato sensu<\/em> em Sa\u00fade P\u00fablica em Manacapuru (AM), no \u00e2mbito do Projeto QualificaSUS, foram prorrogadas at\u00e9 28 de abril.<\/p>\n<p>O curso \u00e9 destinado a profissionais com n\u00edvel superior da rede de sa\u00fade p\u00fablica de Manacapuru e munic\u00edpios vizinhos.<\/p>\n<p>Confira o edital em <a href=\"https:\/\/amazonia.fiocruz.br\/?page_id=33865\" target=\"_blank\" rel=\"noreferrer noopener\">https:\/\/amazonia.fiocruz.br\/?page_id=33865<\/a>. As inscri\u00e7\u00f5es s\u00e3o realizadas pelo e-mail: inscricaolato.ilmd@fiocruz.br<\/p>\n<p><strong><em>ASCOM\/ILMD Fiocruz Amaz\u00f4nia<\/em><\/strong><\/p>\n<p><strong><em>Imagem: Mackesy Pinheiro<\/em><\/strong><\/p>\n","protected":false},"excerpt":{"rendered":"","protected":false},"author":26,"featured_media":34128,"comment_status":"closed","ping_status":"closed","sticky":true,"template":"","format":"image","meta":{"footnotes":""},"categories":[15],"tags":[428,724,120,131,863,737],"class_list":["post-34126","post","type-post","status-publish","format-image","has-post-thumbnail","hentry","category-noticias","tag-chamada-publica","tag-curso-de-especializacao","tag-fiocruz-amazonia","tag-ilmdfiocruz-amazonia","tag-manacapuru","tag-projeto-qualificasus","post_format-post-format-image"],"_links":{"self":[{"href":"https:\/\/amazonia.fiocruz.br\/index.php?rest_route=\/wp\/v2\/posts\/34126","targetHints":{"allow":["GET"]}}],"collection":[{"href":"https:\/\/amazonia.fiocruz.br\/index.php?rest_route=\/wp\/v2\/posts"}],"about":[{"href":"https:\/\/amazonia.fiocruz.br\/index.php?rest_route=\/wp\/v2\/types\/post"}],"author":[{"embeddable":true,"href":"https:\/\/amazonia.fiocruz.br\/index.php?rest_route=\/wp\/v2\/users\/26"}],"replies":[{"embeddable":true,"href":"https:\/\/amazonia.fiocruz.br\/index.php?rest_route=%2Fwp%2Fv2%2Fcomments&post=34126"}],"version-history":[{"count":1,"href":"https:\/\/amazonia.fiocruz.br\/index.php?rest_route=\/wp\/v2\/posts\/34126\/revisions"}],"predecessor-version":[{"id":34127,"href":"https:\/\/amazonia.fiocruz.br\/index.php?rest_route=\/wp\/v2\/posts\/34126\/revisions\/34127"}],"wp:featuredmedia":[{"embeddable":true,"href":"https:\/\/amazonia.fiocruz.br\/index.php?rest_route=\/wp\/v2\/media\/34128"}],"wp:attachment":[{"href":"https:\/\/amazonia.fiocruz.br\/index.php?rest_route=%2Fwp%2Fv2%2Fmedia&parent=34126"}],"wp:term":[{"taxonomy":"category","embeddable":true,"href":"https:\/\/amazonia.fiocruz.br\/index.php?rest_route=%2Fwp%2Fv2%2Fcategories&post=34126"},{"taxonomy":"post_tag","embeddable":true,"href":"https:\/\/amazonia.fiocruz.br\/index.php?rest_route=%2Fwp%2Fv2%2Ftags&post=34126"}],"curies":[{"name":"wp","href":"https:\/\/api.w.org\/{rel}","templated":true}]}}