{"id":34076,"date":"2021-04-20T15:25:24","date_gmt":"2021-04-20T19:25:24","guid":{"rendered":"https:\/\/amazonia.fiocruz.br\/?p=34076"},"modified":"2021-04-20T15:57:32","modified_gmt":"2021-04-20T19:57:32","slug":"divulgada-republicacao-de-chamada-publica-para-atualizacao-em-organizacao-de-protocolo-para-combate-a-covid-19","status":"publish","type":"post","link":"https:\/\/amazonia.fiocruz.br\/?p=34076","title":{"rendered":"Divulgada republica\u00e7\u00e3o de chamada p\u00fablica para atualiza\u00e7\u00e3o em organiza\u00e7\u00e3o de protocolo para combate \u00e0 Covid-19"},"content":{"rendered":"<section class=\"av_textblock_section \"  itemscope=\"itemscope\" itemtype=\"https:\/\/schema.org\/BlogPosting\" itemprop=\"blogPost\" ><div class='avia_textblock  '   itemprop=\"text\" ><p style=\"text-align: justify;\">O Instituto Le\u00f4nidas &#038; Maria Deane (ILMD\/Fiocruz Amaz\u00f4nia) divulga a 1\u00aa republica\u00e7\u00e3o da chamada p\u00fablica n\u00ba 007\/2021, que trata da oferta do Curso de Atualiza\u00e7\u00e3o em Organiza\u00e7\u00e3o de Protocolo para Combate \u00e0 Covid-19: oximetria para diagn\u00f3stico de agravamento. A oferta deste curso de Atualiza\u00e7\u00e3o \u00e9 parte integrante das a\u00e7\u00f5es de Educa\u00e7\u00e3o previstas no Projeto QualificaSUS do ILMD\/Fiocruz Amaz\u00f4nia.<\/p>\n<p style=\"text-align: justify;\">Confira a republica\u00e7\u00e3o em: <a href=\"https:\/\/www.amazonia.fiocruz.br\/?page_id=34025\" target=\"_blank\" rel=\"noreferrer noopener\">https:\/\/www.amazonia.fiocruz.br\/?page_id=34025<\/a><\/p>\n<p style=\"text-align: justify;\">A republica\u00e7\u00e3o traz altera\u00e7\u00e3o do Anexo I e inclus\u00e3o dos itens 1.10 e 1.11, referente ao aumento no n\u00famero de turmas e vagas ofertadas. Poder\u00e3o participar do processo seletivo os Agentes Comunit\u00e1rios de Sa\u00fade &#8211; ACS e os Agentes de Combate a Endemias &#8211; ACE com v\u00ednculo empregat\u00edcio com o munic\u00edpio, no per\u00edodo de sele\u00e7\u00e3o (Anexo I).<\/p>\n<p style=\"text-align: justify;\">O curso ser\u00e1 de 20 horas e, tem como objetivos: Apresentar dados epidemiol\u00f3gicos da Covid na capital e interior do Amazonas; Conceituar Coronav\u00edrus e SARS-COV, formas de transmiss\u00e3o, principais sinais e sintomas e classifica\u00e7\u00e3o de risco; Apresentar formas de preven\u00e7\u00e3o: lavagem das m\u00e3os, uso de m\u00e1scaras e vacina\u00e7\u00e3o; Discutir com os participantes os mitos e verdades sobre vacina\u00e7\u00e3o; Apresentar o ox\u00edmetro e seu uso para identifica\u00e7\u00e3o de casos graves em lugares remotos para tomadas de decis\u00e3o; e, Elaborar estrat\u00e9gias municipais para o enfrentamento e controle da Covid \u2013 19.<\/p>\n<p style=\"text-align: justify;\">A divulga\u00e7\u00e3o da lista de candidatos selecionados, ser\u00e1 publicada no site do ILMD, no seguinte endere\u00e7o ( <a href=\"https:\/\/amazonia.fiocruz.br\/?page_id=28031\" target=\"_blank\" rel=\"noopener\">https:\/\/amazonia.fiocruz.br\/?page_id=28031<\/a> ) e, na sede da Secretaria Municipal de Sa\u00fade do munic\u00edpio.<\/p>\n<h6 style=\"text-align: justify;\"><strong><em>ILMD\/ Fiocruz Amaz\u00f4nia, por Eduardo Gomes<\/em><\/strong><\/h6>\n<h6 style=\"text-align: justify;\"><strong><em>Imagem: Mackesy Nascimento<\/em><\/strong><\/h6>\n<\/div><\/section>\n","protected":false},"excerpt":{"rendered":"<p>A republica\u00e7\u00e3o traz altera\u00e7\u00e3o do Anexo I, referente ao aumento no n\u00famero de turmas e vagas ofertadas.<\/p>\n","protected":false},"author":20,"featured_media":34050,"comment_status":"closed","ping_status":"closed","sticky":true,"template":"","format":"image","meta":{"footnotes":""},"categories":[15],"tags":[428,871,277,751,136,120,119,131,414],"class_list":["post-34076","post","type-post","status-publish","format-image","has-post-thumbnail","hentry","category-noticias","tag-chamada-publica","tag-covid-19","tag-curso","tag-curso-de-atualizacao","tag-fiocruz","tag-fiocruz-amazonia","tag-ilmd","tag-ilmdfiocruz-amazonia","tag-republicacao","post_format-post-format-image"],"_links":{"self":[{"href":"https:\/\/amazonia.fiocruz.br\/index.php?rest_route=\/wp\/v2\/posts\/34076","targetHints":{"allow":["GET"]}}],"collection":[{"href":"https:\/\/amazonia.fiocruz.br\/index.php?rest_route=\/wp\/v2\/posts"}],"about":[{"href":"https:\/\/amazonia.fiocruz.br\/index.php?rest_route=\/wp\/v2\/types\/post"}],"author":[{"embeddable":true,"href":"https:\/\/amazonia.fiocruz.br\/index.php?rest_route=\/wp\/v2\/users\/20"}],"replies":[{"embeddable":true,"href":"https:\/\/amazonia.fiocruz.br\/index.php?rest_route=%2Fwp%2Fv2%2Fcomments&post=34076"}],"version-history":[{"count":2,"href":"https:\/\/amazonia.fiocruz.br\/index.php?rest_route=\/wp\/v2\/posts\/34076\/revisions"}],"predecessor-version":[{"id":34081,"href":"https:\/\/amazonia.fiocruz.br\/index.php?rest_route=\/wp\/v2\/posts\/34076\/revisions\/34081"}],"wp:featuredmedia":[{"embeddable":true,"href":"https:\/\/amazonia.fiocruz.br\/index.php?rest_route=\/wp\/v2\/media\/34050"}],"wp:attachment":[{"href":"https:\/\/amazonia.fiocruz.br\/index.php?rest_route=%2Fwp%2Fv2%2Fmedia&parent=34076"}],"wp:term":[{"taxonomy":"category","embeddable":true,"href":"https:\/\/amazonia.fiocruz.br\/index.php?rest_route=%2Fwp%2Fv2%2Fcategories&post=34076"},{"taxonomy":"post_tag","embeddable":true,"href":"https:\/\/amazonia.fiocruz.br\/index.php?rest_route=%2Fwp%2Fv2%2Ftags&post=34076"}],"curies":[{"name":"wp","href":"https:\/\/api.w.org\/{rel}","templated":true}]}}