{"id":34004,"date":"2021-04-14T08:02:39","date_gmt":"2021-04-14T12:02:39","guid":{"rendered":"https:\/\/amazonia.fiocruz.br\/?p=34004"},"modified":"2021-04-14T08:35:59","modified_gmt":"2021-04-14T12:35:59","slug":"palestra-do-centro-de-estudos-vai-abordar-malaria-em-primatas-nao-humanos","status":"publish","type":"post","link":"https:\/\/amazonia.fiocruz.br\/?p=34004","title":{"rendered":"Palestra do Centro de Estudos vai abordar mal\u00e1ria em primatas n\u00e3o-humanos"},"content":{"rendered":"<section class=\"av_textblock_section \"  itemscope=\"itemscope\" itemtype=\"https:\/\/schema.org\/BlogPosting\" itemprop=\"blogPost\" ><div class='avia_textblock  '   itemprop=\"text\" ><p style=\"text-align: justify;\">O Centro de Estudos do Instituto Le\u00f4nidas &#038; Maria Deane (ILMD\/Fiocruz Amaz\u00f4nia), apresenta na pr\u00f3xima sexta-feira, 16\/4, \u00e0s 10h, a palestra \u201cMal\u00e1ria em primatas n\u00e3o-humanos e a transmiss\u00e3o zoon\u00f3tica de mal\u00e1ria na Mata Atl\u00e2ntica\u201d, a ser ministrada por Cristiana Ferreira Alves de Brito, pesquisadora do Instituto Ren\u00e9 Rachou (Fiocruz Minas)<\/p>\n<p style=\"text-align: justify;\">A palestra vai abordar a infec\u00e7\u00e3o por esp\u00e9cies de <em>Plasmodium<\/em> em macacos de diferentes esp\u00e9cies, a resposta imune desses animais e exemplos de transmiss\u00e3o zoon\u00f3tica da mal\u00e1ria, principalmente em regi\u00f5es de Mata Atl\u00e2ntica.<\/p>\n<p style=\"text-align: justify;\">A apresenta\u00e7\u00e3o ocorrer\u00e1 atrav\u00e9s da plataforma Zoom, por meio do link: <a href=\"https:\/\/zoom.us\/j\/92808882692\">https:\/\/zoom.us\/j\/92808882692<\/a> (ID da reuni\u00e3o: 928 0888 2692)<\/p>\n<p style=\"text-align: justify;\"><strong>SOBRE A PALESTRANTE<\/strong><\/p>\n<p style=\"text-align: justify;\">Cristiana \u00e9 graduada em Ci\u00eancias Biol\u00f3gicas pela Pontif\u00edcia Universidade Cat\u00f3lica de Minas Gerais, mestre em Bioqu\u00edmica e Imunologia pela Universidade Federal de Minas Gerais e doutora em Bioqu\u00edmica e Imunologia pela Universidade Federal de Minas Gerais.<\/p>\n<p style=\"text-align: justify;\">\u00c9 pesquisadora do Instituto Ren\u00e9 Rachou &#8211; Funda\u00e7\u00e3o Oswaldo Cruz, professora da P\u00f3s-gradua\u00e7\u00e3o em Ci\u00eancias da Sa\u00fade e, atualmente \u00e9 vice-diretora de Ensino, Comunica\u00e7\u00e3o e Informa\u00e7\u00e3o do Centro de Pesquisas Ren\u00e9 Rachou. Al\u00e9m disso, coordena a comiss\u00e3o de divulga\u00e7\u00e3o cient\u00edfica do IRR.<\/p>\n<p style=\"text-align: justify;\">Tem experi\u00eancia na \u00e1rea de Biologia molecular, atuando principalmente nos seguintes temas: Mal\u00e1ria, <em>Plasmodium vivax<\/em> e <em>Plasmodium falciparum<\/em>; Ant\u00edgenos recombinantes; Variabilidade gen\u00e9tica.<\/p>\n<p style=\"text-align: justify;\"><strong>CENTRO DE ESTUDOS<\/strong><\/p>\n<p style=\"text-align: justify;\">O Centro de Estudos do ILMD\/Fiocruz Amaz\u00f4nia \u00e9 um n\u00facleo que oportuniza encontros, palestras, semin\u00e1rios e debates sobre diversos temas ligados \u00e0 pesquisa e ao ensino para a promo\u00e7\u00e3o da sa\u00fade.<\/p>\n<p style=\"text-align: justify;\">Os eventos s\u00e3o gratuitos e ocorrem \u00e0s sextas-feiras. As atividades s\u00e3o destinadas a estudantes de gradua\u00e7\u00e3o e p\u00f3s-gradua\u00e7\u00e3o, pesquisadores, professores e trabalhadores da \u00e1rea da Sa\u00fade.<\/p>\n<h6 style=\"text-align: justify;\"><strong><em>ILMD\/ Fiocruz Amaz\u00f4nia, por Eduardo Gomes<\/em><\/strong><\/h6>\n<h6 style=\"text-align: justify;\"><strong><em>Imagem: Mackesy Nascimento<\/em><\/strong><\/h6>\n<\/div><\/section>\n","protected":false},"excerpt":{"rendered":"<p>Apresenta\u00e7\u00e3o vai abordar a infec\u00e7\u00e3o por esp\u00e9cies de Plasmodium em macacos de diferentes esp\u00e9cies.<\/p>\n","protected":false},"author":20,"featured_media":34005,"comment_status":"closed","ping_status":"closed","sticky":true,"template":"","format":"image","meta":{"footnotes":""},"categories":[15],"tags":[118,136,120,119,131,175,121,1007],"class_list":["post-34004","post","type-post","status-publish","format-image","has-post-thumbnail","hentry","category-noticias","tag-centro-de-estudos","tag-fiocruz","tag-fiocruz-amazonia","tag-ilmd","tag-ilmdfiocruz-amazonia","tag-malaria","tag-palestra","tag-primatas","post_format-post-format-image"],"_links":{"self":[{"href":"https:\/\/amazonia.fiocruz.br\/index.php?rest_route=\/wp\/v2\/posts\/34004","targetHints":{"allow":["GET"]}}],"collection":[{"href":"https:\/\/amazonia.fiocruz.br\/index.php?rest_route=\/wp\/v2\/posts"}],"about":[{"href":"https:\/\/amazonia.fiocruz.br\/index.php?rest_route=\/wp\/v2\/types\/post"}],"author":[{"embeddable":true,"href":"https:\/\/amazonia.fiocruz.br\/index.php?rest_route=\/wp\/v2\/users\/20"}],"replies":[{"embeddable":true,"href":"https:\/\/amazonia.fiocruz.br\/index.php?rest_route=%2Fwp%2Fv2%2Fcomments&post=34004"}],"version-history":[{"count":4,"href":"https:\/\/amazonia.fiocruz.br\/index.php?rest_route=\/wp\/v2\/posts\/34004\/revisions"}],"predecessor-version":[{"id":34010,"href":"https:\/\/amazonia.fiocruz.br\/index.php?rest_route=\/wp\/v2\/posts\/34004\/revisions\/34010"}],"wp:featuredmedia":[{"embeddable":true,"href":"https:\/\/amazonia.fiocruz.br\/index.php?rest_route=\/wp\/v2\/media\/34005"}],"wp:attachment":[{"href":"https:\/\/amazonia.fiocruz.br\/index.php?rest_route=%2Fwp%2Fv2%2Fmedia&parent=34004"}],"wp:term":[{"taxonomy":"category","embeddable":true,"href":"https:\/\/amazonia.fiocruz.br\/index.php?rest_route=%2Fwp%2Fv2%2Fcategories&post=34004"},{"taxonomy":"post_tag","embeddable":true,"href":"https:\/\/amazonia.fiocruz.br\/index.php?rest_route=%2Fwp%2Fv2%2Ftags&post=34004"}],"curies":[{"name":"wp","href":"https:\/\/api.w.org\/{rel}","templated":true}]}}