{"id":33966,"date":"2021-04-13T11:41:58","date_gmt":"2021-04-13T15:41:58","guid":{"rendered":"https:\/\/amazonia.fiocruz.br\/?p=33966"},"modified":"2021-04-13T14:13:15","modified_gmt":"2021-04-13T18:13:15","slug":"comissao-eleitoral-da-fiocruz-amazonia-divulga-nome-de-candidata-inscrita","status":"publish","type":"post","link":"https:\/\/amazonia.fiocruz.br\/?p=33966","title":{"rendered":"Comiss\u00e3o Eleitoral da Fiocruz Amaz\u00f4nia divulga nome de candidata inscrita para o cargo de Diretora"},"content":{"rendered":"<section class=\"av_textblock_section \"  itemscope=\"itemscope\" itemtype=\"https:\/\/schema.org\/BlogPosting\" itemprop=\"blogPost\" ><div class='avia_textblock  '   itemprop=\"text\" ><p style=\"text-align: justify;\">A Comiss\u00e3o Eleitoral institu\u00edda para organizar e coordenar os trabalhos relativos \u00e0 elei\u00e7\u00e3o para o cargo de Diretor do Instituto Le\u00f4nidas &amp; Maria Deane (ILMD\/Fiocruz Amaz\u00f4nia), para o quadri\u00eanio 2021-2025, em cumprimento ao Calend\u00e1rio Eleitoral 2021, &nbsp;divulga a inscri\u00e7\u00e3o da candidata <a href=\"http:\/\/lattes.cnpq.br\/5458052030678047\">Adele Schwartz Benzaken<\/a>.<\/p>\n<p style=\"text-align: justify;\">A homologa\u00e7\u00e3o da inscri\u00e7\u00e3o foi feita pelo Conselho Diretivo da Unidade &nbsp;(CD-ILMD\/Fiocruz Amaz\u00f4nia) ontem, 12\/4. As inscri\u00e7\u00f5es ocorreram no per\u00edodo de 5 a 9 de abril. O prazo para impugna\u00e7\u00e3o ser\u00e1 amanh\u00e3, 14\/4. <a href=\"https:\/\/amazonia.fiocruz.br\/wp-content\/uploads\/2021\/03\/1.-EDITAL-DE-CONVOCACAO-Eleicao-do-Diretor-do-ILMD-Quadrienio-2021-a-2025.pdf\">Confira &nbsp;aqui o calend\u00e1rio<\/a>.<\/p>\n<p style=\"text-align: justify;\">Para mais informa\u00e7\u00f5es sobre o processo eleitoral da Unidade da Fiocruz no Amazonas acesse <a href=\"https:\/\/amazonia.fiocruz.br\/?page_id=33870\">https:\/\/amazonia.fiocruz.br\/?page_id=33870<\/a><\/p>\n<h6><strong><em>Ascom-ILMD\/Fiocruz Amaz\u00f4nia<\/em><\/strong><\/h6>\n<\/div><\/section>\n","protected":false},"excerpt":{"rendered":"<p>A Comiss\u00e3o Eleitoral institu\u00edda para organizar e coordenar os trabalhos relativos \u00e0 elei\u00e7\u00e3o para o cargo de Diretor do Instituto Le\u00f4nidas &#038; Maria Deane (ILMD\/Fiocruz Amaz\u00f4nia).<\/p>\n","protected":false},"author":26,"featured_media":33806,"comment_status":"closed","ping_status":"closed","sticky":true,"template":"","format":"image","meta":{"footnotes":""},"categories":[15],"tags":[998,994,997],"class_list":["post-33966","post","type-post","status-publish","format-image","has-post-thumbnail","hentry","category-noticias","tag-comissao-eleitoral","tag-eleicao-ilmd-fiocruz-amazonia","tag-processo-eleitoral-para-diretor","post_format-post-format-image"],"_links":{"self":[{"href":"https:\/\/amazonia.fiocruz.br\/index.php?rest_route=\/wp\/v2\/posts\/33966","targetHints":{"allow":["GET"]}}],"collection":[{"href":"https:\/\/amazonia.fiocruz.br\/index.php?rest_route=\/wp\/v2\/posts"}],"about":[{"href":"https:\/\/amazonia.fiocruz.br\/index.php?rest_route=\/wp\/v2\/types\/post"}],"author":[{"embeddable":true,"href":"https:\/\/amazonia.fiocruz.br\/index.php?rest_route=\/wp\/v2\/users\/26"}],"replies":[{"embeddable":true,"href":"https:\/\/amazonia.fiocruz.br\/index.php?rest_route=%2Fwp%2Fv2%2Fcomments&post=33966"}],"version-history":[{"count":6,"href":"https:\/\/amazonia.fiocruz.br\/index.php?rest_route=\/wp\/v2\/posts\/33966\/revisions"}],"predecessor-version":[{"id":33977,"href":"https:\/\/amazonia.fiocruz.br\/index.php?rest_route=\/wp\/v2\/posts\/33966\/revisions\/33977"}],"wp:featuredmedia":[{"embeddable":true,"href":"https:\/\/amazonia.fiocruz.br\/index.php?rest_route=\/wp\/v2\/media\/33806"}],"wp:attachment":[{"href":"https:\/\/amazonia.fiocruz.br\/index.php?rest_route=%2Fwp%2Fv2%2Fmedia&parent=33966"}],"wp:term":[{"taxonomy":"category","embeddable":true,"href":"https:\/\/amazonia.fiocruz.br\/index.php?rest_route=%2Fwp%2Fv2%2Fcategories&post=33966"},{"taxonomy":"post_tag","embeddable":true,"href":"https:\/\/amazonia.fiocruz.br\/index.php?rest_route=%2Fwp%2Fv2%2Ftags&post=33966"}],"curies":[{"name":"wp","href":"https:\/\/api.w.org\/{rel}","templated":true}]}}