{"id":33383,"date":"2021-02-22T12:25:00","date_gmt":"2021-02-22T16:25:00","guid":{"rendered":"https:\/\/amazonia.fiocruz.br\/?p=33383"},"modified":"2021-02-24T17:07:28","modified_gmt":"2021-02-24T21:07:28","slug":"ppgvida-divulga-republicacao-da-oferta-de-vagas-para-aluno-especial-2","status":"publish","type":"post","link":"https:\/\/amazonia.fiocruz.br\/?p=33383","title":{"rendered":"PPGVIDA divulga Republica\u00e7\u00e3o da Oferta de Vagas para aluno especial"},"content":{"rendered":"<section class=\"av_textblock_section \"  itemscope=\"itemscope\" itemtype=\"https:\/\/schema.org\/BlogPosting\" itemprop=\"blogPost\" ><div class='avia_textblock  '   itemprop=\"text\" ><p style=\"text-align: justify;\">O Programa de P\u00f3s-Gradua\u00e7\u00e3o Stricto Sensu em Condi\u00e7\u00f5es de Vida e Situa\u00e7\u00f5es de Sa\u00fade na Amaz\u00f4nia (PPGVIDA) do Instituto Le\u00f4nidas &amp; Maria Deane (ILMD\/Fiocruz Amaz\u00f4nia), atrav\u00e9s do Servi\u00e7o de P\u00f3s-gradua\u00e7\u00e3o da Vice-Diretoria de Ensino, Informa\u00e7\u00e3o e Comunica\u00e7\u00e3o (VDEIC), divulga a Republica\u00e7\u00e3o da&nbsp;Oferta de Vagas para aluno especial em disciplinas \u2013 per\u00edodo 2021\/1.<\/p>\n<p style=\"text-align: justify;\">As inscri\u00e7\u00f5es foram prorrogadas para o seguinte per\u00edodo: 22 e 23\/02\/2021 (\u00faltimo dia at\u00e9 \u00e0s 17h00).<\/p>\n<p style=\"text-align: justify;\">Confira a republica\u00e7\u00e3o, por meio do link de acesso ao Sistema de Gerenciamento Acad\u00eamico \u2013 SIGASS: <a href=\"https:\/\/www.sigass.fiocruz.br\/pub\/inscricao.do?codP=120\">https:\/\/www.sigass.fiocruz.br\/pub\/inscricao.do?codP=120<\/a><\/p>\n<p style=\"text-align: justify;\"><strong>SOBRE O PPGVIDA<\/strong><\/p>\n<p style=\"text-align: justify;\">O curso de mestrado em Condi\u00e7\u00f5es de Vida e Situa\u00e7\u00f5es de Sa\u00fade na Amaz\u00f4nia tem como objetivo capacitar profissionais para desenvolver modelos anal\u00edticos, capazes de subsidiar pesquisas em sa\u00fade, apoiar o planejamento, execu\u00e7\u00e3o e gerenciamento de servi\u00e7os e a\u00e7\u00f5es de controle e o monitoramento de doen\u00e7as e agravos de interesse coletivo e do Sistema \u00danico de Sa\u00fade na Amaz\u00f4nia.<\/p>\n<p style=\"text-align: justify;\">O PPGVIDA tamb\u00e9m visa planejar, propor e utilizar m\u00e9todos e t\u00e9cnicas para executar investiga\u00e7\u00f5es na \u00e1rea de sa\u00fade, mediante o uso integrado de conceitos e recursos te\u00f3rico-metodol\u00f3gicos advindos da sa\u00fade coletiva, biologia parasit\u00e1ria, epidemiologia, ci\u00eancias sociais e humanas aplicadas \u00e0 sa\u00fade, comunica\u00e7\u00e3o e informa\u00e7\u00e3o em sa\u00fade e de outras \u00e1reas de interesse acad\u00eamico, na constru\u00e7\u00e3o de desenhos complexos de pesquisa sobre a realidade amaz\u00f4nica.<\/p>\n<p style=\"text-align: justify;\">ILMD\/Fiocruz Amaz\u00f4nia, por Eduardo Gomes<\/p>\n<p style=\"text-align: justify;\">Imagem: Mackesy Nascimento<\/p>\n<\/div><\/section>\n","protected":false},"excerpt":{"rendered":"","protected":false},"author":20,"featured_media":33316,"comment_status":"closed","ping_status":"closed","sticky":false,"template":"","format":"standard","meta":{"footnotes":""},"categories":[15],"tags":[475,136,120,119,131,205,143,414],"class_list":["post-33383","post","type-post","status-publish","format-standard","has-post-thumbnail","hentry","category-noticias","tag-aluno-especial","tag-fiocruz","tag-fiocruz-amazonia","tag-ilmd","tag-ilmdfiocruz-amazonia","tag-mestrado","tag-ppgvida","tag-republicacao"],"_links":{"self":[{"href":"https:\/\/amazonia.fiocruz.br\/index.php?rest_route=\/wp\/v2\/posts\/33383","targetHints":{"allow":["GET"]}}],"collection":[{"href":"https:\/\/amazonia.fiocruz.br\/index.php?rest_route=\/wp\/v2\/posts"}],"about":[{"href":"https:\/\/amazonia.fiocruz.br\/index.php?rest_route=\/wp\/v2\/types\/post"}],"author":[{"embeddable":true,"href":"https:\/\/amazonia.fiocruz.br\/index.php?rest_route=\/wp\/v2\/users\/20"}],"replies":[{"embeddable":true,"href":"https:\/\/amazonia.fiocruz.br\/index.php?rest_route=%2Fwp%2Fv2%2Fcomments&post=33383"}],"version-history":[{"count":7,"href":"https:\/\/amazonia.fiocruz.br\/index.php?rest_route=\/wp\/v2\/posts\/33383\/revisions"}],"predecessor-version":[{"id":33455,"href":"https:\/\/amazonia.fiocruz.br\/index.php?rest_route=\/wp\/v2\/posts\/33383\/revisions\/33455"}],"wp:featuredmedia":[{"embeddable":true,"href":"https:\/\/amazonia.fiocruz.br\/index.php?rest_route=\/wp\/v2\/media\/33316"}],"wp:attachment":[{"href":"https:\/\/amazonia.fiocruz.br\/index.php?rest_route=%2Fwp%2Fv2%2Fmedia&parent=33383"}],"wp:term":[{"taxonomy":"category","embeddable":true,"href":"https:\/\/amazonia.fiocruz.br\/index.php?rest_route=%2Fwp%2Fv2%2Fcategories&post=33383"},{"taxonomy":"post_tag","embeddable":true,"href":"https:\/\/amazonia.fiocruz.br\/index.php?rest_route=%2Fwp%2Fv2%2Ftags&post=33383"}],"curies":[{"name":"wp","href":"https:\/\/api.w.org\/{rel}","templated":true}]}}