{"id":33260,"date":"2021-02-05T13:03:13","date_gmt":"2021-02-05T17:03:13","guid":{"rendered":"https:\/\/amazonia.fiocruz.br\/?p=33260"},"modified":"2021-02-12T10:49:21","modified_gmt":"2021-02-12T14:49:21","slug":"fiocruz-amazonia-alerta-para-o-possivel-risco-de-maior-transmissibilidade-viral-das-novas-variantes-do-sars-cov-2","status":"publish","type":"post","link":"https:\/\/amazonia.fiocruz.br\/?p=33260","title":{"rendered":"Fiocruz Amaz\u00f4nia alerta para o poss\u00edvel risco de maior transmissibilidade viral das novas variantes do SARS-CoV-2"},"content":{"rendered":"<p style=\"text-align: justify;\">Com o surgimento de diferentes linhagens virais do SARS-CoV-2, que carregam muta\u00e7\u00f5es na prote\u00edna <em>Spike<\/em>, pesquisadores est\u00e3o em alerta para acompanhar se essas muta\u00e7\u00f5es podem conferir vantagem seletiva para a transmissibilidade viral&nbsp; do causador da Covid-19.<\/p>\n<p style=\"text-align: justify;\">No Amazonas, esse monitoramento gen\u00e9tico do v\u00edrus circulante \u00e9 feito pelo pesquisador Felipe Naveca, do Instituto Le\u00f4nidas &amp; Maria Deane (ILMD\/Fiocruz Amaz\u00f4nia), desde o primeiro caso de Covid-19, ocorrido em mar\u00e7o do ano passado, em Manaus. Essa vigil\u00e2ncia \u00e9 realizada em parceria com a Funda\u00e7\u00e3o de Vigil\u00e2ncia em Sa\u00fade do Estado do Amazonas (FVS-AM), por meio do Laborat\u00f3rio Central de Sa\u00fade P\u00fablica do Amazonas (Lacen-AM).<\/p>\n<p style=\"text-align: justify;\">Recentes estudos foram apresentados pelo pesquisador e sua equipe. Agora, uma an\u00e1lise mais apurada desperta a aten\u00e7\u00e3o dos pesquisadores: em 114 genomas completos&nbsp; de SARS-CoV-2 de amostras coletadas no per\u00edodo de 1\u00ba de novembro de 2020 a 13 de janeiro de 2021, em diferentes munic\u00edpios do Amazonas, eles encontraram novos dados referentes \u00e0 linhagem B.1.1.28, que&nbsp; revelaram sequ\u00eancia semelhante \u00e0 P.1 (descoberta em janeiro deste ano) \u00e0 qual se ramificou, sendo denominada P.1-like.<\/p>\n<p style=\"text-align: justify;\">\u201cA P1-like tem menos muta\u00e7\u00f5es do que a P.1 em rela\u00e7\u00e3o \u00e0 amostra original de Wuhan, mas \u00e9 a amostra mais parecida. Ela carreia algumas das principais muta\u00e7\u00f5es e pode ser um intermedi\u00e1rio evolutivo que chegou at\u00e9 a P.1. A gente ainda n\u00e3o tem certeza disso, mas \u00e9 muito curioso ver uma \u00fanica sequ\u00eancia que ficou a mais pr\u00f3xima de todo clado da P.1\u201d, comenta&nbsp; Naveca.<\/p>\n<p style=\"text-align: justify;\">A sequ\u00eancia P.1-like apresentou muta\u00e7\u00f5es de linhagem P.1 na prote\u00edna <em>Spike<\/em>, al\u00e9m da&nbsp; inser\u00e7\u00e3o de 12 nucleot\u00eddeos na mesma prote\u00edna. Assim como a P.1, os pesquisadores observaram que&nbsp; a sequ\u00eancia P.1-like acumulou um n\u00famero alto de altera\u00e7\u00f5es gen\u00e9ticas.<\/p>\n<p style=\"text-align: justify;\">Outro ponto que preocupa os pesquisadores foi a identifica\u00e7\u00e3o da presen\u00e7a da muta\u00e7\u00e3o E484K na prote\u00edna<em> Spike<\/em> da linhagem B.1.1.33. A detec\u00e7\u00e3o das sequ\u00eancias P.1-like e B.1.1.33-E484K em Manaus sugere que a diversidade de variantes de SARS-CoV-2, com muta\u00e7\u00f5es preocupantes na prote\u00edna <em>Spike<\/em>&nbsp;pode ser maior do que descrito inicialmente.<\/p>\n<p style=\"text-align: justify;\">\u201cEm rela\u00e7\u00e3o \u00e0 E484K, ela j\u00e1 foi associada com o escape de anticorpos produzidos contra outras linhagens. Ent\u00e3o, encontrar isso na P.1 e na P.1-like e agora na B.1.1.33 sugere que essas linhagens tamb\u00e9m sofreram muta\u00e7\u00f5es que foram ben\u00e9ficas para o v\u00edrus. A gente ainda precisa entender isso melhor, mas pode ser que essas muta\u00e7\u00f5es diminuam a efici\u00eancia dos anticorpos pr\u00e9vios\u201d, alerta o pesquisador.<\/p>\n<p style=\"text-align: justify;\">Uma nova Nota T\u00e9cnica foi disponibilizada pelos pesquisadores, resultado de trabalho realizado em parceria entre pesquisadores do ILMD\/Fiocruz Amaz\u00f4nia, FVS-AM, Lacen-AM, Instituto Gon\u00e7alo Moniz (Fiocruz Salvador ), Instituto Aggeu Magalh\u00e3es (Fiocruz Pernambuco), Instituto Oswaldo Cruz (IOC), Organiza\u00e7\u00e3o Pan-Americana de Sa\u00fade (Opas), e da Universidade Federal do Esp\u00edrito Santo (Ufes).<\/p>\n<p style=\"text-align: justify;\"><a href=\"https:\/\/amazonia.fiocruz.br\/wp-content\/uploads\/2021\/02\/NOTA-TECNICA-MS-2021-02_vFN.pdf\" target=\"_blank\" rel=\"noopener\">Acesse aqui a Nota T\u00e9cnica na \u00edntegra.<\/a><\/p>\n<p style=\"text-align: justify;\">O pesquisador orienta que a popula\u00e7\u00e3o siga os cuidados de preven\u00e7\u00e3o contra a Covid-19. \u201cAs recomenda\u00e7\u00f5es s\u00e3o as mesmas para os cuidados de dissemina\u00e7\u00e3o do v\u00edrus, tanto do v\u00edrus original, quanto dessa variante, s\u00f3 que se de fato ela for mais transmiss\u00edvel, a aten\u00e7\u00e3o tem que ser ainda maior, porque qualquer descuido pode levar \u00e0 infec\u00e7\u00e3o. Do ponto de vista dos profissionais da sa\u00fade, eles j\u00e1 usam EPIs, os melhores poss\u00edveis, \u00e9 s\u00f3 redobrar os cuidados para que sempre tenham a menor chance de serem infectados\u201d.<\/p>\n<p style=\"text-align: justify;\">Os estudos sobre o comportamento do SARS-CoV-2 realizados pela Fiocruz Amaz\u00f4nia s\u00e3o cont\u00ednuos e&nbsp; recebem apoio da Fiocruz, do Conselho Nacional de Desenvolvimento Cient\u00edfico e Tecnol\u00f3gico (CNPq) e da Funda\u00e7\u00e3o de Amparo \u00e0 Pesquisa do Estado do Amazonas (Fapeam).<\/p>\n<h6><strong><em>ILMD\/Fiocruz Amaz\u00f4nia, por Marl\u00facia Seixas<\/em><\/strong><\/h6>\n","protected":false},"excerpt":{"rendered":"<p>Com o surgimento de diferentes linhagens virais do SARS-CoV-2, que carregam muta\u00e7\u00f5es na prote\u00edna Spike, pesquisadores est\u00e3o em alerta para acompanhar se essas muta\u00e7\u00f5es podem conferir vantagem seletiva para a transmissibilidade viral&nbsp; do causador da Covid-19. No Amazonas, esse monitoramento gen\u00e9tico do v\u00edrus circulante \u00e9 feito pelo pesquisador Felipe Naveca, do Instituto Le\u00f4nidas &amp; Maria [&hellip;]<\/p>\n","protected":false},"author":26,"featured_media":33286,"comment_status":"closed","ping_status":"closed","sticky":false,"template":"","format":"standard","meta":{"footnotes":""},"categories":[15],"tags":[176,870,421,136,120,884,119,967,965,125,873,876,968,161],"class_list":["post-33260","post","type-post","status-publish","format-standard","has-post-thumbnail","hentry","category-noticias","tag-amazonas","tag-coronavirus","tag-felipe-naveca","tag-fiocruz","tag-fiocruz-amazonia","tag-genoma","tag-ilmd","tag-linhagem","tag-p-1","tag-pesquisa","tag-sars-cov-2","tag-sequenciamento","tag-variante","tag-virologia"],"_links":{"self":[{"href":"https:\/\/amazonia.fiocruz.br\/index.php?rest_route=\/wp\/v2\/posts\/33260","targetHints":{"allow":["GET"]}}],"collection":[{"href":"https:\/\/amazonia.fiocruz.br\/index.php?rest_route=\/wp\/v2\/posts"}],"about":[{"href":"https:\/\/amazonia.fiocruz.br\/index.php?rest_route=\/wp\/v2\/types\/post"}],"author":[{"embeddable":true,"href":"https:\/\/amazonia.fiocruz.br\/index.php?rest_route=\/wp\/v2\/users\/26"}],"replies":[{"embeddable":true,"href":"https:\/\/amazonia.fiocruz.br\/index.php?rest_route=%2Fwp%2Fv2%2Fcomments&post=33260"}],"version-history":[{"count":6,"href":"https:\/\/amazonia.fiocruz.br\/index.php?rest_route=\/wp\/v2\/posts\/33260\/revisions"}],"predecessor-version":[{"id":33319,"href":"https:\/\/amazonia.fiocruz.br\/index.php?rest_route=\/wp\/v2\/posts\/33260\/revisions\/33319"}],"wp:featuredmedia":[{"embeddable":true,"href":"https:\/\/amazonia.fiocruz.br\/index.php?rest_route=\/wp\/v2\/media\/33286"}],"wp:attachment":[{"href":"https:\/\/amazonia.fiocruz.br\/index.php?rest_route=%2Fwp%2Fv2%2Fmedia&parent=33260"}],"wp:term":[{"taxonomy":"category","embeddable":true,"href":"https:\/\/amazonia.fiocruz.br\/index.php?rest_route=%2Fwp%2Fv2%2Fcategories&post=33260"},{"taxonomy":"post_tag","embeddable":true,"href":"https:\/\/amazonia.fiocruz.br\/index.php?rest_route=%2Fwp%2Fv2%2Ftags&post=33260"}],"curies":[{"name":"wp","href":"https:\/\/api.w.org\/{rel}","templated":true}]}}