{"id":32967,"date":"2020-11-26T16:10:22","date_gmt":"2020-11-26T20:10:22","guid":{"rendered":"https:\/\/amazonia.fiocruz.br\/?p=32967"},"modified":"2020-11-26T16:10:22","modified_gmt":"2020-11-26T20:10:22","slug":"fiocruz-amazonia-divulga-3a-republicacao-da-chamada-publica-do-ppgbio","status":"publish","type":"post","link":"https:\/\/amazonia.fiocruz.br\/?p=32967","title":{"rendered":"Fiocruz Amaz\u00f4nia divulga 3\u00aa Republica\u00e7\u00e3o da chamada p\u00fablica do PPGBIO"},"content":{"rendered":"<p style=\"text-align: justify;\">O Instituto Le\u00f4nidas &amp; Maria Deane (ILMD\/Fiocruz Amaz\u00f4nia) divulgou a 3\u00aa Republica\u00e7\u00e3o da Chamada P\u00fablica 008\/2020, do processo seletivo do curso de mestrado acad\u00eamico do Programa de P\u00f3s-Gradua\u00e7\u00e3o <em>Stricto Sensu<\/em> em Biologia da Intera\u00e7\u00e3o Pat\u00f3geno Hospedeiro \u2013 PPGBIO.<\/p>\n<p style=\"text-align: justify;\">A altera\u00e7\u00e3o ocorre no item 5.13 \u201ca\u201d e no Anexo I \u2013 Cronograma (divulga\u00e7\u00e3o de orienta\u00e7\u00e3o e links aos candidatos e hor\u00e1rio da prova escrita).<\/p>\n<p style=\"text-align: justify;\"><strong><a href=\"https:\/\/amazonia.fiocruz.br\/wp-content\/uploads\/2020\/11\/msppgbio_3Repub_CP008-2020_asnd.pdf\">Confira \u00a0AQUI.<\/a><\/strong><\/p>\n<p style=\"text-align: justify;\">Acompanhe todas as informa\u00e7\u00f5es sobre o processo seletivo do Programa de P\u00f3s-Gradua\u00e7\u00e3o em Biologia da Intera\u00e7\u00e3o Pat\u00f3geno-Hospedeiro (PPGBIO) na Plataforma Siga, da Fiocruz. Acesse\u00a0<strong><a href=\"https:\/\/www.sigass.fiocruz.br\/pub\/inscricao.do?codP=127\">https:\/\/www.sigass.fiocruz.br\/pub\/inscricao.do?codP=127<\/a><\/strong><\/p>\n<h6 style=\"text-align: justify;\">\u00a0<em>Ascom-ILMD\/Fiocruz Amaz\u00f4nia<\/em><\/h6>\n<h6 style=\"text-align: justify;\"><em>Imagem: Mackesy Nascimento<\/em><\/h6>\n","protected":false},"excerpt":{"rendered":"<p>O Instituto Le\u00f4nidas &amp; Maria Deane (ILMD\/Fiocruz Amaz\u00f4nia) divulgou a 3\u00aa Republica\u00e7\u00e3o da Chamada P\u00fablica 008\/2020, do processo seletivo do curso de mestrado acad\u00eamico do Programa de P\u00f3s-Gradua\u00e7\u00e3o Stricto Sensu em Biologia da Intera\u00e7\u00e3o Pat\u00f3geno Hospedeiro \u2013 PPGBIO. A altera\u00e7\u00e3o ocorre no item 5.13 \u201ca\u201d e no Anexo I \u2013 Cronograma (divulga\u00e7\u00e3o de orienta\u00e7\u00e3o e [&hellip;]<\/p>\n","protected":false},"author":26,"featured_media":32886,"comment_status":"closed","ping_status":"closed","sticky":false,"template":"","format":"standard","meta":{"footnotes":""},"categories":[15],"tags":[120,119,933,946,427],"class_list":["post-32967","post","type-post","status-publish","format-standard","has-post-thumbnail","hentry","category-noticias","tag-fiocruz-amazonia","tag-ilmd","tag-mestrado-academico","tag-ppgbio","tag-processo-seletivo"],"_links":{"self":[{"href":"https:\/\/amazonia.fiocruz.br\/index.php?rest_route=\/wp\/v2\/posts\/32967","targetHints":{"allow":["GET"]}}],"collection":[{"href":"https:\/\/amazonia.fiocruz.br\/index.php?rest_route=\/wp\/v2\/posts"}],"about":[{"href":"https:\/\/amazonia.fiocruz.br\/index.php?rest_route=\/wp\/v2\/types\/post"}],"author":[{"embeddable":true,"href":"https:\/\/amazonia.fiocruz.br\/index.php?rest_route=\/wp\/v2\/users\/26"}],"replies":[{"embeddable":true,"href":"https:\/\/amazonia.fiocruz.br\/index.php?rest_route=%2Fwp%2Fv2%2Fcomments&post=32967"}],"version-history":[{"count":1,"href":"https:\/\/amazonia.fiocruz.br\/index.php?rest_route=\/wp\/v2\/posts\/32967\/revisions"}],"predecessor-version":[{"id":32968,"href":"https:\/\/amazonia.fiocruz.br\/index.php?rest_route=\/wp\/v2\/posts\/32967\/revisions\/32968"}],"wp:featuredmedia":[{"embeddable":true,"href":"https:\/\/amazonia.fiocruz.br\/index.php?rest_route=\/wp\/v2\/media\/32886"}],"wp:attachment":[{"href":"https:\/\/amazonia.fiocruz.br\/index.php?rest_route=%2Fwp%2Fv2%2Fmedia&parent=32967"}],"wp:term":[{"taxonomy":"category","embeddable":true,"href":"https:\/\/amazonia.fiocruz.br\/index.php?rest_route=%2Fwp%2Fv2%2Fcategories&post=32967"},{"taxonomy":"post_tag","embeddable":true,"href":"https:\/\/amazonia.fiocruz.br\/index.php?rest_route=%2Fwp%2Fv2%2Ftags&post=32967"}],"curies":[{"name":"wp","href":"https:\/\/api.w.org\/{rel}","templated":true}]}}