{"id":32904,"date":"2020-11-25T03:20:44","date_gmt":"2020-11-25T07:20:44","guid":{"rendered":"https:\/\/amazonia.fiocruz.br\/?p=32904"},"modified":"2020-11-25T03:22:14","modified_gmt":"2020-11-25T07:22:14","slug":"encontro-da-pos-graduacao-da-fiocruz-amazonia-discute-a-producao-e-distribuicao-da-vacina-de-covid-19-na-tarde-desta-terca-feira-2411-2-dia-do-ii-encontro-da-pos-graduacao-do-instituto-leoni","status":"publish","type":"post","link":"https:\/\/amazonia.fiocruz.br\/?p=32904","title":{"rendered":"Encontro da P\u00f3s-gradua\u00e7\u00e3o da Fiocruz Amaz\u00f4nia discute a produ\u00e7\u00e3o e distribui\u00e7\u00e3o da vacina de COVID-19"},"content":{"rendered":"<p style=\"text-align: justify;\">Na tarde desta ter\u00e7a-feira, 24;11, 2\u00b0 dia do II Encontro da P\u00f3s-gradua\u00e7\u00e3o do Instituto Le\u00f4nidas &amp; Maria Deane (ILMD\/Fiocruz Amaz\u00f4nia), ocorreu a Sess\u00e3o Cient\u00edfica \u201cCi\u00eancia e Inova\u00e7\u00e3o no enfrentamento da Covid-19: diagn\u00f3stico, tratamento e vacina\u201d, dividida em tr\u00eas palestras: \u201cDesafios e oportunidades no seguimento de longo prazo de pessoas afetadas pela COVID-19\u201d; \u201cRede Corona-\u00f4mica BR MCTIC\/FINEP: uma rede nacional de estudos em genomas, exomas e transcriptomas para o enfrentamento da COVID-19\u201d; \u201cResposta do complexo Industrial da Fiocruz para o enfrentamento da pandemia\u201d.<\/p>\n<p style=\"text-align: justify;\"><strong>SESS\u00c3O CIENT\u00cdFICA<\/strong><\/p>\n<p style=\"text-align: justify;\">Andr\u00e9 Machado Siqueira, doutor em doen\u00e7as tropicais pela Universidade do Estado do Amazonas (UEA)\/Funda\u00e7\u00e3o de Medicina Tropical Dr. Heitor Vieira Dourado\u00a0(FMT-HVD) e pesquisador do Instituto Nacional de Infectologia Evandro Chagas (INI\/Fiocruz), ministrou a palestra \u201cDesafios e oportunidades no seguimento de longo prazo de pessoas afetadas pela COVID-19\u201d.<\/p>\n<p style=\"text-align: justify;\">Na oportunidade, o pesquisador relatou as altera\u00e7\u00f5es a longo prazo, baseadas na fisiopatogenia do SARS-Cov-2, bem como as quest\u00f5es a serem investigadas, como as sequelas do COVID-19 cr\u00f4nico, os fatores de risco e a frequ\u00eancia das reinfec\u00e7\u00f5es. Como consequ\u00eancias, tem \u2013se \u201caltera\u00e7\u00f5es pulmonares, card\u00edacas e neurol\u00f3gicas, sendo as principais: comprometimento na capacidade de fus\u00e3o do mon\u00f3xido de carbono nos primeiros seis meses e, ap\u00f3s esse tempo, foi inscrito estresse p\u00f3s-traum\u00e1tico (40%), depress\u00e3o (33%) e ansiedade (30%)\u201d, afirma o pesquisador.<\/p>\n<p style=\"text-align: justify;\">\u201cRede Corona-\u00f4mica BR MCTIC\/FINEP: uma rede nacional de estudos em genomas, exomas e transcriptomas para o enfrentamento da COVID-19\u201d, foi ministrada por Fernando Rosado Spilki, doutor em Gen\u00e9tica e Biologia Molecular, pela Universidade Estadual de Campinas (Unicamp) e Coordenador dos Cursos de Medicina Veterin\u00e1ria e Ci\u00eancias Biol\u00f3gicas, na Universidade Feevale, em Novo Hamburgo (RS).<\/p>\n<p style=\"text-align: justify;\">Durante a palestra, debateram-se quest\u00f5es, como a import\u00e2ncia dos estudos de sequenciamento gen\u00e9tico, como a origem, epidemiologia molecular e evolu\u00e7\u00e3o do v\u00edrus, mundo pr\u00e9\/p\u00f3s vacina e o diagn\u00f3stico da doen\u00e7a para o enfrentamento da pandemia. Sobre a dificuldade dos estudos de casos de reinfec\u00e7\u00e3o, o pesquisador explicou que a \u201creinfec\u00e7\u00e3o caso detectada, por exemplo, apresenta exatamente o mesmo genoma, sendo um dos t\u00f3picos que est\u00e1 sendo postulado em diversas publica\u00e7\u00f5es internacionais e discutido por pesquisadores brasileiros\u201d.<\/p>\n<p style=\"text-align: justify;\">A palestra final do dia apesentada por Marco Krieger, vice-presidente de Produ\u00e7\u00e3o e Inova\u00e7\u00e3o em Sa\u00fade da Fiocruz e doutor em Ci\u00eancias Biol\u00f3gicas (Biof\u00edsica), pela Universidade Federal do Rio de Janeiro (UFRJ), intitulada \u201cResposta do complexo Industrial da Fiocruz para o enfrentamento da pandemia\u201d. O pesquisador detalhou as fases de estudo da vacina, em que \u201cfoi iniciada a fase 1, tr\u00eas meses depois, com os dados de seguran\u00e7a satisfat\u00f3rios, foi iniciada a fase 2, mais tr\u00eas meses, a fase 3. Houve a antecipa\u00e7\u00e3o da produ\u00e7\u00e3o da vacina, mesmo antes de ter o desenvolvimento completo desse produto, assumindo esse risco. A Fiocruz tem a fun\u00e7\u00e3o de garantir que essa vacina tivesse condi\u00e7\u00f5es adequadas, como pre\u00e7o e quantidade, para ser entregue de maneira sustent\u00e1vel a sociedade brasileira\u201d.<\/p>\n<p style=\"text-align: justify;\">Para a produ\u00e7\u00e3o inicial de 100 milh\u00f5es de doses da vacina contra covid-19, que ser\u00e1 produzida pela Funda\u00e7\u00e3o Oswaldo Cruz (Fiocruz), em parceria com a farmac\u00eautica Astrazeneca e a Universidade de Oxford, houve o apoio do Governo, do Estado, Legislativo, da sociedade em geral e da Iniciativa Privada, reunida na Unidos Contra a COVID-19, que doou cerca de 100 milh\u00f5es de reais, atrav\u00e9s de uma coalis\u00e3o de empresas, sendo estas: Ambev, Americanas, Ita\u00fa Unibanco (Todos pela Sa\u00fade, Stone, Instituto Votorantim, Funda\u00e7\u00e3o Lemann, Funda\u00e7\u00e3o Brava e a Behring Family Foundation. Durante a apresenta\u00e7\u00e3o, o vice-presidente da Fiocruz revelou a \u201cexpectativa de que em fevereiro de 2021 seja poss\u00edvel que a Anvisa, com base nesse fluxo cont\u00ednuo, permita o registro sanit\u00e1rio e, com isso, ser\u00e1 poss\u00edvel a distribui\u00e7\u00e3o das doses, que estar\u00e3o em produ\u00e7\u00e3o em janeiro e fevereiro. Al\u00e9m desse cronograma, duas quest\u00f5es precisam ser salientadas: primeiro, a quantidade de doses e segundo, a disponibilidade das doses pelo Programa Nacional de Imuniza\u00e7\u00f5es, diretamente pelo SUS, al\u00e9m de ter a mesma temperatura de armazenamento e transporte de outras vacinas disponibilizadas para a popula\u00e7\u00e3o\u201d.<\/p>\n<p style=\"text-align: justify;\"><strong>Pr\u00e1tica Integrativa: Medita\u00e7\u00e3o<\/strong><\/p>\n<p style=\"text-align: justify;\">Para encerrar o segundo dia do evento do ILMD\/Fiocruz Amaz\u00f4nia, houve uma Pr\u00e1tica Integrativa, com o tema Medita\u00e7\u00e3o, conduzido por Emilton Lima de Carvalho, graduado em Fisioterapia pela Universidade Federal do Amazonas (Ufam), al\u00e9m de ser Terapeuta Complementar, com \u00eanfase em Medicina Tradicional Chinesa.<\/p>\n<p style=\"text-align: justify;\">A medita\u00e7\u00e3o consiste em concentrar e focar em uma ideia, propagando pelo corpo atrav\u00e9s de sensa\u00e7\u00f5es. O palestrante ensinou como fazer uma boa medita\u00e7\u00e3o, ensinando t\u00e9cnicas de respira\u00e7\u00e3o e do melhor posicionamento do corpo, como a import\u00e2ncia de que \u201ca coluna esteja devidamente alinhada, o corpo mais relaxado poss\u00edvel. Se voc\u00ea est\u00e1 em uma cadeira, junte os p\u00e9s no solo, sendo que o ideal seja que o joelho fiquem dobrados at\u00e9 90\u00b0. O corpo humano tem 7 chacras e durante a medita\u00e7\u00e3o vai ter a divis\u00e3o em 7 momentos\u201d.<\/p>\n<h6 style=\"text-align: justify;\"><em><strong>LMD\/ Fiocruz Amaz\u00f4nia, por Diovana Rodrigues<\/strong><\/em><\/h6>\n<h6 style=\"text-align: justify;\"><em><strong>Imagem: Reprodu\u00e7\u00e3o<\/strong><\/em><\/h6>\n<p>&nbsp;<\/p>\n<p>&nbsp;<\/p>\n","protected":false},"excerpt":{"rendered":"<p>Na tarde desta ter\u00e7a-feira, 24;11, 2\u00b0 dia do II Encontro da P\u00f3s-gradua\u00e7\u00e3o do Instituto Le\u00f4nidas &amp; Maria Deane (ILMD\/Fiocruz Amaz\u00f4nia), ocorreu a Sess\u00e3o Cient\u00edfica \u201cCi\u00eancia e Inova\u00e7\u00e3o no enfrentamento da Covid-19: diagn\u00f3stico, tratamento e vacina\u201d, dividida em tr\u00eas palestras: \u201cDesafios e oportunidades no seguimento de longo prazo de pessoas afetadas pela COVID-19\u201d; \u201cRede Corona-\u00f4mica BR [&hellip;]<\/p>\n","protected":false},"author":20,"featured_media":32905,"comment_status":"closed","ping_status":"closed","sticky":false,"template":"","format":"standard","meta":{"footnotes":""},"categories":[15],"tags":[871,136,120,119,131],"class_list":["post-32904","post","type-post","status-publish","format-standard","has-post-thumbnail","hentry","category-noticias","tag-covid-19","tag-fiocruz","tag-fiocruz-amazonia","tag-ilmd","tag-ilmdfiocruz-amazonia"],"_links":{"self":[{"href":"https:\/\/amazonia.fiocruz.br\/index.php?rest_route=\/wp\/v2\/posts\/32904","targetHints":{"allow":["GET"]}}],"collection":[{"href":"https:\/\/amazonia.fiocruz.br\/index.php?rest_route=\/wp\/v2\/posts"}],"about":[{"href":"https:\/\/amazonia.fiocruz.br\/index.php?rest_route=\/wp\/v2\/types\/post"}],"author":[{"embeddable":true,"href":"https:\/\/amazonia.fiocruz.br\/index.php?rest_route=\/wp\/v2\/users\/20"}],"replies":[{"embeddable":true,"href":"https:\/\/amazonia.fiocruz.br\/index.php?rest_route=%2Fwp%2Fv2%2Fcomments&post=32904"}],"version-history":[{"count":3,"href":"https:\/\/amazonia.fiocruz.br\/index.php?rest_route=\/wp\/v2\/posts\/32904\/revisions"}],"predecessor-version":[{"id":32908,"href":"https:\/\/amazonia.fiocruz.br\/index.php?rest_route=\/wp\/v2\/posts\/32904\/revisions\/32908"}],"wp:featuredmedia":[{"embeddable":true,"href":"https:\/\/amazonia.fiocruz.br\/index.php?rest_route=\/wp\/v2\/media\/32905"}],"wp:attachment":[{"href":"https:\/\/amazonia.fiocruz.br\/index.php?rest_route=%2Fwp%2Fv2%2Fmedia&parent=32904"}],"wp:term":[{"taxonomy":"category","embeddable":true,"href":"https:\/\/amazonia.fiocruz.br\/index.php?rest_route=%2Fwp%2Fv2%2Fcategories&post=32904"},{"taxonomy":"post_tag","embeddable":true,"href":"https:\/\/amazonia.fiocruz.br\/index.php?rest_route=%2Fwp%2Fv2%2Ftags&post=32904"}],"curies":[{"name":"wp","href":"https:\/\/api.w.org\/{rel}","templated":true}]}}