{"id":32864,"date":"2020-11-23T16:38:55","date_gmt":"2020-11-23T20:38:55","guid":{"rendered":"https:\/\/amazonia.fiocruz.br\/?p=32864"},"modified":"2020-11-25T10:41:38","modified_gmt":"2020-11-25T14:41:38","slug":"oficina-vai-debater-a-violencia-no-transito","status":"publish","type":"post","link":"https:\/\/amazonia.fiocruz.br\/?p=32864","title":{"rendered":"Oficina vai debater a viol\u00eancia no tr\u00e2nsito"},"content":{"rendered":"<p style=\"text-align: justify;\">Na pr\u00f3xima quinta-feira, 26, o Instituto Le\u00f4nidas &amp; Maria Deane (ILMD?Fiocruz Amaz\u00f4nia) realiza a oficina cient\u00edfica virtual \u201cA comunica\u00e7\u00e3o n\u00e3o violenta contra a viol\u00eancia no tr\u00e2nsito\u201d, das 14h as 16h, por meio da plataforma ZOOM. A atividade tem como objetivo debater a viol\u00eancia no tr\u00e2nsito atrav\u00e9s da din\u00e2mica dos meios de comunica\u00e7\u00e3o e suas consequ\u00eancias, bem como discutir assuntos concernentes \u00e0s propostas de pol\u00edticas p\u00fablicas relativas \u00e0 seguran\u00e7a e \u00e0 sa\u00fade.<\/p>\n<p style=\"text-align: justify;\">A iniciativa faz parte do projeto de pesquisa \u201cPlataforma digital colaborativa da preven\u00e7\u00e3o e vigil\u00e2ncia das viol\u00eancias\u201d, coordenado pelos pesquisadores e servidores Marc\u00edlio Medeiros, Rita Bacuri e Edinilsa Souza, uma a\u00e7\u00e3o apoiada pelo Edital Ideias Inovadoras do Programa Inova da Funda\u00e7\u00e3o Oswaldo Cruz.<\/p>\n<p><img decoding=\"async\" class=\"aligncenter wp-image-32866 \" src=\"https:\/\/amazonia.fiocruz.br\/wp-content\/uploads\/2020\/11\/Flyer-Oficina.jpg\" alt=\"\" width=\"357\" height=\"358\" srcset=\"https:\/\/amazonia.fiocruz.br\/wp-content\/uploads\/2020\/11\/Flyer-Oficina.jpg 2369w, https:\/\/amazonia.fiocruz.br\/wp-content\/uploads\/2020\/11\/Flyer-Oficina-150x150.jpg 150w, https:\/\/amazonia.fiocruz.br\/wp-content\/uploads\/2020\/11\/Flyer-Oficina-300x300.jpg 300w, https:\/\/amazonia.fiocruz.br\/wp-content\/uploads\/2020\/11\/Flyer-Oficina-768x770.jpg 768w, https:\/\/amazonia.fiocruz.br\/wp-content\/uploads\/2020\/11\/Flyer-Oficina-1021x1024.jpg 1021w, https:\/\/amazonia.fiocruz.br\/wp-content\/uploads\/2020\/11\/Flyer-Oficina-36x36.jpg 36w, https:\/\/amazonia.fiocruz.br\/wp-content\/uploads\/2020\/11\/Flyer-Oficina-180x180.jpg 180w, https:\/\/amazonia.fiocruz.br\/wp-content\/uploads\/2020\/11\/Flyer-Oficina-1496x1500.jpg 1496w, https:\/\/amazonia.fiocruz.br\/wp-content\/uploads\/2020\/11\/Flyer-Oficina-703x705.jpg 703w, https:\/\/amazonia.fiocruz.br\/wp-content\/uploads\/2020\/11\/Flyer-Oficina-120x120.jpg 120w, https:\/\/amazonia.fiocruz.br\/wp-content\/uploads\/2020\/11\/Flyer-Oficina-450x451.jpg 450w\" sizes=\"(max-width: 357px) 100vw, 357px\" \/><\/p>\n<p style=\"text-align: justify;\">Ser\u00e3o palestrantes da oficina o \u00a0senador Fabiano Contarato, do Esp\u00edrito Santo, e o juiz substituto do Trabalho, Jos\u00e9 Ant\u00f4nio Correa Francisco,<\/p>\n<p style=\"text-align: justify;\">A oficina \u00e9 direcionada para as assessorias de comunica\u00e7\u00e3o das institui\u00e7\u00f5es implicadas no tr\u00e2nsito, jornalistas e estudantes que atuam em jornais, blogs, portais noticiosos etc. que reportam os problemas relacionados aos epis\u00f3dios de viol\u00eancia no tr\u00e2nsito em Manaus.<\/p>\n<p style=\"text-align: justify;\">Os interessados em participar podem fazer suas inscri\u00e7\u00f5es em <a href=\"https:\/\/forms.gle\/5wepPEf4LWTxb8BY9\" target=\"_blank\" rel=\"noopener\">https:\/\/forms.gle\/5wepPEf4LWTxb8BY9<\/a><\/p>\n<p>Para a reuni\u00e3o pela plataforma Zoom, acesse <a href=\"https:\/\/zoom.us\/j\/97947515486\" target=\"_blank\" rel=\"noopener\">https:\/\/zoom.us\/j\/97947515486<\/a>, ID da reuni\u00e3o: 979 4751 5486.<\/p>\n<h6 style=\"text-align: justify;\"><em><strong>Ascom-ILMD\/Fiocruz Amaz\u00f4nia<\/strong><\/em><\/h6>\n<h6><strong><em>Imagem:\u00a0Jos\u00e9 Evangelista Torres Filho<\/em><\/strong><\/h6>\n","protected":false},"excerpt":{"rendered":"<p>Na pr\u00f3xima quinta-feira, 26, o Instituto Le\u00f4nidas &amp; Maria Deane (ILMD?Fiocruz Amaz\u00f4nia) realiza a oficina cient\u00edfica virtual \u201cA comunica\u00e7\u00e3o n\u00e3o violenta contra a viol\u00eancia no tr\u00e2nsito\u201d, das 14h as 16h, por meio da plataforma ZOOM. A atividade tem como objetivo debater a viol\u00eancia no tr\u00e2nsito atrav\u00e9s da din\u00e2mica dos meios de comunica\u00e7\u00e3o e suas consequ\u00eancias, [&hellip;]<\/p>\n","protected":false},"author":26,"featured_media":32939,"comment_status":"closed","ping_status":"closed","sticky":false,"template":"","format":"standard","meta":{"footnotes":""},"categories":[15],"tags":[],"class_list":["post-32864","post","type-post","status-publish","format-standard","has-post-thumbnail","hentry","category-noticias"],"_links":{"self":[{"href":"https:\/\/amazonia.fiocruz.br\/index.php?rest_route=\/wp\/v2\/posts\/32864","targetHints":{"allow":["GET"]}}],"collection":[{"href":"https:\/\/amazonia.fiocruz.br\/index.php?rest_route=\/wp\/v2\/posts"}],"about":[{"href":"https:\/\/amazonia.fiocruz.br\/index.php?rest_route=\/wp\/v2\/types\/post"}],"author":[{"embeddable":true,"href":"https:\/\/amazonia.fiocruz.br\/index.php?rest_route=\/wp\/v2\/users\/26"}],"replies":[{"embeddable":true,"href":"https:\/\/amazonia.fiocruz.br\/index.php?rest_route=%2Fwp%2Fv2%2Fcomments&post=32864"}],"version-history":[{"count":4,"href":"https:\/\/amazonia.fiocruz.br\/index.php?rest_route=\/wp\/v2\/posts\/32864\/revisions"}],"predecessor-version":[{"id":32868,"href":"https:\/\/amazonia.fiocruz.br\/index.php?rest_route=\/wp\/v2\/posts\/32864\/revisions\/32868"}],"wp:featuredmedia":[{"embeddable":true,"href":"https:\/\/amazonia.fiocruz.br\/index.php?rest_route=\/wp\/v2\/media\/32939"}],"wp:attachment":[{"href":"https:\/\/amazonia.fiocruz.br\/index.php?rest_route=%2Fwp%2Fv2%2Fmedia&parent=32864"}],"wp:term":[{"taxonomy":"category","embeddable":true,"href":"https:\/\/amazonia.fiocruz.br\/index.php?rest_route=%2Fwp%2Fv2%2Fcategories&post=32864"},{"taxonomy":"post_tag","embeddable":true,"href":"https:\/\/amazonia.fiocruz.br\/index.php?rest_route=%2Fwp%2Fv2%2Ftags&post=32864"}],"curies":[{"name":"wp","href":"https:\/\/api.w.org\/{rel}","templated":true}]}}