{"id":32799,"date":"2020-11-12T11:54:19","date_gmt":"2020-11-12T15:54:19","guid":{"rendered":"https:\/\/amazonia.fiocruz.br\/?p=32799"},"modified":"2020-11-12T11:54:53","modified_gmt":"2020-11-12T15:54:53","slug":"defesas-de-tccs-da-especializacao-em-saude-publica-continuam-em-13-11","status":"publish","type":"post","link":"https:\/\/amazonia.fiocruz.br\/?p=32799","title":{"rendered":"Defesas de TCCs da especializa\u00e7\u00e3o em Sa\u00fade P\u00fablica continuam em 13\/11"},"content":{"rendered":"<p style=\"text-align: justify;\">Nesta sexta-feira, 13\/11, alunos da p\u00f3s-gradua\u00e7\u00e3o <em>lato sensu<\/em> em Sa\u00fade P\u00fablica d\u00e3o continuidade \u00e0s defesas de seus trabalhos de conclus\u00e3o de curso (TCCs). O curso \u00e9 fruto de parceria entre o Instituto Le\u00f4nidas &amp; Maria Deane (ILMD\/Fiocruz Amaz\u00f4nia), Secretaria Municipal de Sa\u00fade (Semsa), por interm\u00e9dio da dire\u00e7\u00e3o da Escola de Sa\u00fade P\u00fablica de Manaus (Esap\/Semsa) e \u00a0Rede Brasileira de Escolas de Sa\u00fade P\u00fablica (Redescola).<\/p>\n<p style=\"text-align: justify;\">As apresenta\u00e7\u00f5es do dia 13 iniciam \u00e0s 8h (hor\u00e1rio Manaus). No dia 27 de novembro tamb\u00e9m ser\u00e3o realizadas defesas, com in\u00edcio \u00e0s 9h30 (hor\u00e1rio Manaus). A transmiss\u00e3o ser\u00e1 pela plataforma ZOOM, conforme acessos:<\/p>\n<p style=\"text-align: justify;\">Para assistir as apresenta\u00e7\u00f5es do dia 13\/11, acesse <a href=\"https:\/\/zoom.us\/j\/98765010178\">https:\/\/zoom.us\/j\/98765010178<\/a> ID da reuni\u00e3o: 987 6501 0178<\/p>\n<p style=\"text-align: justify;\">Para assistir as apresenta\u00e7\u00f5es do dia 27\/11, acesse <a href=\"https:\/\/zoom.us\/j\/97268130562\">https:\/\/zoom.us\/j\/97268130562<\/a> ID da reuni\u00e3o: 972 6813 0562<\/p>\n<p style=\"text-align: justify;\"><a href=\"https:\/\/amazonia.fiocruz.br\/wp-content\/uploads\/2020\/11\/Programa\u00e7\u00e3o-do-TCC-Sa\u00fade-P\u00fablica_13_11_2020.pdf\">Confira aqui a programa\u00e7\u00e3o do dia 13\/11\/2020.\u00a0<\/a><\/p>\n<p style=\"text-align: justify;\">O curso \u00e9 coordenado pelos professores J\u00falio C\u00e9sar Schweickardt (ILMD\/Fiocruz Amaz\u00f4nia) e Mateus Silva de Souza (Esap). As aulas iniciaram em agosto do ano passado e ao final, 33 alunos devem concluir o curso.<\/p>\n<p style=\"text-align: justify;\"><strong>SOBRE O CURSO<\/strong><\/p>\n<p style=\"text-align: justify;\">O curso destinou-se a profissionais com forma\u00e7\u00e3o superior completa e que atuam na \u00e1rea da sa\u00fade, preferencialmente em Unidades B\u00e1sicas de Sa\u00fade, N\u00facleos Ampliados de Aten\u00e7\u00e3o \u00e0 Sa\u00fade da Fam\u00edlia e Aten\u00e7\u00e3o B\u00e1sica, Centros de Especialidades Odontol\u00f3gicas, Policl\u00ednicas Municipais e Centros de Aten\u00e7\u00e3o Psicossocial.<\/p>\n<h6 style=\"text-align: justify;\"><em><strong>ILMD\/Fiocruz Amazonia, por Marl\u00facia Seixas<\/strong><\/em><\/h6>\n<h6 style=\"text-align: justify;\"><em><strong>Imagem: Mackesy Nascimento<\/strong><\/em><\/h6>\n<p style=\"text-align: justify;\">\n","protected":false},"excerpt":{"rendered":"<p>Nesta sexta-feira, 13\/11, alunos da p\u00f3s-gradua\u00e7\u00e3o lato sensu em Sa\u00fade P\u00fablica d\u00e3o continuidade \u00e0s defesas de seus trabalhos de conclus\u00e3o de curso (TCCs). O curso \u00e9 fruto de parceria entre o Instituto Le\u00f4nidas &amp; Maria Deane (ILMD\/Fiocruz Amaz\u00f4nia), Secretaria Municipal de Sa\u00fade (Semsa), por interm\u00e9dio da dire\u00e7\u00e3o da Escola de Sa\u00fade P\u00fablica de Manaus (Esap\/Semsa) [&hellip;]<\/p>\n","protected":false},"author":26,"featured_media":32800,"comment_status":"closed","ping_status":"closed","sticky":false,"template":"","format":"standard","meta":{"footnotes":""},"categories":[15],"tags":[736,439,945],"class_list":["post-32799","post","type-post","status-publish","format-standard","has-post-thumbnail","hentry","category-noticias","tag-curso-de-especializacao-em-saude-publica","tag-defesas","tag-tccs"],"_links":{"self":[{"href":"https:\/\/amazonia.fiocruz.br\/index.php?rest_route=\/wp\/v2\/posts\/32799","targetHints":{"allow":["GET"]}}],"collection":[{"href":"https:\/\/amazonia.fiocruz.br\/index.php?rest_route=\/wp\/v2\/posts"}],"about":[{"href":"https:\/\/amazonia.fiocruz.br\/index.php?rest_route=\/wp\/v2\/types\/post"}],"author":[{"embeddable":true,"href":"https:\/\/amazonia.fiocruz.br\/index.php?rest_route=\/wp\/v2\/users\/26"}],"replies":[{"embeddable":true,"href":"https:\/\/amazonia.fiocruz.br\/index.php?rest_route=%2Fwp%2Fv2%2Fcomments&post=32799"}],"version-history":[{"count":2,"href":"https:\/\/amazonia.fiocruz.br\/index.php?rest_route=\/wp\/v2\/posts\/32799\/revisions"}],"predecessor-version":[{"id":32802,"href":"https:\/\/amazonia.fiocruz.br\/index.php?rest_route=\/wp\/v2\/posts\/32799\/revisions\/32802"}],"wp:featuredmedia":[{"embeddable":true,"href":"https:\/\/amazonia.fiocruz.br\/index.php?rest_route=\/wp\/v2\/media\/32800"}],"wp:attachment":[{"href":"https:\/\/amazonia.fiocruz.br\/index.php?rest_route=%2Fwp%2Fv2%2Fmedia&parent=32799"}],"wp:term":[{"taxonomy":"category","embeddable":true,"href":"https:\/\/amazonia.fiocruz.br\/index.php?rest_route=%2Fwp%2Fv2%2Fcategories&post=32799"},{"taxonomy":"post_tag","embeddable":true,"href":"https:\/\/amazonia.fiocruz.br\/index.php?rest_route=%2Fwp%2Fv2%2Ftags&post=32799"}],"curies":[{"name":"wp","href":"https:\/\/api.w.org\/{rel}","templated":true}]}}