{"id":32759,"date":"2020-11-09T15:36:10","date_gmt":"2020-11-09T19:36:10","guid":{"rendered":"https:\/\/amazonia.fiocruz.br\/?p=32759"},"modified":"2020-11-10T13:42:40","modified_gmt":"2020-11-10T17:42:40","slug":"encontro-de-pos-graduacao-da-fiocruz-amazonia-abordara-interfaces-da-pandemia-no-brasil","status":"publish","type":"post","link":"https:\/\/amazonia.fiocruz.br\/?p=32759","title":{"rendered":"Encontro de p\u00f3s-gradua\u00e7\u00e3o da Fiocruz Amaz\u00f4nia abordar\u00e1 \u201cInterfaces da Pandemia no Brasil\u201d"},"content":{"rendered":"<p style=\"text-align: justify;\">Com o tema \u201cInterfaces da Pandemia no Brasil\u201d, o Instituto Le\u00f4nidas &amp; Maria Deane (ILMD\/Fiocruz Amaz\u00f4nia) promove entre os dias 23 e 26 de novembro, o II Encontro da P\u00f3s-gradua\u00e7\u00e3o da Institui\u00e7\u00e3o. Um evento cient\u00edfico anual, direcionado aos pesquisadores, alunos de p\u00f3s-gradua\u00e7\u00e3o e inicia\u00e7\u00e3o cient\u00edfica, que visa discutir avan\u00e7os cient\u00edficos em tem\u00e1ticas de relev\u00e2ncia para a pesquisa dos p\u00f3s-graduandos da Unidade, al\u00e9m de estimular a troca cient\u00edfica entre os alunos dos diferentes cursos, e divulgar a pesquisa desenvolvida pelos discentes dos Programas.<\/p>\n<p style=\"text-align: justify;\">Podem participar alunos de inicia\u00e7\u00e3o cient\u00edfica, de p\u00f3s-gradua\u00e7\u00e3o e pesquisadores, vinculados ou n\u00e3o a Institui\u00e7\u00e3o. As inscri\u00e7\u00f5es s\u00e3o gratuitas e podem ser realizadas atrav\u00e9s do site do evento: <a href=\"https:\/\/campusvirtual.fiocruz.br\/gestordecursos\/hotsite\/cvf-node-30225-submission-3936\/programaaao\/4875\" target=\"_blank\" rel=\"noopener\">https:\/\/campusvirtual.fiocruz.br\/gestordecursos\/hotsite\/cvf-node-30225-submission-3936\/programaaao\/4875<\/a> a partir desta segunda-feira, 9\/11. As inscri\u00e7\u00f5es ocorrem at\u00e9 o dia 22 de novembro.<\/p>\n<p style=\"text-align: justify;\">O evento \u00e9 realizado pela comiss\u00e3o organizadora, composta por pesquisadores da Fiocruz Amaz\u00f4nia e discentes de p\u00f3s-gradua\u00e7\u00e3o do Programa de P\u00f3s-Gradua\u00e7\u00e3o em Condi\u00e7\u00f5es de Vida e Situa\u00e7\u00f5es de Sa\u00fade na Amaz\u00f4nia (PPGVIDA) e Programa de P\u00f3s-Gradua\u00e7\u00e3o em Biologia da Intera\u00e7\u00e3o Pat\u00f3geno Hospedeiro (PPGBIO-Intera\u00e7\u00e3o).<\/p>\n<p style=\"text-align: justify;\"><strong>SOBRE O EVENTO<\/strong><\/p>\n<p style=\"text-align: justify;\">Este\u00a0ano, o tema central ser\u00e1 a pandemia por COVID-19 no Brasil e suas diferentes interfaces\u00a0segundo a perspectiva da pesquisa, ci\u00eancia, inova\u00e7\u00e3o e \u00e2mbito assistencial. Ser\u00e3o quatro dias de evento totalmente online, contando com sess\u00f5es de palestras, mesas-redondas, pr\u00e1ticas integrativas, atividades culturais e exposi\u00e7\u00e3o dos alunos egressos atrav\u00e9s de v\u00eddeos.<\/p>\n<p style=\"text-align: justify;\">Para a pesquisadora Priscila Aquino, presidente da comiss\u00e3o organizadora, o novo formato em que acontecer\u00e1 o evento, trouxe boas expectativas de alcance. \u201cEsse ano o encontro de p\u00f3s-gradua\u00e7\u00e3o da Fiocruz Amaz\u00f4nia ser\u00e1 em um formato diferente do ano passado, ele est\u00e1 sendo preparado para ocorrer totalmente de forma virtual, dado o contexto pand\u00eamico em que nos encontramos. Estamos com uma expectativa positiva, de proporcionar a diferentes p\u00fablicos um panorama segundo a perspectiva da pesquisa, ci\u00eancia, inova\u00e7\u00e3o e \u00e2mbito assistencial, al\u00e9m de seus impactos sobre as atividades de discentes e docentes da p\u00f3s-gradua\u00e7\u00e3o\u201d, explicou.<\/p>\n<p style=\"text-align: justify;\">Al\u00e9m disso, frente a essa situa\u00e7\u00e3o que a pandemia por COVID-19 impactou em diferentes segmentos, a organiza\u00e7\u00e3o selecionou temas para as sess\u00f5es coordenadas e mesas-redondas, essenciais para o p\u00fablico em geral conhecer um pouco mais e ao mesmo tempo, interagir com especialistas da \u00e1rea.<\/p>\n<p style=\"text-align: justify;\">Confira a programa\u00e7\u00e3o <a href=\"https:\/\/campusvirtual.fiocruz.br\/gestordecursos\/hotsite\/cvf-node-30225-submission-3936\/programaaao\/4875\" target=\"_blank\" rel=\"noopener\">AQUI<\/a>.<\/p>\n<h6 style=\"text-align: justify;\"><strong>ASCOM \u2013 ILMD\/ Fiocruz Amaz\u00f4nia, por Eduardo Gomes<\/strong><\/h6>\n<h6 style=\"text-align: justify;\"><strong>Imagens: Mackesy Nascimento<\/strong><\/h6>\n","protected":false},"excerpt":{"rendered":"<p>Com o tema \u201cInterfaces da Pandemia no Brasil\u201d, o Instituto Le\u00f4nidas &amp; Maria Deane (ILMD\/Fiocruz Amaz\u00f4nia) promove entre os dias 23 e 26 de novembro, o II Encontro da P\u00f3s-gradua\u00e7\u00e3o da Institui\u00e7\u00e3o. Um evento cient\u00edfico anual, direcionado aos pesquisadores, alunos de p\u00f3s-gradua\u00e7\u00e3o e inicia\u00e7\u00e3o cient\u00edfica, que visa discutir avan\u00e7os cient\u00edficos em tem\u00e1ticas de relev\u00e2ncia para [&hellip;]<\/p>\n","protected":false},"author":20,"featured_media":32767,"comment_status":"closed","ping_status":"closed","sticky":false,"template":"","format":"standard","meta":{"footnotes":""},"categories":[15],"tags":[816,136,120,119,852,190],"class_list":["post-32759","post","type-post","status-publish","format-standard","has-post-thumbnail","hentry","category-noticias","tag-encontro-de-pos-graduacao","tag-fiocruz","tag-fiocruz-amazonia","tag-ilmd","tag-ilmd-fiocruz-amazonia","tag-pos-graduacao"],"_links":{"self":[{"href":"https:\/\/amazonia.fiocruz.br\/index.php?rest_route=\/wp\/v2\/posts\/32759","targetHints":{"allow":["GET"]}}],"collection":[{"href":"https:\/\/amazonia.fiocruz.br\/index.php?rest_route=\/wp\/v2\/posts"}],"about":[{"href":"https:\/\/amazonia.fiocruz.br\/index.php?rest_route=\/wp\/v2\/types\/post"}],"author":[{"embeddable":true,"href":"https:\/\/amazonia.fiocruz.br\/index.php?rest_route=\/wp\/v2\/users\/20"}],"replies":[{"embeddable":true,"href":"https:\/\/amazonia.fiocruz.br\/index.php?rest_route=%2Fwp%2Fv2%2Fcomments&post=32759"}],"version-history":[{"count":1,"href":"https:\/\/amazonia.fiocruz.br\/index.php?rest_route=\/wp\/v2\/posts\/32759\/revisions"}],"predecessor-version":[{"id":32761,"href":"https:\/\/amazonia.fiocruz.br\/index.php?rest_route=\/wp\/v2\/posts\/32759\/revisions\/32761"}],"wp:featuredmedia":[{"embeddable":true,"href":"https:\/\/amazonia.fiocruz.br\/index.php?rest_route=\/wp\/v2\/media\/32767"}],"wp:attachment":[{"href":"https:\/\/amazonia.fiocruz.br\/index.php?rest_route=%2Fwp%2Fv2%2Fmedia&parent=32759"}],"wp:term":[{"taxonomy":"category","embeddable":true,"href":"https:\/\/amazonia.fiocruz.br\/index.php?rest_route=%2Fwp%2Fv2%2Fcategories&post=32759"},{"taxonomy":"post_tag","embeddable":true,"href":"https:\/\/amazonia.fiocruz.br\/index.php?rest_route=%2Fwp%2Fv2%2Ftags&post=32759"}],"curies":[{"name":"wp","href":"https:\/\/api.w.org\/{rel}","templated":true}]}}