{"id":32653,"date":"2020-10-20T10:39:54","date_gmt":"2020-10-20T14:39:54","guid":{"rendered":"https:\/\/amazonia.fiocruz.br\/?p=32653"},"modified":"2020-10-21T12:55:04","modified_gmt":"2020-10-21T16:55:04","slug":"inteligencia-artificial-e-o-tema-da-snct-2020","status":"publish","type":"post","link":"https:\/\/amazonia.fiocruz.br\/?p=32653","title":{"rendered":"Intelig\u00eancia Artificial \u00e9 o tema da SNCT 2020"},"content":{"rendered":"<p style=\"text-align: justify;\">O ano de 2020 vai ser lembrado como um ano diferente. Para Funda\u00e7\u00e3o Oswaldo Cruz (Fiocruz), a comemora\u00e7\u00e3o dos 120 da institui\u00e7\u00e3o veio junto com o refor\u00e7o do compromisso de salvar vidas e fortalecer o Sistema \u00danico de Sa\u00fade (SUS) no contexto de pandemia do novo coronav\u00edrus. Esse compromisso poder\u00e1 ser percebido na Semana Nacional de Ci\u00eancia e Tecnologia (SNCT), que acontecer\u00e1 de 19 a 23 de outubro.<\/p>\n<p style=\"text-align: justify;\">Em raz\u00e3o do distanciamento social, a programa\u00e7\u00e3o ser\u00e1 transmitida totalmente on-line pelas redes da Fiocruz e das institui\u00e7\u00f5es parceiras, a Universidade Federal da Bahia (UFBA), Universidade Federal do Rio de Janeiro (UFRJ) e Universidade Rural do Rio de Janeiro (UFRRJ). \u201cN\u00f3s estamos encarando com muito entusiasmo, \u00e9 a constru\u00e7\u00e3o de uma SNCT diferente e, sobretudo, inovadora, com bastante discuss\u00e3o sobre a import\u00e2ncia da ci\u00eancia para o presente e o futuro das nossas sociedades\u201d, ressalta Cristiani Machado, vice-presidente de Educa\u00e7\u00e3o, Informa\u00e7\u00e3o e Comunica\u00e7\u00e3o da Fiocruz.<\/p>\n<p style=\"text-align: justify;\">A cerim\u00f4nia de abertura contar\u00e1 com a presen\u00e7a da presidente da Fiocruz, N\u00edsia Trindade, e dos reitores das universidades parceiras, Ricardo Berbara, da UFRRJ, Denise Pires, da UFRJ, e Jo\u00e3o Carlos Salles, da UFBA. O tema da cerim\u00f4nia ser\u00e1 A import\u00e2ncia da divulga\u00e7\u00e3o cient\u00edfica em tempos de pandemia, a ser realizada na ter\u00e7a-feira (20\/10), \u00e0s 10h.<\/p>\n<p style=\"text-align: justify;\">FIOCRUZ AMAZ\u00d4NIA<\/p>\n<p style=\"text-align: justify;\">Na sexta-feira, 23\/10, de 14h \u00e0s 15h (Hor\u00e1rio\/Manaus), os pesquisadores S\u00e9rgio Luiz Bessa Luz e Jos\u00e9 Joaqu\u00edn Carvajal Cort\u00e9s, do Instituto Le\u00f4nidas &amp; Maria Deane (ILMD\/ Fiocruz Amaz\u00f4nia) apresentar\u00e3o o trabalho \u201cBoletim Corona \u2013 Ferramentas para o Combate \u00e0 COVID-19 nas Fronteiras\u201d.\u00a0Tamb\u00e9m participam da atividade os pesquisadores Emmanuel Roux, Coordenador LMI Sentinela (UMR Espace Dev\/IRD Fran\u00e7a) e Bernardino Albuquerque, Colaborador &#8211; Implementa\u00e7\u00e3o da Sala Binacional de Situa\u00e7\u00e3o de Sa\u00fade Brasil-Col\u00f4mbia (ILMD \/ Fiocruz Amaz\u00f4nia).<\/p>\n<p style=\"text-align: justify;\">Os pesquisadores abordar\u00e3o a Rede Transfronteiri\u00e7a Covid-19, que nasce como uma iniciativa de coopera\u00e7\u00e3o entre pesquisadores e profissionais de v\u00e1rias institui\u00e7\u00f5es e grupos de pesquisa, de diferentes \u00e1reas de atua\u00e7\u00e3o, para o enfrentamento da COVID-19 em popula\u00e7\u00f5es ind\u00edgenas e comunidades rurais entre Brasil, Col\u00f4mbia e Peru.<\/p>\n<p style=\"text-align: justify;\">A Rede Transfronteiri\u00e7a Covid-19 visa avaliar e compreender a situa\u00e7\u00e3o epidemiol\u00f3gica como regi\u00e3o, a partir de an\u00e1lises das situa\u00e7\u00f5es de vulnerabilidade, o risco de espalhamento e sua intera\u00e7\u00e3o com os diferentes cen\u00e1rios e contextos dos nossos povos ind\u00edgenas e as comunidades rurais que habitam a regi\u00e3o transfronteiri\u00e7a amaz\u00f4nica.<\/p>\n<p style=\"text-align: justify;\">Nessa atividade, a Rede Transfronteiri\u00e7a Covid-19 pretende contribuir com ferramentas e informa\u00e7\u00f5es t\u00e9cnicas, cient\u00edficas e acad\u00eamicas, \u00fateis para agilizar o fluxo de informa\u00e7\u00e3o aos povos ind\u00edgenas e a tomada de decis\u00f5es dos diferentes atores e da sociedade civil, nos diferentes n\u00edveis de organiza\u00e7\u00e3o, para o enfrentamento da Covid-19 nos seus territ\u00f3rios.<\/p>\n<p style=\"text-align: justify;\">O programa ser\u00e1 exibido pelo\u00a0youtube.com\/canalsaudeoficial\u00a0\u00e0s 14h e ter\u00e1 reprise \u00e0s 18:30 (hor\u00e1rio\/Manaus), pelo Canal Sa\u00fade.<\/p>\n<p style=\"text-align: justify;\">Saiba como assistir em\u00a0<a href=\"https:\/\/www.canalsaude.fiocruz.br\/canal\/comoAssistir\" target=\"_blank\" rel=\"noopener\">https:\/\/www.canalsaude.fiocruz.br\/canal\/comoAssistir<\/a><\/p>\n<p style=\"text-align: justify;\">SOBRE OS PESQUISADORES<\/p>\n<p style=\"text-align: justify;\">S\u00e9rgio Luz \u00e9 graduado em Ci\u00eancias Biol\u00f3gicas pela Universidade Gama Filho, mestre em Ci\u00eancias Veterin\u00e1rias pela Universidade Federal Rural do Rio de Janeiro e doutor em Biologia Parasit\u00e1ria pela Funda\u00e7\u00e3o Oswaldo Cruz . Atualmente \u00e9 Diretor e Pesquisador Titular da Funda\u00e7\u00e3o Oswaldo Cruz no Instituto Le\u00f4nidas e Maria Deane em Manaus &#8211; Amazonas.<\/p>\n<p style=\"text-align: justify;\">Atua principalmente em ecologia de doen\u00e7as transmiss\u00edveis na Amaz\u00f4nia. \u00canfase em taxonomia de vetores de agentes patog\u00eanicos, nas ferramentas para diagn\u00f3stico molecular dos pat\u00f3genos em vetores e em amostras cl\u00ednicas e metodologias de controle de vetores.<\/p>\n<p style=\"text-align: justify;\">Jose Joaquin Carvajal \u00e9 graduado em Biologia pela &#8220;Universidad Nacional de Colombia &#8211; Sede Bogot\u00e1&#8221; (Universidade Nacional da Col\u00f4mbia), t\u00edtulo convalidado pela Universidade do Estado do Rio de Janeiro, mestre e doutor em Ci\u00eancias (Medicina Tropical) pela Funda\u00e7\u00e3o Oswaldo Cruz, com doutorado sandu\u00edche em La Maison de la T\u00e9l\u00e9detection no Institut de Recherche pour le D\u00e9veloppment em Montpellier (Fran\u00e7a).<\/p>\n<p style=\"text-align: justify;\">Atualmente est\u00e1 desenvolvendo projetos de pesquisa na \u00e1rea de biologia e ecologia de mosquitos vetores, controle vetorial e epidemiologia de doen\u00e7as transmitidas por vetores e \u00e1reas afins. Nesse contexto, co-coordena com Pedro Rapozo (NESAM\/UEA) e Rodrigo Oliveira (NESAM\/UFAM) a Rede Transfronteiri\u00e7a para o enfrentamento da Covid-19 entre Brasil, Col\u00f4mbia e Peru.<\/p>\n<p style=\"text-align: justify;\">Tem experi\u00eancia na \u00e1rea de geoestat\u00edstica, bioestat\u00edstica e entomologia m\u00e9dica, atuando principalmente nos seguintes temas: Aedes albopictus, Aedes aegypti, dengue, Zika, chikungunya, mal\u00e1ria, geosa\u00fade e epidemiologia espacial com \u00eanfase nos determinantes socioambientais de doen\u00e7as transmitidas por vetores nas fronteiras internacionais da Regi\u00e3o Amaz\u00f4nica.<\/p>\n<p style=\"text-align: justify;\">Bernardino Cl\u00e1udio Albuquerque \u00e9 graduado em Medicina pela Universidade Federal do Amazonas, Especialista em Medicina do Trabalho pela Universidade Federal do Amazonas (1975), Especialista em Auditoria em Servi\u00e7os de Sa\u00fade e Mestrado em Medicina (Doen\u00e7as Infecciosas e Parasit\u00e1rias) pela Universidade Federal do Rio de Janeiro.<\/p>\n<p style=\"text-align: justify;\">Atualmente \u00e9 professor assistente IIV na Universidade Federal do Amazonas, Pesquisador Adjunto da Funda\u00e7\u00e3o de Medicina Tropical &#8220;Heitor Vieira Dourado&#8221; do Amazonas e pesquisador\u00a0 do ILMD\/Fiocruz Amaz\u00f4nia, apoiando a implementa\u00e7\u00e3o da Sala Binacional de Sa\u00fade entre Brasil e Col\u00f4mbia. Tem experi\u00eancia na \u00e1rea de Medicina, com \u00eanfase em Doen\u00e7as Infecciosas e Sa\u00fade P\u00fablica, atuando principalmente nos seguintes temas: Doen\u00e7as End\u00eamicas da Amaz\u00f4nia, Controle e Epidemiologia.<\/p>\n<p style=\"text-align: justify;\">Emmanuel Roux \u00e9 doutor em Automa\u00e7\u00e3o e Ci\u00ean\u00e7a da computa\u00e7\u00e3o da Universidade de Valenciennes (2002), Fran\u00e7a, \u00a0graduado pela Escola Superior Nacional de Engenharia (1999). Atualmente \u00e9 pesquisador titular do Instituto Franc\u00eas de Pesquisa para o Desenvolvimento (IRD). Sua \u00e1rea de pesquisa \u00e9 a ci\u00eancia dos dados, com \u00eanfase em Matem\u00e1tica Aplicada, aprendizagem autom\u00e1tica, estat\u00edstica.<\/p>\n<p style=\"text-align: justify;\">Realiza pesquisas aplicadas \u00e0 sa\u00fade e mais especificamente \u00e0s doen\u00e7as infecciosas vetoriais, e se interessa particularmente aos contextos transfronteiri\u00e7os, em parceria com v\u00e1rios parceiros Brasileiros. Nesse contexto, ele est\u00e1 pesquisador visitante no Instituto de Comunica\u00e7\u00e3o e Informa\u00e7\u00e3o Cient\u00edfica e Tecnol\u00f3gica em Sa\u00fade (Icict\/Fiocruz) e co-dirige, com Helen Gurgel (UnB\/LAGAS) e Christovam Barcellos (FIOCRUZ\/ICICT) o Laborat\u00f3rio Misto Internacional &#8220;Observat\u00f3rios Transfronteiri\u00e7os do Meio Ambiente, Clima e Doen\u00e7as Vetoriais: S\u00edtios Sentinelas do Observat\u00f3rio Brasileiro de Clima e Sa\u00fade&#8221; (LMI Sentinela). Tamb\u00e9m faz parte da Rede Transfronteiri\u00e7a COVID-19.<\/p>\n<h6><strong><em>ILMD\/Fiocruz Amaz\u00f4nia, por Eduardo Gomes<\/em><\/strong><\/h6>\n<h6><strong><em>*Com informa\u00e7\u00f5es da Ag\u00eancia Fiocruz de Not\u00edcias<\/em><\/strong><\/h6>\n","protected":false},"excerpt":{"rendered":"<p>O ano de 2020 vai ser lembrado como um ano diferente. Para Funda\u00e7\u00e3o Oswaldo Cruz (Fiocruz), a comemora\u00e7\u00e3o dos 120 da institui\u00e7\u00e3o veio junto com o refor\u00e7o do compromisso de salvar vidas e fortalecer o Sistema \u00danico de Sa\u00fade (SUS) no contexto de pandemia do novo coronav\u00edrus. Esse compromisso poder\u00e1 ser percebido na Semana Nacional [&hellip;]<\/p>\n","protected":false},"author":20,"featured_media":32654,"comment_status":"closed","ping_status":"closed","sticky":false,"template":"","format":"standard","meta":{"footnotes":""},"categories":[15],"tags":[317,136,120,119,131,852,437],"class_list":["post-32653","post","type-post","status-publish","format-standard","has-post-thumbnail","hentry","category-noticias","tag-ciencia","tag-fiocruz","tag-fiocruz-amazonia","tag-ilmd","tag-ilmdfiocruz-amazonia","tag-ilmd-fiocruz-amazonia","tag-snct"],"_links":{"self":[{"href":"https:\/\/amazonia.fiocruz.br\/index.php?rest_route=\/wp\/v2\/posts\/32653","targetHints":{"allow":["GET"]}}],"collection":[{"href":"https:\/\/amazonia.fiocruz.br\/index.php?rest_route=\/wp\/v2\/posts"}],"about":[{"href":"https:\/\/amazonia.fiocruz.br\/index.php?rest_route=\/wp\/v2\/types\/post"}],"author":[{"embeddable":true,"href":"https:\/\/amazonia.fiocruz.br\/index.php?rest_route=\/wp\/v2\/users\/20"}],"replies":[{"embeddable":true,"href":"https:\/\/amazonia.fiocruz.br\/index.php?rest_route=%2Fwp%2Fv2%2Fcomments&post=32653"}],"version-history":[{"count":5,"href":"https:\/\/amazonia.fiocruz.br\/index.php?rest_route=\/wp\/v2\/posts\/32653\/revisions"}],"predecessor-version":[{"id":32660,"href":"https:\/\/amazonia.fiocruz.br\/index.php?rest_route=\/wp\/v2\/posts\/32653\/revisions\/32660"}],"wp:featuredmedia":[{"embeddable":true,"href":"https:\/\/amazonia.fiocruz.br\/index.php?rest_route=\/wp\/v2\/media\/32654"}],"wp:attachment":[{"href":"https:\/\/amazonia.fiocruz.br\/index.php?rest_route=%2Fwp%2Fv2%2Fmedia&parent=32653"}],"wp:term":[{"taxonomy":"category","embeddable":true,"href":"https:\/\/amazonia.fiocruz.br\/index.php?rest_route=%2Fwp%2Fv2%2Fcategories&post=32653"},{"taxonomy":"post_tag","embeddable":true,"href":"https:\/\/amazonia.fiocruz.br\/index.php?rest_route=%2Fwp%2Fv2%2Ftags&post=32653"}],"curies":[{"name":"wp","href":"https:\/\/api.w.org\/{rel}","templated":true}]}}