{"id":32564,"date":"2020-10-08T16:02:17","date_gmt":"2020-10-08T20:02:17","guid":{"rendered":"https:\/\/amazonia.fiocruz.br\/?p=32564"},"modified":"2020-10-08T16:02:17","modified_gmt":"2020-10-08T20:02:17","slug":"fiocruz-amazonia-e-instituicoes-parceiras-oferecem-primeiro-curso-de-doutorado-em-saude-publica-no-amazonas","status":"publish","type":"post","link":"https:\/\/amazonia.fiocruz.br\/?p=32564","title":{"rendered":"Fiocruz Amaz\u00f4nia e institui\u00e7\u00f5es parceiras oferecem primeiro curso de Doutorado em Sa\u00fade P\u00fablica no Amazonas"},"content":{"rendered":"<p style=\"text-align: justify;\">Ser\u00e1 nesta sexta-feira, 9\/10, \u00e0s 9h horas (hor\u00e1rio Manaus), \u00a0a acolhida dos alunos do curso de Doutorado em Sa\u00fade P\u00fablica na Amaz\u00f4nia. O curso \u00e9 pioneiro no Amazonas e resultado dos esfor\u00e7os \u00a0institucionais do Instituto Le\u00f4nidas &amp; Maria Deane (ILMD\/Fiocruz Amaz\u00f4nia), Universidade Federal do Amazonas\u00a0 (Ufam) e Universidade do Estado do Amazonas (UEA).<\/p>\n<p style=\"text-align: justify;\">\u00a0A acolhida aos novos discentes ser\u00e1 atrav\u00e9s da plataforma <em>ZOOM<\/em>, assim como foi todo o processo seletivo para o curso.<\/p>\n<p style=\"text-align: justify;\">\u201cFoi o primeiro processo seletivo realizado pelo ILMD, todo de forma remota. Foram utilizadas 4 salas do <em>ZOOM<\/em>, simultaneamente, durante 3 dias seguidos. Foi um trabalho intenso, onde a participa\u00e7\u00e3o de docentes e trabalhadores da VDEIC foi de fundamental import\u00e2ncia\u201d, observa a \u00a0vice-diretora de Ensino, Informa\u00e7\u00e3o e Comunica\u00e7\u00e3o (VDEIC-ILMD\/Fiocruz Amaz\u00f4nia), Rosana Parente.<\/p>\n<p style=\"text-align: justify;\">O curso concentra-se na \u00e1rea de Estudos de Processo Sa\u00fade\/Doen\u00e7a\/Cuidado na Amaz\u00f4nia, e oferece duas linhas de pesquisas: Din\u00e2mica, diagn\u00f3stico, cuidado cl\u00ednico e controle de doen\u00e7as infecciosas end\u00eamicas na Amaz\u00f4nia; e Vulnerabilidade, Situa\u00e7\u00f5es de Sa\u00fade, Gest\u00e3o, Organiza\u00e7\u00e3o e Avalia\u00e7\u00e3o de Servi\u00e7os e Cuidados de APS na Amaz\u00f4nia. Foram ofertadas 15 vagas e puderam concorrer candidatos portadores de diploma de gradua\u00e7\u00e3o de dura\u00e7\u00e3o plena, devidamente reconhecida pelo MEC e com diploma de mestre em Sa\u00fade Coletiva ou \u00e1reas afins.<\/p>\n<p style=\"text-align: justify;\">Rosana Parente destaca a import\u00e2ncia do curso para o Amazonas, especialmente, \u201cporque busca potencializar a produ\u00e7\u00e3o de conhecimentos sobre os determinantes e condicionantes do processo sa\u00fade-doen\u00e7a em popula\u00e7\u00f5es amaz\u00f4nicas, contribuindo para o aprimoramento das pol\u00edticas p\u00fablicas de sa\u00fade e dos processos formativos em Sa\u00fade Coletiva\u201d.<\/p>\n<p style=\"text-align: justify;\">O diretor do ILMD\/Fiocruz Amaz\u00f4nia, S\u00e9rgio Luz, ressalta a relev\u00e2ncia dessa p\u00f3s-gradua\u00e7\u00e3o para o Estado, bem como enfatiza a capacidade e compromisso da Fiocruz Amaz\u00f4nia e das institui\u00e7\u00f5es parceiras em oferecer, diante de um cen\u00e1rio restritivo, um curso dessa magnitude, que vai contribuir para a forma\u00e7\u00e3o e qualifica\u00e7\u00e3o de profissionais da sa\u00fade, para o aprimoramento dos servi\u00e7os de Sa\u00fade, vindo ao encontro dos esfor\u00e7os do Minist\u00e9rio da Sa\u00fade, para a melhoria da sa\u00fade p\u00fablica no Pa\u00eds.<\/p>\n<p style=\"text-align: justify;\">\u201cEsse curso de \u00a0Doutorado em Sa\u00fade P\u00fablica na Amaz\u00f4nia \u00e9 mais uma entrega da Fiocruz Amaz\u00f4nia para a sociedade amazonense, para a popula\u00e7\u00e3o do Amazonas. Fruto de \u00a0importantes parcerias \u00a0institucionais, que se empenharam para a realiza\u00e7\u00e3o desse grande desafio, que \u00e9 formar especialistas, no ponto m\u00e1ximo, da sa\u00fade coletiva, para que possam se tornar profissionais mais eficientes, de modo a gerar benef\u00edcios para a Sa\u00fade e gest\u00e3o da Sa\u00fade, para a popula\u00e7\u00e3o amazonense\u201d, comentou.<\/p>\n<p style=\"text-align: justify;\">A chamada p\u00fablica para a sele\u00e7\u00e3o dos alunos para o curso de Doutorado em Sa\u00fade P\u00fablica na Amaz\u00f4nia foi a de N\u00ba 007\/2020. O resultado final e todas as etapas do processo seletivo foram acompanhadas pela Plataforma SIGA, da Fiocruz, em \u00a0<a href=\"http:\/\/www.sigass.fiocruz.br\/pub\/inscricao.do?codP=826\">http:\/\/www.sigass.fiocruz.br\/pub\/inscricao.do?codP=826<\/a><\/p>\n<p style=\"text-align: justify;\">O curso ser\u00e1 coordenado pela m\u00e9dica e pesquisadora do ILMD\/Fiocruz Amaz\u00f4nia, Maria Luiza Garnelo Pereira. Ter\u00e1 dura\u00e7\u00e3o m\u00ednima de 24 meses e m\u00e1xima de 48 meses, incluindo a realiza\u00e7\u00e3o da defesa de tese.<\/p>\n<p style=\"text-align: justify;\">A Funda\u00e7\u00e3o de Amparo \u00e0 Pesquisa do Estado do Amazonas (Fapeam) e a Coordena\u00e7\u00e3o de Aperfei\u00e7oamento de Pessoal de N\u00edvel Superior (Capes) apoiam a atividade, com a libera\u00e7\u00e3o bolsas de estudo para os alunos.<\/p>\n<h6 style=\"text-align: justify;\"><strong><em>ILMD\/Fiocruz Amaz\u00f4nia, por Marl\u00facia Seixas<\/em><\/strong><\/h6>\n<h6 style=\"text-align: justify;\"><strong><em>Imagem: Mackesy Nascimento<\/em><\/strong><\/h6>\n<p style=\"text-align: justify;\">\n","protected":false},"excerpt":{"rendered":"<p>Ser\u00e1 nesta sexta-feira, 9\/10, \u00e0s 9h horas (hor\u00e1rio Manaus), \u00a0a acolhida dos alunos do curso de Doutorado em Sa\u00fade P\u00fablica na Amaz\u00f4nia. O curso \u00e9 pioneiro no Amazonas e resultado dos esfor\u00e7os \u00a0institucionais do Instituto Le\u00f4nidas &amp; Maria Deane (ILMD\/Fiocruz Amaz\u00f4nia), Universidade Federal do Amazonas\u00a0 (Ufam) e Universidade do Estado do Amazonas (UEA). \u00a0A acolhida [&hellip;]<\/p>\n","protected":false},"author":26,"featured_media":32566,"comment_status":"closed","ping_status":"closed","sticky":false,"template":"","format":"standard","meta":{"footnotes":""},"categories":[15],"tags":[176,277,919,422,909,312,499,682,760,568,373],"class_list":["post-32564","post","type-post","status-publish","format-standard","has-post-thumbnail","hentry","category-noticias","tag-amazonas","tag-curso","tag-doutorado","tag-fapeam","tag-formacao","tag-oportunidade","tag-qualificacao","tag-saude-coletiva","tag-saude-publica","tag-uea","tag-ufam"],"_links":{"self":[{"href":"https:\/\/amazonia.fiocruz.br\/index.php?rest_route=\/wp\/v2\/posts\/32564","targetHints":{"allow":["GET"]}}],"collection":[{"href":"https:\/\/amazonia.fiocruz.br\/index.php?rest_route=\/wp\/v2\/posts"}],"about":[{"href":"https:\/\/amazonia.fiocruz.br\/index.php?rest_route=\/wp\/v2\/types\/post"}],"author":[{"embeddable":true,"href":"https:\/\/amazonia.fiocruz.br\/index.php?rest_route=\/wp\/v2\/users\/26"}],"replies":[{"embeddable":true,"href":"https:\/\/amazonia.fiocruz.br\/index.php?rest_route=%2Fwp%2Fv2%2Fcomments&post=32564"}],"version-history":[{"count":3,"href":"https:\/\/amazonia.fiocruz.br\/index.php?rest_route=\/wp\/v2\/posts\/32564\/revisions"}],"predecessor-version":[{"id":32568,"href":"https:\/\/amazonia.fiocruz.br\/index.php?rest_route=\/wp\/v2\/posts\/32564\/revisions\/32568"}],"wp:featuredmedia":[{"embeddable":true,"href":"https:\/\/amazonia.fiocruz.br\/index.php?rest_route=\/wp\/v2\/media\/32566"}],"wp:attachment":[{"href":"https:\/\/amazonia.fiocruz.br\/index.php?rest_route=%2Fwp%2Fv2%2Fmedia&parent=32564"}],"wp:term":[{"taxonomy":"category","embeddable":true,"href":"https:\/\/amazonia.fiocruz.br\/index.php?rest_route=%2Fwp%2Fv2%2Fcategories&post=32564"},{"taxonomy":"post_tag","embeddable":true,"href":"https:\/\/amazonia.fiocruz.br\/index.php?rest_route=%2Fwp%2Fv2%2Ftags&post=32564"}],"curies":[{"name":"wp","href":"https:\/\/api.w.org\/{rel}","templated":true}]}}