{"id":32528,"date":"2020-10-02T13:20:50","date_gmt":"2020-10-02T17:20:50","guid":{"rendered":"https:\/\/amazonia.fiocruz.br\/?p=32528"},"modified":"2020-10-02T13:20:50","modified_gmt":"2020-10-02T17:20:50","slug":"fiocruz-amazonia-convoca-para-matricula-institucional-do-curso-de-doutorado-em-saude-publica-na-amazonia","status":"publish","type":"post","link":"https:\/\/amazonia.fiocruz.br\/?p=32528","title":{"rendered":"Fiocruz Amaz\u00f4nia convoca para matr\u00edcula Institucional do Curso de Doutorado em Sa\u00fade P\u00fablica na Amaz\u00f4nia"},"content":{"rendered":"<p style=\"text-align: justify;\">O Instituto Le\u00f4nidas &amp; Maria Deane (ILMD\/Fiocruz Amaz\u00f4nia), Universidade Federal do Amazonas \u2013 UFAM e a Universidade do Estado do Amazonas \u2013 UEA, institui\u00e7\u00f5es associadas que comp\u00f5em o Curso de Doutorado em Sa\u00fade P\u00fablica na Amaz\u00f4nia, convocam candidatos aprovados para matr\u00edcula Institucional, conforme comunicado 002\/2020, referente a Chamada P\u00fablica N\u00ba 007\/2020, a ser realizada no per\u00edodo de 02 a 05\/10\/2020.<\/p>\n<p style=\"text-align: justify;\">Confira o resultado em: <a href=\"http:\/\/www.sigass.fiocruz.br\/pub\/inscricao.do?codP=826\">http:\/\/www.sigass.fiocruz.br\/pub\/inscricao.do?codP=826<\/a><\/p>\n<p style=\"text-align: justify;\">O Curso possui \u00e1rea de concentra\u00e7\u00e3o em Estudos de Processo Sa\u00fade\/Doen\u00e7a\/Cuidado na Amaz\u00f4nia, e duas linhas de pesquisas: Linha 1 \u2013 Din\u00e2mica, diagn\u00f3stico, cuidado cl\u00ednico e controle de doen\u00e7as infecciosas end\u00eamicas na Amaz\u00f4nia (4 VAGAS), Linha 2 \u2013 Vulnerabilidade, Situa\u00e7\u00f5es de Sa\u00fade, Gest\u00e3o, Organiza\u00e7\u00e3o e Avalia\u00e7\u00e3o de Servi\u00e7os e Cuidados de APS na Amaz\u00f4nia (11 VAGAS).<\/p>\n<p style=\"text-align: justify;\">Participam do processo de sele\u00e7\u00e3o, candidatos portadores de diploma de gradua\u00e7\u00e3o de dura\u00e7\u00e3o plena, devidamente reconhecido pelo MEC e de diploma de Mestre em Sa\u00fade Coletiva ou \u00e1reas afins. O Curso ser\u00e1 ministrado em regime integral, com dura\u00e7\u00e3o m\u00ednima de 24 meses e m\u00e1xima de 48 meses, incluindo a realiza\u00e7\u00e3o da defesa de tese.<\/p>\n<h6 style=\"text-align: justify;\"><strong><em>ILMD \/ Fiocruz Amaz\u00f4nia, por Eduardo Gomes<\/em><\/strong><\/h6>\n<h6 style=\"text-align: justify;\"><strong><em>Imagem: Mackesy Nascimento<\/em><\/strong><\/h6>\n","protected":false},"excerpt":{"rendered":"<p>O Instituto Le\u00f4nidas &amp; Maria Deane (ILMD\/Fiocruz Amaz\u00f4nia), Universidade Federal do Amazonas \u2013 UFAM e a Universidade do Estado do Amazonas \u2013 UEA, institui\u00e7\u00f5es associadas que comp\u00f5em o Curso de Doutorado em Sa\u00fade P\u00fablica na Amaz\u00f4nia, convocam candidatos aprovados para matr\u00edcula Institucional, conforme comunicado 002\/2020, referente a Chamada P\u00fablica N\u00ba 007\/2020, a ser realizada no [&hellip;]<\/p>\n","protected":false},"author":20,"featured_media":32299,"comment_status":"closed","ping_status":"closed","sticky":false,"template":"","format":"standard","meta":{"footnotes":""},"categories":[15],"tags":[919,136,120,119,131,512],"class_list":["post-32528","post","type-post","status-publish","format-standard","has-post-thumbnail","hentry","category-noticias","tag-doutorado","tag-fiocruz","tag-fiocruz-amazonia","tag-ilmd","tag-ilmdfiocruz-amazonia","tag-matricula"],"_links":{"self":[{"href":"https:\/\/amazonia.fiocruz.br\/index.php?rest_route=\/wp\/v2\/posts\/32528","targetHints":{"allow":["GET"]}}],"collection":[{"href":"https:\/\/amazonia.fiocruz.br\/index.php?rest_route=\/wp\/v2\/posts"}],"about":[{"href":"https:\/\/amazonia.fiocruz.br\/index.php?rest_route=\/wp\/v2\/types\/post"}],"author":[{"embeddable":true,"href":"https:\/\/amazonia.fiocruz.br\/index.php?rest_route=\/wp\/v2\/users\/20"}],"replies":[{"embeddable":true,"href":"https:\/\/amazonia.fiocruz.br\/index.php?rest_route=%2Fwp%2Fv2%2Fcomments&post=32528"}],"version-history":[{"count":1,"href":"https:\/\/amazonia.fiocruz.br\/index.php?rest_route=\/wp\/v2\/posts\/32528\/revisions"}],"predecessor-version":[{"id":32529,"href":"https:\/\/amazonia.fiocruz.br\/index.php?rest_route=\/wp\/v2\/posts\/32528\/revisions\/32529"}],"wp:featuredmedia":[{"embeddable":true,"href":"https:\/\/amazonia.fiocruz.br\/index.php?rest_route=\/wp\/v2\/media\/32299"}],"wp:attachment":[{"href":"https:\/\/amazonia.fiocruz.br\/index.php?rest_route=%2Fwp%2Fv2%2Fmedia&parent=32528"}],"wp:term":[{"taxonomy":"category","embeddable":true,"href":"https:\/\/amazonia.fiocruz.br\/index.php?rest_route=%2Fwp%2Fv2%2Fcategories&post=32528"},{"taxonomy":"post_tag","embeddable":true,"href":"https:\/\/amazonia.fiocruz.br\/index.php?rest_route=%2Fwp%2Fv2%2Ftags&post=32528"}],"curies":[{"name":"wp","href":"https:\/\/api.w.org\/{rel}","templated":true}]}}