{"id":32398,"date":"2020-09-10T19:14:23","date_gmt":"2020-09-10T23:14:23","guid":{"rendered":"https:\/\/amazonia.fiocruz.br\/?p=32398"},"modified":"2020-09-29T16:05:35","modified_gmt":"2020-09-29T20:05:35","slug":"nota-de-esclarecimento","status":"publish","type":"post","link":"https:\/\/amazonia.fiocruz.br\/?p=32398","title":{"rendered":"NOTA DE ESCLARECIMENTO"},"content":{"rendered":"<p style=\"text-align: justify;\">Considerando a Nota de Esclarecimento divulgada nesta quarta-feira (9\/9) pela Funda\u00e7\u00e3o de Vigil\u00e2ncia e Sa\u00fade do Amazonas (FVS-AM), a Funda\u00e7\u00e3o Oswaldo Cruz (Fiocruz), atrav\u00e9s de sua unidade t\u00e9cnico-cient\u00edfica no Estado do Amazonas, o Instituto Le\u00f4nidas &amp; Maria Deane, vem respeitosamente contribuir para o debate.<\/p>\n<p style=\"text-align: justify;\">Neste momento de pandemia, com consequ\u00eancias graves e elevado n\u00famero de \u00f3bitos em todo o mundo, acreditamos ser de grande relev\u00e2ncia a realiza\u00e7\u00e3o de estudos e pesquisas que possam contribuir com a efetividade das a\u00e7\u00f5es de sa\u00fade p\u00fablica junto \u00e0 popula\u00e7\u00e3o do Estado do Amazonas, em especial, um estudo epidemiol\u00f3gico de campo na cidade de Manaus. O objetivo \u00e9 avaliar a presen\u00e7a de anticorpos para a Covid-19 na popula\u00e7\u00e3o, com uma amostragem populacional significativa e representativa, que nos forne\u00e7a o suporte cient\u00edfico capaz de auxiliar e orientar em um correto planejamento e monitoramento dessa epidemia, seja para o atual momento, seja para o futuro.<\/p>\n<p style=\"text-align: justify;\">As informa\u00e7\u00f5es epidemiol\u00f3gicas divulgadas na Nota de Esclarecimento da FVS-AM s\u00e3o esclarecedoras e, de certa forma, j\u00e1 apontam a necessidade de um inqu\u00e9rito epidemiol\u00f3gico de campo, com testagem em massa.<\/p>\n<p style=\"text-align: justify;\">Entendemos que esse desafio deva ser realizado de forma convergente e que favore\u00e7a o encontro de todos em torno de um objetivo comum. Assim, informamos que estamos em fase de formata\u00e7\u00e3o final de uma proposta, com desenho adequado \u00e0s condi\u00e7\u00f5es da cidade de Manaus, em busca dos meios necess\u00e1rios para essa execu\u00e7\u00e3o. Todas as contribui\u00e7\u00f5es ser\u00e3o bem-vindas.<\/p>\n<p style=\"text-align: justify;\">Importante tamb\u00e9m destacar o principal aspecto que gerou a nota da FVS-AM: as declara\u00e7\u00f5es emitidas por um pesquisador do Instituto Le\u00f4nidas &amp; Maria Deane, que geraram rep\u00fadio por parte da FVS\u2013AM, e que \u201cn\u00e3o refletem a isen\u00e7\u00e3o dos seus pares pesquisadores da Fiocruz\u201d, na vis\u00e3o dos dirigentes da pr\u00f3pria FVS-AM. Cabe \u00e0 Fiocruz reafirmar seu compromisso com a sa\u00fade p\u00fablica e reconhecer os esfor\u00e7os dispendidos pelos profissionais de sa\u00fade da FVS-AM e de outras institui\u00e7\u00f5es, e pelas autoridades, nos reservando o papel de levantar quest\u00f5es, d\u00favidas, cr\u00edticas e sugest\u00f5es, de forma sempre respeitosa, e na busca de solu\u00e7\u00f5es para o grave momento sanit\u00e1rio pelo qual passa o Estado do Amazonas e o Brasil.<\/p>\n<p style=\"text-align: justify;\">Em busca da supera\u00e7\u00e3o deste problema, acreditamos que o esfor\u00e7o para a realiza\u00e7\u00e3o do inqu\u00e9rito epidemiol\u00f3gico possa representar um caminho para uma converg\u00eancia maior entre as duas institui\u00e7\u00f5es, que atuam em prol da ci\u00eancia e da sa\u00fade da popula\u00e7\u00e3o.<\/p>\n<h6><strong><em>Foto: Divulga\u00e7\u00e3o<\/em><\/strong><\/h6>\n","protected":false},"excerpt":{"rendered":"<p>Considerando a Nota de Esclarecimento divulgada nesta quarta-feira (9\/9) pela Funda\u00e7\u00e3o de Vigil\u00e2ncia e Sa\u00fade do Amazonas (FVS-AM), a Funda\u00e7\u00e3o Oswaldo Cruz (Fiocruz), atrav\u00e9s de sua unidade t\u00e9cnico-cient\u00edfica no Estado do Amazonas, o Instituto Le\u00f4nidas &amp; Maria Deane, vem respeitosamente contribuir para o debate. Neste momento de pandemia, com consequ\u00eancias graves e elevado n\u00famero de [&hellip;]<\/p>\n","protected":false},"author":20,"featured_media":32399,"comment_status":"closed","ping_status":"closed","sticky":false,"template":"","format":"standard","meta":{"footnotes":""},"categories":[15],"tags":[871,136,120,119,131],"class_list":["post-32398","post","type-post","status-publish","format-standard","has-post-thumbnail","hentry","category-noticias","tag-covid-19","tag-fiocruz","tag-fiocruz-amazonia","tag-ilmd","tag-ilmdfiocruz-amazonia"],"_links":{"self":[{"href":"https:\/\/amazonia.fiocruz.br\/index.php?rest_route=\/wp\/v2\/posts\/32398","targetHints":{"allow":["GET"]}}],"collection":[{"href":"https:\/\/amazonia.fiocruz.br\/index.php?rest_route=\/wp\/v2\/posts"}],"about":[{"href":"https:\/\/amazonia.fiocruz.br\/index.php?rest_route=\/wp\/v2\/types\/post"}],"author":[{"embeddable":true,"href":"https:\/\/amazonia.fiocruz.br\/index.php?rest_route=\/wp\/v2\/users\/20"}],"replies":[{"embeddable":true,"href":"https:\/\/amazonia.fiocruz.br\/index.php?rest_route=%2Fwp%2Fv2%2Fcomments&post=32398"}],"version-history":[{"count":3,"href":"https:\/\/amazonia.fiocruz.br\/index.php?rest_route=\/wp\/v2\/posts\/32398\/revisions"}],"predecessor-version":[{"id":32497,"href":"https:\/\/amazonia.fiocruz.br\/index.php?rest_route=\/wp\/v2\/posts\/32398\/revisions\/32497"}],"wp:featuredmedia":[{"embeddable":true,"href":"https:\/\/amazonia.fiocruz.br\/index.php?rest_route=\/wp\/v2\/media\/32399"}],"wp:attachment":[{"href":"https:\/\/amazonia.fiocruz.br\/index.php?rest_route=%2Fwp%2Fv2%2Fmedia&parent=32398"}],"wp:term":[{"taxonomy":"category","embeddable":true,"href":"https:\/\/amazonia.fiocruz.br\/index.php?rest_route=%2Fwp%2Fv2%2Fcategories&post=32398"},{"taxonomy":"post_tag","embeddable":true,"href":"https:\/\/amazonia.fiocruz.br\/index.php?rest_route=%2Fwp%2Fv2%2Ftags&post=32398"}],"curies":[{"name":"wp","href":"https:\/\/api.w.org\/{rel}","templated":true}]}}