{"id":32257,"date":"2020-08-14T09:39:49","date_gmt":"2020-08-14T13:39:49","guid":{"rendered":"https:\/\/amazonia.fiocruz.br\/?p=32257"},"modified":"2020-08-14T09:39:49","modified_gmt":"2020-08-14T13:39:49","slug":"fiocruz-amazonia-informa-mudanca-no-calendario-do-processo-seletivo-para-o-ppgvida","status":"publish","type":"post","link":"https:\/\/amazonia.fiocruz.br\/?p=32257","title":{"rendered":"Fiocruz Amaz\u00f4nia informa mudan\u00e7a no calend\u00e1rio do processo seletivo para o PPGVIDA"},"content":{"rendered":"<p style=\"text-align: justify;\">O Instituto Le\u00f4nidas &amp; Maria Deane\u00a0 (ILMD\/Fiocruz Amaz\u00f4nia) divulga a 3\u00ba republica\u00e7\u00e3o, da chamada p\u00fablica do processo seletivo, do Mestrado Acad\u00eamico em Condi\u00e7\u00f5es de Vida e Situa\u00e7\u00f5es de Sa\u00fade na Amaz\u00f4nia\u00a0 (PPGVIDA), referente \u00e0 modifica\u00e7\u00e3o do calend\u00e1rio em rela\u00e7\u00e3o a segunda e terceira etapas do processo.<\/p>\n<p style=\"text-align: justify;\"><a href=\"http:\/\/www.sigass.fiocruz.br\/pub\/inscricao.do?codP=120\" target=\"_blank\" rel=\"noopener\">Confira AQUI a republica\u00e7\u00e3o<\/a>.<\/p>\n<p style=\"text-align: justify;\">SOBRE O PPGVIDA<\/p>\n<p style=\"text-align: justify;\">O curso de mestrado em Condi\u00e7\u00f5es de Vida e Situa\u00e7\u00f5es de Sa\u00fade na Amaz\u00f4nia tem como objetivo capacitar profissionais para desenvolver modelos anal\u00edticos, capazes de subsidiar pesquisas em sa\u00fade, apoiar o planejamento, execu\u00e7\u00e3o e gerenciamento de servi\u00e7os e a\u00e7\u00f5es de controle e o monitoramento de doen\u00e7as e agravos de interesse coletivo e do Sistema \u00danico de Sa\u00fade na Amaz\u00f4nia.<\/p>\n<p style=\"text-align: justify;\">O PPGVIDA tamb\u00e9m visa planejar, propor e utilizar m\u00e9todos e t\u00e9cnicas para executar investiga\u00e7\u00f5es na \u00e1rea de sa\u00fade, mediante o uso integrado de conceitos e recursos te\u00f3rico-metodol\u00f3gicos advindos da sa\u00fade coletiva, biologia parasit\u00e1ria, epidemiologia, ci\u00eancias sociais e humanas aplicadas \u00e0 sa\u00fade, comunica\u00e7\u00e3o e informa\u00e7\u00e3o em sa\u00fade e de outras \u00e1reas de interesse acad\u00eamico, na constru\u00e7\u00e3o de desenhos complexos de pesquisa sobre a realidade amaz\u00f4nica.<\/p>\n<h6 style=\"text-align: justify;\"><strong><em>ILMD\/Fiocruz Amaz\u00f4nia, por Eduardo Gomes<\/em><\/strong><\/h6>\n","protected":false},"excerpt":{"rendered":"<p>O Instituto Le\u00f4nidas &amp; Maria Deane\u00a0 (ILMD\/Fiocruz Amaz\u00f4nia) divulga a 3\u00ba republica\u00e7\u00e3o, da chamada p\u00fablica do processo seletivo, do Mestrado Acad\u00eamico em Condi\u00e7\u00f5es de Vida e Situa\u00e7\u00f5es de Sa\u00fade na Amaz\u00f4nia\u00a0 (PPGVIDA), referente \u00e0 modifica\u00e7\u00e3o do calend\u00e1rio em rela\u00e7\u00e3o a segunda e terceira etapas do processo. Confira AQUI a republica\u00e7\u00e3o. SOBRE O PPGVIDA O curso [&hellip;]<\/p>\n","protected":false},"author":20,"featured_media":32258,"comment_status":"closed","ping_status":"closed","sticky":false,"template":"","format":"standard","meta":{"footnotes":""},"categories":[15],"tags":[277,136,120,119,131,205,143],"class_list":["post-32257","post","type-post","status-publish","format-standard","has-post-thumbnail","hentry","category-noticias","tag-curso","tag-fiocruz","tag-fiocruz-amazonia","tag-ilmd","tag-ilmdfiocruz-amazonia","tag-mestrado","tag-ppgvida"],"_links":{"self":[{"href":"https:\/\/amazonia.fiocruz.br\/index.php?rest_route=\/wp\/v2\/posts\/32257","targetHints":{"allow":["GET"]}}],"collection":[{"href":"https:\/\/amazonia.fiocruz.br\/index.php?rest_route=\/wp\/v2\/posts"}],"about":[{"href":"https:\/\/amazonia.fiocruz.br\/index.php?rest_route=\/wp\/v2\/types\/post"}],"author":[{"embeddable":true,"href":"https:\/\/amazonia.fiocruz.br\/index.php?rest_route=\/wp\/v2\/users\/20"}],"replies":[{"embeddable":true,"href":"https:\/\/amazonia.fiocruz.br\/index.php?rest_route=%2Fwp%2Fv2%2Fcomments&post=32257"}],"version-history":[{"count":1,"href":"https:\/\/amazonia.fiocruz.br\/index.php?rest_route=\/wp\/v2\/posts\/32257\/revisions"}],"predecessor-version":[{"id":32259,"href":"https:\/\/amazonia.fiocruz.br\/index.php?rest_route=\/wp\/v2\/posts\/32257\/revisions\/32259"}],"wp:featuredmedia":[{"embeddable":true,"href":"https:\/\/amazonia.fiocruz.br\/index.php?rest_route=\/wp\/v2\/media\/32258"}],"wp:attachment":[{"href":"https:\/\/amazonia.fiocruz.br\/index.php?rest_route=%2Fwp%2Fv2%2Fmedia&parent=32257"}],"wp:term":[{"taxonomy":"category","embeddable":true,"href":"https:\/\/amazonia.fiocruz.br\/index.php?rest_route=%2Fwp%2Fv2%2Fcategories&post=32257"},{"taxonomy":"post_tag","embeddable":true,"href":"https:\/\/amazonia.fiocruz.br\/index.php?rest_route=%2Fwp%2Fv2%2Ftags&post=32257"}],"curies":[{"name":"wp","href":"https:\/\/api.w.org\/{rel}","templated":true}]}}