{"id":32044,"date":"2020-07-17T19:37:38","date_gmt":"2020-07-17T23:37:38","guid":{"rendered":"https:\/\/amazonia.fiocruz.br\/?p=32044"},"modified":"2020-07-17T19:37:38","modified_gmt":"2020-07-17T23:37:38","slug":"covid-19-pesquisa-avalia-seguranca-do-profissional-da-saude","status":"publish","type":"post","link":"https:\/\/amazonia.fiocruz.br\/?p=32044","title":{"rendered":"Covid-19: Pesquisa avalia seguran\u00e7a do profissional da sa\u00fade"},"content":{"rendered":"<p style=\"text-align: justify;\">O Minist\u00e9rio da Sa\u00fade, em seu \u00faltimo boletim (Boletim Epidemiol\u00f3gico Especial n\u00ba 21) sobre a Covid-19, destaca que 173.440 profissionais de sa\u00fade foram diagnosticados com a doen\u00e7a. Desses, 697 foram internados e 138 vieram a \u00f3bito. Devido ao alto risco de infec\u00e7\u00e3o a que esses profissionais est\u00e3o expostos em seu dia a dia de trabalho durante a pandemia, o Centro Colaborador para a Qualidade do Cuidado e Seguran\u00e7a do Paciente (Proqualis) do Institudo de Comunica\u00e7\u00e3o e Informa\u00e7\u00e3o Cient\u00edfica e Tecnol\u00f3gica (Icict\/Fiocruz), est\u00e1 realizando a pesquisa Seguran\u00e7a do profissional da \u00e1rea de sa\u00fade durante o enfrentamento da infec\u00e7\u00e3o pelo novo coronav\u00edrus (Covid-19). A iniciativa tem o objetivo de avaliar o risco a que os profissionais de sa\u00fade est\u00e3o submetidos e as medidas que est\u00e3o sendo tomadas nos estabelecimentos para a prote\u00e7\u00e3o desses profissionais e seus pacientes.<\/p>\n<p style=\"text-align: justify;\">Segundo a pesquisadora do Proqualis e coordenadora do estudo, Ana Luiza Pav\u00e3o, \u201cessa pesquisa visa a contribuir para mapear as caracter\u00edsticas relacionadas ao processo de trabalho desses profissionais em meio \u00e0 pandemia de Covid-19, bem como as iniciativas que est\u00e3o sendo realizadas pelos gestores nos estabelecimentos de sa\u00fade pelo Brasil\u201d.<\/p>\n<p style=\"text-align: justify;\">A pesquisa enfoca dois aspectos: a ado\u00e7\u00e3o de medidas de seguran\u00e7a pelo profissional da \u00e1rea da sa\u00fade, em seus processos de trabalho, com foco principalmente no uso adequado de Equipamentos de Prote\u00e7\u00e3o Individual (EPI); e a organiza\u00e7\u00e3o do estabelecimento de sa\u00fade em rela\u00e7\u00e3o \u00e0 oferta de equipamentos e insumos, limpeza e desinfec\u00e7\u00e3o dos ambientes, bem como indicadores de capacita\u00e7\u00e3o e acompanhamento dos seus funcion\u00e1rios.<\/p>\n<p style=\"text-align: justify;\">Dispon\u00edvel via Google Forms para facilitar o acesso on-line por meio de celular, tablet ou computador com acesso \u00e0 internet, o inqu\u00e9rito \u00e9 composto do \u2018Termo de Consentimento Livre e Esclarecido (TCLE)\u2019, que o profissional assinala a op\u00e7\u00e3o do concord\u00e2ncia, as perguntas da pesquisa. Todo o processo dura no m\u00e1ximo, 15 minutos.<\/p>\n<p style=\"text-align: justify;\">Para acessar os formul\u00e1rios para os profissionais e gestores:<\/p>\n<p style=\"text-align: justify;\"><a href=\"https:\/\/docs.google.com\/forms\/d\/e\/1FAIpQLSeAulisfm-olbX8PzUar6yhUYXLH5MzFvMpvhuF5CfT97jcdw\/viewform\">Question\u00e1rio para profissionais da \u00e1rea de Sa\u00fade<\/a>;<\/p>\n<p style=\"text-align: justify;\"><a href=\"https:\/\/docs.google.com\/forms\/d\/e\/1FAIpQLScBnIfPGgHjX3dBDjbHuZeQF18ga2saZvC0qka_X2RQ5o6iQA\/viewform\">Question\u00e1rio para gestores de estabelecimentos de Sa\u00fade<\/a>.<\/p>\n<h6 style=\"text-align: justify;\"><strong><em>Fonte: Icict\/Fiocruz<\/em><\/strong><\/h6>\n","protected":false},"excerpt":{"rendered":"<p>O Minist\u00e9rio da Sa\u00fade, em seu \u00faltimo boletim (Boletim Epidemiol\u00f3gico Especial n\u00ba 21) sobre a Covid-19, destaca que 173.440 profissionais de sa\u00fade foram diagnosticados com a doen\u00e7a. Desses, 697 foram internados e 138 vieram a \u00f3bito. Devido ao alto risco de infec\u00e7\u00e3o a que esses profissionais est\u00e3o expostos em seu dia a dia de trabalho [&hellip;]<\/p>\n","protected":false},"author":20,"featured_media":32045,"comment_status":"closed","ping_status":"closed","sticky":false,"template":"","format":"standard","meta":{"footnotes":""},"categories":[15],"tags":[871,136,120,119,131,125],"class_list":["post-32044","post","type-post","status-publish","format-standard","has-post-thumbnail","hentry","category-noticias","tag-covid-19","tag-fiocruz","tag-fiocruz-amazonia","tag-ilmd","tag-ilmdfiocruz-amazonia","tag-pesquisa"],"_links":{"self":[{"href":"https:\/\/amazonia.fiocruz.br\/index.php?rest_route=\/wp\/v2\/posts\/32044","targetHints":{"allow":["GET"]}}],"collection":[{"href":"https:\/\/amazonia.fiocruz.br\/index.php?rest_route=\/wp\/v2\/posts"}],"about":[{"href":"https:\/\/amazonia.fiocruz.br\/index.php?rest_route=\/wp\/v2\/types\/post"}],"author":[{"embeddable":true,"href":"https:\/\/amazonia.fiocruz.br\/index.php?rest_route=\/wp\/v2\/users\/20"}],"replies":[{"embeddable":true,"href":"https:\/\/amazonia.fiocruz.br\/index.php?rest_route=%2Fwp%2Fv2%2Fcomments&post=32044"}],"version-history":[{"count":1,"href":"https:\/\/amazonia.fiocruz.br\/index.php?rest_route=\/wp\/v2\/posts\/32044\/revisions"}],"predecessor-version":[{"id":32046,"href":"https:\/\/amazonia.fiocruz.br\/index.php?rest_route=\/wp\/v2\/posts\/32044\/revisions\/32046"}],"wp:featuredmedia":[{"embeddable":true,"href":"https:\/\/amazonia.fiocruz.br\/index.php?rest_route=\/wp\/v2\/media\/32045"}],"wp:attachment":[{"href":"https:\/\/amazonia.fiocruz.br\/index.php?rest_route=%2Fwp%2Fv2%2Fmedia&parent=32044"}],"wp:term":[{"taxonomy":"category","embeddable":true,"href":"https:\/\/amazonia.fiocruz.br\/index.php?rest_route=%2Fwp%2Fv2%2Fcategories&post=32044"},{"taxonomy":"post_tag","embeddable":true,"href":"https:\/\/amazonia.fiocruz.br\/index.php?rest_route=%2Fwp%2Fv2%2Ftags&post=32044"}],"curies":[{"name":"wp","href":"https:\/\/api.w.org\/{rel}","templated":true}]}}