{"id":31410,"date":"2020-05-22T18:58:29","date_gmt":"2020-05-22T22:58:29","guid":{"rendered":"https:\/\/amazonia.fiocruz.br\/?p=31410"},"modified":"2020-05-22T18:58:29","modified_gmt":"2020-05-22T22:58:29","slug":"projetos-de-pesquisadores-da-fiocruz-amazonia-sao-aprovados-no-pcti-emergesaude-am","status":"publish","type":"post","link":"https:\/\/amazonia.fiocruz.br\/?p=31410","title":{"rendered":"Projetos de pesquisadores da Fiocruz Amaz\u00f4nia s\u00e3o aprovados no PCTI-EmergeSa\u00fade\/AM"},"content":{"rendered":"<p style=\"text-align: justify;\">Duas propostas submetidas ao Programa Ci\u00eancia, Tecnologia e Inova\u00e7\u00e3o nas Emerg\u00eancias de Sa\u00fade P\u00fablica no Amazonas Covid-19 (PCTI-EmergeSa\u00fade\/AM) por pesquisadores do Instituto Le\u00f4nidas &amp; Maria Deane (ILMD\/Fiocruz Amaz\u00f4nia) foram contempladas pelo Edital N\u00b0005\/2020 da Funda\u00e7\u00e3o de Amparo \u00e0 Pesquisa do Estado do Amazonas (Fapeam).<\/p>\n<p style=\"text-align: justify;\">Os projetos aprovados s\u00e3o da linha tem\u00e1tica 2: Pesquisa, servi\u00e7o e desenvolvimento de protocolos de an\u00e1lises moleculares e\/ou imunol\u00f3gicas para o enfrentamento da pandemia de Covid-19 no Estado do Amazonas. As propostas foram submetidas por Priscila Aquino e Felipe Naveca.<\/p>\n<p style=\"text-align: justify;\">Para o pesquisador e vice-diretor de Pesquisa e Inova\u00e7\u00e3o do ILMD\/Fiocruz Amaz\u00f4nia, Felipe Naveca, o apoio da Fapeam \u201crepresenta a oportunidade de contribuir para a vigil\u00e2ncia de v\u00edrus respirat\u00f3rios, no contexto epidemiol\u00f3gico do estado do Amazonas, desenvolvendo ensaios que atendam \u00e0 necessidade regional e n\u00e3o importando solu\u00e7\u00f5es j\u00e1 prontas, as quais nem sempre nos atendem\u201d, comentou.<\/p>\n<p style=\"text-align: justify;\">Da mesma forma, Priscila Aquino considera fundamental o apoio da Fapeam para a execu\u00e7\u00e3o de seu projeto. \u201cDada a urg\u00eancia e r\u00e1pida propaga\u00e7\u00e3o de Covid-19 em nosso estado, nosso grupo se prop\u00f4s a utilizar uma metodologia inovadora para convergir a um painel de prote\u00ednas correlacionadas \u00e0 gravidade cl\u00ednica dos pacientes. Al\u00e9m disso, esse financiamento tamb\u00e9m ir\u00e1 contribuir para a compreens\u00e3o dessa doen\u00e7a em n\u00edvel proteico, fornecendo dados inclusive para a coalis\u00e3o internacional de espectrometria de massas aplicada \u00e0 Covid-19\u201d.<\/p>\n<p style=\"text-align: justify;\">O investimento estadual \u00e9 de R$ 1.618.912,00, provenientes do or\u00e7amento da Fapeam, conforme Plano Plurianual 2020-2023, do Governo do Amazonas. O recurso vai apoiar seis projetos aprovados.<\/p>\n<h6 style=\"text-align: justify;\"><em><strong>ILMD\/Fiocruz Amaz\u00f4nia, por Marl\u00facia Seixas<\/strong><\/em><\/h6>\n<h6 style=\"text-align: justify;\"><em><strong>Foto: Josue Damacena\/Fiocruz<\/strong><\/em><\/h6>\n","protected":false},"excerpt":{"rendered":"<p>Duas propostas submetidas ao Programa Ci\u00eancia, Tecnologia e Inova\u00e7\u00e3o nas Emerg\u00eancias de Sa\u00fade P\u00fablica no Amazonas Covid-19 (PCTI-EmergeSa\u00fade\/AM) por pesquisadores do Instituto Le\u00f4nidas &amp; Maria Deane (ILMD\/Fiocruz Amaz\u00f4nia) foram contempladas pelo Edital N\u00b0005\/2020 da Funda\u00e7\u00e3o de Amparo \u00e0 Pesquisa do Estado do Amazonas (Fapeam). Os projetos aprovados s\u00e3o da linha tem\u00e1tica 2: Pesquisa, servi\u00e7o e [&hellip;]<\/p>\n","protected":false},"author":26,"featured_media":31413,"comment_status":"closed","ping_status":"closed","sticky":false,"template":"","format":"standard","meta":{"footnotes":""},"categories":[15],"tags":[176,871,422,900,153,132,265],"class_list":["post-31410","post","type-post","status-publish","format-standard","has-post-thumbnail","hentry","category-noticias","tag-amazonas","tag-covid-19","tag-fapeam","tag-pcti-emergesaude-am","tag-pesquisador","tag-pesquisadora","tag-projeto-de-pesquisa"],"_links":{"self":[{"href":"https:\/\/amazonia.fiocruz.br\/index.php?rest_route=\/wp\/v2\/posts\/31410","targetHints":{"allow":["GET"]}}],"collection":[{"href":"https:\/\/amazonia.fiocruz.br\/index.php?rest_route=\/wp\/v2\/posts"}],"about":[{"href":"https:\/\/amazonia.fiocruz.br\/index.php?rest_route=\/wp\/v2\/types\/post"}],"author":[{"embeddable":true,"href":"https:\/\/amazonia.fiocruz.br\/index.php?rest_route=\/wp\/v2\/users\/26"}],"replies":[{"embeddable":true,"href":"https:\/\/amazonia.fiocruz.br\/index.php?rest_route=%2Fwp%2Fv2%2Fcomments&post=31410"}],"version-history":[{"count":3,"href":"https:\/\/amazonia.fiocruz.br\/index.php?rest_route=\/wp\/v2\/posts\/31410\/revisions"}],"predecessor-version":[{"id":31415,"href":"https:\/\/amazonia.fiocruz.br\/index.php?rest_route=\/wp\/v2\/posts\/31410\/revisions\/31415"}],"wp:featuredmedia":[{"embeddable":true,"href":"https:\/\/amazonia.fiocruz.br\/index.php?rest_route=\/wp\/v2\/media\/31413"}],"wp:attachment":[{"href":"https:\/\/amazonia.fiocruz.br\/index.php?rest_route=%2Fwp%2Fv2%2Fmedia&parent=31410"}],"wp:term":[{"taxonomy":"category","embeddable":true,"href":"https:\/\/amazonia.fiocruz.br\/index.php?rest_route=%2Fwp%2Fv2%2Fcategories&post=31410"},{"taxonomy":"post_tag","embeddable":true,"href":"https:\/\/amazonia.fiocruz.br\/index.php?rest_route=%2Fwp%2Fv2%2Ftags&post=31410"}],"curies":[{"name":"wp","href":"https:\/\/api.w.org\/{rel}","templated":true}]}}