{"id":31157,"date":"2020-03-25T11:23:33","date_gmt":"2020-03-25T15:23:33","guid":{"rendered":"https:\/\/amazonia.fiocruz.br\/?p=31157"},"modified":"2020-03-25T11:29:16","modified_gmt":"2020-03-25T15:29:16","slug":"a-fiocruz-amazonia-concluiu-o-primeiro-sequenciamento-do-sars-cov-2-da-regiao-norte","status":"publish","type":"post","link":"https:\/\/amazonia.fiocruz.br\/?p=31157","title":{"rendered":"Fiocruz Amaz\u00f4nia conclui o primeiro sequenciamento do SARS-CoV-2 \u00a0da regi\u00e3o Norte"},"content":{"rendered":"<p style=\"text-align: justify;\">O primeiro \u00a0sequenciamento do genoma completo do SARS-CoV-2 \u00a0na regi\u00e3o Norte foi \u00a0conclu\u00eddo por pesquisadores do Instituto Le\u00f4nidas &amp; Maria Deane (ILMD\/Fiocruz Amaz\u00f4nia). \u00a0O resultado contribui\u00a0 para a amplia\u00e7\u00e3o do \u00a0conhecimento \u00a0sobre o comportamento do v\u00edrus e a pandemia da Covid-19.<\/p>\n<p style=\"text-align: justify;\">O sequenciamento que foi feito pelo pesquisador Felipe Naveca e sua equipe, a partir de amostra de paciente do Amazonas, soma-se a outras iniciativas de gen\u00f4mica no pa\u00eds e no mundo.<\/p>\n<div id=\"attachment_31159\" style=\"width: 310px\" class=\"wp-caption alignright\"><img decoding=\"async\" aria-describedby=\"caption-attachment-31159\" class=\"wp-image-31159 size-medium\" src=\"https:\/\/amazonia.fiocruz.br\/wp-content\/uploads\/2020\/03\/Naveca-300x200.jpg\" alt=\"\" width=\"300\" height=\"200\" srcset=\"https:\/\/amazonia.fiocruz.br\/wp-content\/uploads\/2020\/03\/Naveca-300x200.jpg 300w, https:\/\/amazonia.fiocruz.br\/wp-content\/uploads\/2020\/03\/Naveca-450x300.jpg 450w, https:\/\/amazonia.fiocruz.br\/wp-content\/uploads\/2020\/03\/Naveca.jpg 640w\" sizes=\"(max-width: 300px) 100vw, 300px\" \/><p id=\"caption-attachment-31159\" class=\"wp-caption-text\">Pesquisador Felipe Naveca. Foto: Eduardo Gomes<\/p><\/div>\n<p style=\"text-align: justify;\">\u00a0\u201cAs an\u00e1lises iniciais mostraram nove muta\u00e7\u00f5es em rela\u00e7\u00e3o \u00e0 amostra original de Wuhan na China. Queremos entender se existe rela\u00e7\u00e3o dessas varia\u00e7\u00f5es no genoma viral no desfecho da infec\u00e7\u00e3o\u201d, explica o pesquisador, ao acrescentar que os estudos continuam para sequenciar outras amostras.<\/p>\n<p style=\"text-align: justify;\">Segundo ele, o sequenciamento do genoma da amostra do Amazonas j\u00e1 \u00a0pode ser comparado com outros que circulam no Brasil e no mundo para identificar se existe um marcador de piora ou de melhora do quadro, al\u00e9m de contribuir para o desenvolvimento de uma vacina ou medicamento contra o \u00a0v\u00edrus SARS-CoV-2 .<\/p>\n<p style=\"text-align: justify;\">O pesquisador refor\u00e7a a import\u00e2ncia da ci\u00eancia e do apoio a estudos sobre o coronav\u00edrus e lembra que o sequenciamento de v\u00edrus \u00e9 uma das atribui\u00e7\u00f5es da Rede Gen\u00f4mica em Sa\u00fade do Estado do Amazonas (Regesam), que \u00e9 apoiada pelo Governo do Estado, por meio da Funda\u00e7\u00e3o de Amparo \u00e0 Pesquisa do Estado do Amazonas\u00a0 (Fapeam).<\/p>\n<p style=\"text-align: justify;\">Para mais informa\u00e7\u00f5es sobre coronav\u00edrus\u00a0 acesse <a href=\"https:\/\/portal.fiocruz.br\/coronavirus\" target=\"_blank\" rel=\"noopener\">https:\/\/portal.fiocruz.br\/coronavirus<\/a><\/p>\n<h6><strong><em>ILMD\/Fiocruz Amaz\u00f4nia, por Marl\u00facia Seixas<\/em><\/strong><\/h6>\n","protected":false},"excerpt":{"rendered":"<p>O primeiro \u00a0sequenciamento do genoma completo do SARS-CoV-2 \u00a0na regi\u00e3o Norte foi \u00a0conclu\u00eddo por pesquisadores do Instituto Le\u00f4nidas &amp; Maria Deane (ILMD\/Fiocruz Amaz\u00f4nia). \u00a0O resultado contribui\u00a0 para a amplia\u00e7\u00e3o do \u00a0conhecimento \u00a0sobre o comportamento do v\u00edrus e a pandemia da Covid-19. O sequenciamento que foi feito pelo pesquisador Felipe Naveca e sua equipe, a partir [&hellip;]<\/p>\n","protected":false},"author":26,"featured_media":31158,"comment_status":"closed","ping_status":"closed","sticky":false,"template":"","format":"standard","meta":{"footnotes":""},"categories":[15],"tags":[176,870,875,421,120,800,876,232],"class_list":["post-31157","post","type-post","status-publish","format-standard","has-post-thumbnail","hentry","category-noticias","tag-amazonas","tag-coronavirus","tag-covi","tag-felipe-naveca","tag-fiocruz-amazonia","tag-genomica","tag-sequenciamento","tag-virus"],"_links":{"self":[{"href":"https:\/\/amazonia.fiocruz.br\/index.php?rest_route=\/wp\/v2\/posts\/31157","targetHints":{"allow":["GET"]}}],"collection":[{"href":"https:\/\/amazonia.fiocruz.br\/index.php?rest_route=\/wp\/v2\/posts"}],"about":[{"href":"https:\/\/amazonia.fiocruz.br\/index.php?rest_route=\/wp\/v2\/types\/post"}],"author":[{"embeddable":true,"href":"https:\/\/amazonia.fiocruz.br\/index.php?rest_route=\/wp\/v2\/users\/26"}],"replies":[{"embeddable":true,"href":"https:\/\/amazonia.fiocruz.br\/index.php?rest_route=%2Fwp%2Fv2%2Fcomments&post=31157"}],"version-history":[{"count":7,"href":"https:\/\/amazonia.fiocruz.br\/index.php?rest_route=\/wp\/v2\/posts\/31157\/revisions"}],"predecessor-version":[{"id":35208,"href":"https:\/\/amazonia.fiocruz.br\/index.php?rest_route=\/wp\/v2\/posts\/31157\/revisions\/35208"}],"wp:featuredmedia":[{"embeddable":true,"href":"https:\/\/amazonia.fiocruz.br\/index.php?rest_route=\/wp\/v2\/media\/31158"}],"wp:attachment":[{"href":"https:\/\/amazonia.fiocruz.br\/index.php?rest_route=%2Fwp%2Fv2%2Fmedia&parent=31157"}],"wp:term":[{"taxonomy":"category","embeddable":true,"href":"https:\/\/amazonia.fiocruz.br\/index.php?rest_route=%2Fwp%2Fv2%2Fcategories&post=31157"},{"taxonomy":"post_tag","embeddable":true,"href":"https:\/\/amazonia.fiocruz.br\/index.php?rest_route=%2Fwp%2Fv2%2Ftags&post=31157"}],"curies":[{"name":"wp","href":"https:\/\/api.w.org\/{rel}","templated":true}]}}