{"id":31125,"date":"2020-03-17T16:56:58","date_gmt":"2020-03-17T20:56:58","guid":{"rendered":"https:\/\/amazonia.fiocruz.br\/?p=31125"},"modified":"2020-03-18T08:49:08","modified_gmt":"2020-03-18T12:49:08","slug":"nota-oficial","status":"publish","type":"post","link":"https:\/\/amazonia.fiocruz.br\/?p=31125","title":{"rendered":"NOTA OFICIAL"},"content":{"rendered":"<p style=\"text-align: justify;\">A dire\u00e7\u00e3o do Instituto Le\u00f4nidas &amp; Maria Deane (ILMD\/Fiocruz Amaz\u00f4nia) esclarece que a Fiocruz atua em conson\u00e2ncia com o \u00a0Minist\u00e9rio da Sa\u00fade (MS), com a Secretaria de Estado da Sa\u00fade do Amazonas (Susam), com a Funda\u00e7\u00e3o de Vigil\u00e2ncia em Sa\u00fade do Amazonas (FVS\/AM) e com o Laborat\u00f3rio Central de Sa\u00fade P\u00fablica do Amazonas (Lacen-AM) nos assuntos que dizem respeito ao novo coronav\u00edrus (Covid-19). Neste sentido, informa que o an\u00fancio de casos da doen\u00e7a no Amazonas \u00e9 feito \u00fanica e exclusivamente pelos \u00f3rg\u00e3os competentes: FVS-AM e Susam.<\/p>\n<p style=\"text-align: justify;\">Desde janeiro de 2020, a Fiocruz participa do Centro de Opera\u00e7\u00f5es de Emerg\u00eancia em Sau\u0301de Pu\u0301blica (COE-Covid-19), que tem o objetivo de nortear uma atua\u00e7\u00e3o do MS na resposta a\u0300s emerg\u00eancias de sau\u0301de pu\u0301blica, no a\u0302mbito do Sistema \u00danico de Sa\u00fade (SUS). Dados atualizados sobre a situa\u00e7\u00e3o, defini\u00e7\u00e3o e n\u00famero de casos da doen\u00e7a no pa\u00eds podem ser consultados na Plataforma Integrada de Vigil\u00e2ncia em Sa\u00fade do MS, em <a href=\"http:\/\/plataforma.saude.gov.br\" target=\"_blank\" rel=\"noopener\">http:\/\/plataforma.saude.gov.br<\/a><\/p>\n<p>A Dire\u00e7\u00e3o.<\/p>\n","protected":false},"excerpt":{"rendered":"<p>A dire\u00e7\u00e3o do Instituto Le\u00f4nidas &amp; Maria Deane (ILMD\/Fiocruz Amaz\u00f4nia) esclarece que a Fiocruz atua em conson\u00e2ncia com o \u00a0Minist\u00e9rio da Sa\u00fade (MS), com a Secretaria de Estado da Sa\u00fade do Amazonas (Susam), com a Funda\u00e7\u00e3o de Vigil\u00e2ncia em Sa\u00fade do Amazonas (FVS\/AM) e com o Laborat\u00f3rio Central de Sa\u00fade P\u00fablica do Amazonas (Lacen-AM) nos [&hellip;]<\/p>\n","protected":false},"author":26,"featured_media":31127,"comment_status":"closed","ping_status":"closed","sticky":false,"template":"","format":"standard","meta":{"footnotes":""},"categories":[15],"tags":[871,120,119],"class_list":["post-31125","post","type-post","status-publish","format-standard","has-post-thumbnail","hentry","category-noticias","tag-covid-19","tag-fiocruz-amazonia","tag-ilmd"],"_links":{"self":[{"href":"https:\/\/amazonia.fiocruz.br\/index.php?rest_route=\/wp\/v2\/posts\/31125","targetHints":{"allow":["GET"]}}],"collection":[{"href":"https:\/\/amazonia.fiocruz.br\/index.php?rest_route=\/wp\/v2\/posts"}],"about":[{"href":"https:\/\/amazonia.fiocruz.br\/index.php?rest_route=\/wp\/v2\/types\/post"}],"author":[{"embeddable":true,"href":"https:\/\/amazonia.fiocruz.br\/index.php?rest_route=\/wp\/v2\/users\/26"}],"replies":[{"embeddable":true,"href":"https:\/\/amazonia.fiocruz.br\/index.php?rest_route=%2Fwp%2Fv2%2Fcomments&post=31125"}],"version-history":[{"count":3,"href":"https:\/\/amazonia.fiocruz.br\/index.php?rest_route=\/wp\/v2\/posts\/31125\/revisions"}],"predecessor-version":[{"id":31129,"href":"https:\/\/amazonia.fiocruz.br\/index.php?rest_route=\/wp\/v2\/posts\/31125\/revisions\/31129"}],"wp:featuredmedia":[{"embeddable":true,"href":"https:\/\/amazonia.fiocruz.br\/index.php?rest_route=\/wp\/v2\/media\/31127"}],"wp:attachment":[{"href":"https:\/\/amazonia.fiocruz.br\/index.php?rest_route=%2Fwp%2Fv2%2Fmedia&parent=31125"}],"wp:term":[{"taxonomy":"category","embeddable":true,"href":"https:\/\/amazonia.fiocruz.br\/index.php?rest_route=%2Fwp%2Fv2%2Fcategories&post=31125"},{"taxonomy":"post_tag","embeddable":true,"href":"https:\/\/amazonia.fiocruz.br\/index.php?rest_route=%2Fwp%2Fv2%2Ftags&post=31125"}],"curies":[{"name":"wp","href":"https:\/\/api.w.org\/{rel}","templated":true}]}}