{"id":31106,"date":"2020-03-13T18:16:57","date_gmt":"2020-03-13T22:16:57","guid":{"rendered":"https:\/\/amazonia.fiocruz.br\/?p=31106"},"modified":"2020-03-13T18:16:57","modified_gmt":"2020-03-13T22:16:57","slug":"fiocruz-lanca-plano-de-contingencia-para-covid-19","status":"publish","type":"post","link":"https:\/\/amazonia.fiocruz.br\/?p=31106","title":{"rendered":"Fiocruz lan\u00e7a Plano de Conting\u00eancia para Covid-19"},"content":{"rendered":"<p style=\"text-align: justify;\">A Funda\u00e7\u00e3o Oswaldo Cruz (Fiocruz) lan\u00e7ou, nesta sexta-feira (13\/3), o seu Plano de Conting\u00eancia diante da pandemia do novo coronav\u00edus (Covid-19). O documento \u00e9 um conjunto de orienta\u00e7\u00f5es, recomenda\u00e7\u00f5es e medidas para garantir o pleno funcionamento da institui\u00e7\u00e3o e a prote\u00e7\u00e3o dos trabalhadores, estudantes, pacientes e demais frequentadores dos campi da Funda\u00e7\u00e3o em todo o pa\u00eds.<\/p>\n<p style=\"text-align: justify;\">Dispon\u00edvel no Portal Fiocruz, o Plano traz orienta\u00e7\u00f5es de ordem pr\u00e1tica, que v\u00e3o desde medidas de preven\u00e7\u00e3o individual a prote\u00e7\u00e3o nos ambientes de trabalho, at\u00e9 recomenda\u00e7\u00f5es sobre viagens e realiza\u00e7\u00e3o de eventos. Trata tamb\u00e9m de procedimentos nos casos de trabalhadores e estudantes com sintomas de doen\u00e7as respirat\u00f3rias, fluxo e comunica\u00e7\u00e3o entre os setores e manejo de casos suspeitos e confirmados.<\/p>\n<p style=\"text-align: justify;\">O Plano ser\u00e1 permanentemente atualizado, de acordo com o est\u00e1gio da pandemia. Elaborado por um comit\u00ea dedicado de especialistas de v\u00e1rias unidades e \u00e1reas, sob a orienta\u00e7\u00e3o da Coordena\u00e7\u00e3o de Vigil\u00e2ncia e Laborat\u00f3rios de Refer\u00eancia da Funda\u00e7\u00e3o, o documento segue os princ\u00edpios de planos elaborados e colocados em pr\u00e1tica por institui\u00e7\u00f5es internacionais que j\u00e1 passaram primeiro pela experi\u00eancia.<\/p>\n<p style=\"text-align: justify;\"><strong>COMPROMISSO<\/strong><\/p>\n<p style=\"text-align: justify;\">\u201cA minha sa\u00fade \u00e9 a sa\u00fade do outro. O compromisso de todos \u00e9 fundamental\u201d, afirmou a presidente da Fiocruz, N\u00edsia Trindade Lima. \u201cN\u00e3o adianta uma norma se n\u00e3o houver uma cultura na institui\u00e7\u00e3o. A gente n\u00e3o est\u00e1 protegendo s\u00f3 a nossa sa\u00fade, est\u00e1 protegendo a sa\u00fade coletiva\u201d, disse. A presidente destacou a recomenda\u00e7\u00e3o de evitar concentra\u00e7\u00f5es de pessoas e restringir viagens. \u201cIndependentemente de eu ter boa sa\u00fade, tenho que evitar circular para n\u00e3o ser um agente de transmiss\u00e3o\u201d.<\/p>\n<p style=\"text-align: justify;\">A pandemia do novo coronav\u00edrus e o Plano de Conting\u00eancia foram tema de debate na institui\u00e7\u00e3o durante a manh\u00e3, no programa on-line Sexta de Conversa. O programa, voltado para o p\u00fablico interno, foi criado pela Presid\u00eancia para ampliar os canais de di\u00e1logo e participa\u00e7\u00e3o dos trabalhadores na gest\u00e3o da Fiocruz. Mensalmente, a presidente fala sobre v\u00e1rios temas e responde a perguntas via chat.<\/p>\n<p style=\"text-align: justify;\">Como medida coletiva de preven\u00e7\u00e3o e prote\u00e7\u00e3o diante da pandemia, a participa\u00e7\u00e3o presencial foi suspensa nesta edi\u00e7\u00e3o. Para a discuss\u00e3o (13\/3), N\u00edsia Trindade Lima convidou a chefe do laborat\u00f3rio de V\u00edrus respirat\u00f3rio e Sarampo do Instituto Oswaldo Cruz (IOC\/Fiocruz), Marilda Siqueira; a diretora do Instituto Nacional de Infectologia Evandro Chagas (INI\/Fiocruz), Valdil\u00e9a Veloso; e o vice-diretor de Servi\u00e7os Cl\u00ednicos do INI\/Fiocruz, Estev\u00e3o Portela Nunes.<\/p>\n<p style=\"text-align: justify;\"><strong>INFORMA\u00c7\u00c3O CONFI\u00c1VEL<\/strong><\/p>\n<p style=\"text-align: justify;\">Marilda Siqueira ressaltou a import\u00e2ncia da comunica\u00e7\u00e3o no quadro atual. \u201cEstamos em um momento em que a comunica\u00e7\u00e3o \u00e9 essencial &#8211; clara, transparente e respons\u00e1vel\u201d, afirmou. \u201cQuer saber o que est\u00e1 acontecendo? Entre em um site confi\u00e1vel. Ningu\u00e9m vai lucrar com a quantidade de fake news que temos por a\u00ed\u201d, disse. A virologista ressaltou a import\u00e2ncia da previs\u00e3o de outras doen\u00e7as e d os adultos manterem sua carteira de vacina\u00e7\u00e3o atualizada.<\/p>\n<p style=\"text-align: justify;\">\u201cN\u00e3o temos uma vacina para o coronav\u00edrus, provavelmente n\u00e3o vamos ter em menos de um ano pelo menos. A Organiza\u00e7\u00e3o Mundial da Sa\u00fade [OMS] j\u00e1 identificou 20 empresas trabalhando nisso, mas at\u00e9 chegar \u00e0 popula\u00e7\u00e3o, demora\u201d, informou. \u201cA vacina de Influenza n\u00e3o protege contra o coronav\u00edrus, mas \u00e9 importante que os grupos contemplados tomem, porque \u00e9 uma infec\u00e7\u00e3o respirat\u00f3ria a menos. Tem que ser tomada anualmente\u201d, explicou. \u201cEssa gripe \u00e9 uma doen\u00e7a que nos debilita muito. O v\u00edrus j\u00e1 est\u00e1 circulando e os picos da doen\u00e7a s\u00e3o em abril e junho\u201d.<\/p>\n<p style=\"text-align: justify;\"><strong>ASSIST\u00caNCIA<\/strong><\/p>\n<p style=\"text-align: justify;\">Estev\u00e3o Portela Nunes reafirmou a import\u00e2ncia da informa\u00e7\u00e3o confi\u00e1vel para a popula\u00e7\u00e3o e fez um panorama da situa\u00e7\u00e3o. \u201cN\u00e3o \u00e9 a primeira vez que estamos passando por isso e certamente n\u00e3o ser\u00e1 a \u00faltima. Pela forma como o mundo \u00e9 articulado, viroses emergentes e reemergentes surgem periodicamente. Cabe sempre reflex\u00e3o para que a gente saia disso com algum legado\u00b4\u201d, disse.<\/p>\n<p style=\"text-align: justify;\">\u201cA Fiocruz tem um hist\u00f3rico de enfrentamento. Dentro do INI, temos um trabalho nas linhas de pesquisa, mas tamb\u00e9m um trabalho de fortalecimento do SUS\u201d, destacou. \u201cQuando chegam amea\u00e7as assim, a nossa preocupa\u00e7\u00e3o \u00e9 com as pessoas mais vulner\u00e1veis, seja pela quest\u00e3o social, seja pela da idade. \u00c9 nosso trabalho ajudar e fortalecer a atua\u00e7\u00e3o nesse segmento\u201d, afirmou Estev\u00e3o.<\/p>\n<p style=\"text-align: justify;\">A diretora do INI alertou para que se evite o p\u00e2nico. \u201cN\u00f3s temos trabalhado reunindo informa\u00e7\u00f5es e conhecimento, a partir dos casos ocorridos na China, para montar protocolos e planejar como vamos atender nossos pacientes e como trabalhar com a rede para gerar conhecimento\u201d, contou Valdilea Veloso.<\/p>\n<p style=\"text-align: justify;\">O INI \u00e9 hospital referenciado para interna\u00e7\u00f5es no caso de coronav\u00edrus, onde s\u00e3o atendidos pacientes encaminhados pela rede de postos de sa\u00fade. \u201cTemos uma intera\u00e7\u00e3o com os hospitais que trabalharam com a gente no surto da febre amarela. Com eles n\u00f3s estamos estruturando uma colabora\u00e7\u00e3o para que n\u00f3s possamos gerar rapidamente informa\u00e7\u00f5es sobre manejo e tratamento de pacientes do coronav\u00edrus\u201d, afirmou Valdilea.<\/p>\n<p style=\"text-align: justify;\"><strong>RECOMENDA\u00c7\u00d5ES<\/strong><\/p>\n<p style=\"text-align: justify;\">De acordo com o m\u00e9dico infectologista Estev\u00e3o Portela Nunes, as pessoas com sintomas de gripe que estejam bem &#8211; n\u00e3o tenham outras patologias que tragam risco para uma evolu\u00e7\u00e3o grave da doen\u00e7a \u2013 devem ficar em casa. \u201cN\u00e3o h\u00e1 tratamento espec\u00edfico, ele \u00e9 apenas sintom\u00e1tico. O melhor tratamento, como a presidente N\u00edsia falou, \u00e9 n\u00e3o se locomover\u201d, disse.<\/p>\n<p style=\"text-align: justify;\">M\u00e1scaras devem ser usadas apenas por pacientes que est\u00e3o com sintomas respirat\u00f3rios e precisam sair de casa. \u201cSe n\u00e3o tiverem m\u00e1scara, assim que chegarem ao servi\u00e7o de sa\u00fade, devem se identificar como sintom\u00e1ticos de doen\u00e7as respirat\u00f3rias para ent\u00e3o receberem uma m\u00e1scara\u201d, explicou Estev\u00e3o. Ele alertou para que as pessoas sem sintomas n\u00e3o usarem m\u00e1scaras. \u201cOs assintom\u00e1ticos v\u00e3o utilizar a m\u00e1scara de forma inadequada e v\u00e3o acabar desabastecendo os estoques para quem de fato precisa. Isso precisa ser falado. N\u00e3o temos estoques infinitos de todos esses insumos\u201d, destacou.<\/p>\n<p style=\"text-align: justify;\">O m\u00e9dico reiterou o papel da Fiocruz na assist\u00eancia. \u201cO INI \u00e9 refer\u00eancia para interna\u00e7\u00e3o. O acesso inicial, a porta de entrada, \u00e9 a rede b\u00e1sica. \u00c9 assim que foi estruturado o atendimento e \u00e9 importante para que possa funcionar adequadamente. Atendemos pacientes imunodeprimidos, pacientes graves\u201d, afirmou. \u201cA gente est\u00e1 fortalecendo a nossa articula\u00e7\u00e3o com a rede. Assim \u00e9 a filosofia do SUS, trabalhamos de forma articulada\u201d.<\/p>\n<p style=\"text-align: justify;\"><strong>VALOR DO SERVI\u00c7O P\u00daBLICO<\/strong><\/p>\n<p style=\"text-align: justify;\">A presidente fechou sua participa\u00e7\u00e3o no programa destacando o papel das institui\u00e7\u00f5es p\u00fablicas. \u201c\u00c9 um momento muito importante para que os servidores p\u00fablicos mostrem o seu valor para a sociedade\u201d, afirmou a N\u00edsia Trindade Lima. \u201cTemos que mostrar \u00e0 sociedade como somos imprescind\u00edveis. Sem a Fiocruz, n\u00e3o haveria diagn\u00f3stico. Sem a Fiocruz e a rede que trabalha pesquisa cl\u00ednica no Brasil, n\u00e3o haveria uma resposta adequada a esse momento que vivemos\u201d, disse.<\/p>\n<p style=\"text-align: justify;\">O trabalho das duas cientistas brasileiras que lideraram o sequenciamento do novo coronav\u00edrus, divulgando sequ\u00eancia completa do genoma viral apenas 48 horas ap\u00f3s a confirma\u00e7\u00e3o do primeiro caso da doen\u00e7a no Brasil, foi destacado pela presidente. O estudo foi conduzido por Ester Sabino, diretora do Instituto de Medicina Tropical da Universidade de S\u00e3o Paulo (USP), e Jaqueline Goes de Jesus, p\u00f3s-doutoranda na USP, ao lado de outros pesquisadores do Instituto Adolfo Lutz (IAL), da Universidade de Oxford e do Instituto de Medicina Tropical da Universidade de S\u00e3o Paulo (IMT\/USP).<\/p>\n<p style=\"text-align: justify;\">\u201cA epidemia nos traz ensinamentos. \u00c9 o momento de refor\u00e7ar o papel das institui\u00e7\u00f5es p\u00fablicas\u201d, concluiu N\u00edsia Trindade Lima.<\/p>\n<h6 style=\"text-align: justify;\"><strong><em>\u00a0Ag\u00eancia Fiocruz de Not\u00edcias, por\u00a0Claudia Lima<\/em><\/strong><\/h6>\n<h6 style=\"text-align: justify;\"><strong><em>*Colaboraram Erika Farias e Leonardo Azevedo<\/em><\/strong><\/h6>\n","protected":false},"excerpt":{"rendered":"<p>A Funda\u00e7\u00e3o Oswaldo Cruz (Fiocruz) lan\u00e7ou, nesta sexta-feira (13\/3), o seu Plano de Conting\u00eancia diante da pandemia do novo coronav\u00edus (Covid-19). O documento \u00e9 um conjunto de orienta\u00e7\u00f5es, recomenda\u00e7\u00f5es e medidas para garantir o pleno funcionamento da institui\u00e7\u00e3o e a prote\u00e7\u00e3o dos trabalhadores, estudantes, pacientes e demais frequentadores dos campi da Funda\u00e7\u00e3o em todo o [&hellip;]<\/p>\n","protected":false},"author":20,"featured_media":31107,"comment_status":"closed","ping_status":"closed","sticky":false,"template":"","format":"standard","meta":{"footnotes":""},"categories":[15],"tags":[870,136,120,119,131],"class_list":["post-31106","post","type-post","status-publish","format-standard","has-post-thumbnail","hentry","category-noticias","tag-coronavirus","tag-fiocruz","tag-fiocruz-amazonia","tag-ilmd","tag-ilmdfiocruz-amazonia"],"_links":{"self":[{"href":"https:\/\/amazonia.fiocruz.br\/index.php?rest_route=\/wp\/v2\/posts\/31106","targetHints":{"allow":["GET"]}}],"collection":[{"href":"https:\/\/amazonia.fiocruz.br\/index.php?rest_route=\/wp\/v2\/posts"}],"about":[{"href":"https:\/\/amazonia.fiocruz.br\/index.php?rest_route=\/wp\/v2\/types\/post"}],"author":[{"embeddable":true,"href":"https:\/\/amazonia.fiocruz.br\/index.php?rest_route=\/wp\/v2\/users\/20"}],"replies":[{"embeddable":true,"href":"https:\/\/amazonia.fiocruz.br\/index.php?rest_route=%2Fwp%2Fv2%2Fcomments&post=31106"}],"version-history":[{"count":1,"href":"https:\/\/amazonia.fiocruz.br\/index.php?rest_route=\/wp\/v2\/posts\/31106\/revisions"}],"predecessor-version":[{"id":31108,"href":"https:\/\/amazonia.fiocruz.br\/index.php?rest_route=\/wp\/v2\/posts\/31106\/revisions\/31108"}],"wp:featuredmedia":[{"embeddable":true,"href":"https:\/\/amazonia.fiocruz.br\/index.php?rest_route=\/wp\/v2\/media\/31107"}],"wp:attachment":[{"href":"https:\/\/amazonia.fiocruz.br\/index.php?rest_route=%2Fwp%2Fv2%2Fmedia&parent=31106"}],"wp:term":[{"taxonomy":"category","embeddable":true,"href":"https:\/\/amazonia.fiocruz.br\/index.php?rest_route=%2Fwp%2Fv2%2Fcategories&post=31106"},{"taxonomy":"post_tag","embeddable":true,"href":"https:\/\/amazonia.fiocruz.br\/index.php?rest_route=%2Fwp%2Fv2%2Ftags&post=31106"}],"curies":[{"name":"wp","href":"https:\/\/api.w.org\/{rel}","templated":true}]}}