{"id":31099,"date":"2020-03-12T17:54:08","date_gmt":"2020-03-12T21:54:08","guid":{"rendered":"https:\/\/amazonia.fiocruz.br\/?p=31099"},"modified":"2020-03-12T17:54:53","modified_gmt":"2020-03-12T21:54:53","slug":"feira-de-produtos-organicos-estimula-alimentacao-livre-de-agrotoxicos","status":"publish","type":"post","link":"https:\/\/amazonia.fiocruz.br\/?p=31099","title":{"rendered":"Feira de Produtos Org\u00e2nicos estimula alimenta\u00e7\u00e3o livre de agrot\u00f3xicos"},"content":{"rendered":"<p style=\"text-align: justify;\">Manter uma alimenta\u00e7\u00e3o saud\u00e1vel \u00e9 importante para a correta funcionalidade do corpo humano. A escolha de alimentos saud\u00e1veis \u00e9 um importante gancho para uma popula\u00e7\u00e3o mais ativa, com mais nutrientes no organismo e com menos riscos de ter doen\u00e7as, como diabetes e hipertens\u00e3o. Mam\u00e3o, couve, beterraba, frutas e alguns legumes org\u00e2nicos s\u00e3o substitu\u00eddos por alimentos industrializados.<\/p>\n<p style=\"text-align: justify;\">Como uma alternativa para estimular o consumo de plantas aliment\u00edcias n\u00e3o-convencionais (Pancs), o Laborat\u00f3rio Territ\u00f3rio, Ambiente, Sa\u00fade e Sustentabilidade (LTASS) do\u00a0Instituto Le\u00f4nidas &amp; Maria Deane (ILMD\/Fiocruz Amaz\u00f4nia) realizou hoje, 12\/3, mais uma edi\u00e7\u00e3o da Feira de Produtos Org\u00e2nicos.<\/p>\n<p style=\"text-align: justify;\">A Feira \u00e9 coordenada pelo LTASS, em parceria com a\u00a0Rede Maniva de Agroecologia do Amazonas (REMA), a Coordena\u00e7\u00e3o Regional Norte da Olimp\u00edada Brasileira de Sa\u00fade e Meio Ambiente da Fiocruz (Obsma),\u00a0com apoio da coordena\u00e7\u00e3o regional do Sindicato dos Servidores de Ci\u00eancia, Tecnologia, Produ\u00e7\u00e3o e Inova\u00e7\u00e3o em Sa\u00fade P\u00fablica\u00a0(Asfoc-AM).<\/p>\n<p style=\"text-align: justify;\">A atividade visa sensibilizar trabalhadores da Fiocruz Amaz\u00f4nia e comunidade do entorno, para a import\u00e2ncia da ado\u00e7\u00e3o de uma dieta livre de agrot\u00f3xicos. \u201c\u00c9 uma feirinha agroecol\u00f3gica, porque ela tem adubos org\u00e2nicos, \u00e9 composta de agricultores, que realmente plantam, trazem os alimentos e colhem horas antes, para traz\u00ea-los ainda frescos. A diferen\u00e7a desses alimentos para qualquer um outro, al\u00e9m de saud\u00e1veis, \u00e9 que ele tem muito mais durabilidade\u201d, comentou Rejane Marques, Assistente de Gest\u00e3o da Obsma.<\/p>\n<p style=\"text-align: justify;\">O pesquisador e um dos coordenadores do atividade, Marc\u00edlio Medeiros, refor\u00e7a a mudan\u00e7a do comportamento das pessoas com a propaga\u00e7\u00e3o de mais feiras de produtos org\u00e2nicos na cidade, estimulando o consumo respons\u00e1vel dos manauaras.\u00a0 \u201cA produ\u00e7\u00e3o org\u00e2nica, por meio da agroecologia, que se preocupa tamb\u00e9m com a qualidade de vida e a sa\u00fade dos trabalhadores. Uma forma de apresentar \u00e0 sociedade uma outra maneira de consumir, mas tamb\u00e9m saberem que essa produ\u00e7\u00e3o vem de um local, onde moram pessoas trabalhadoras, que tem um conv\u00edvio com o ambiente rural, de forma saud\u00e1vel, e que produzem para atender as necessidades das popula\u00e7\u00f5es urbanas.\u201d<\/p>\n<p style=\"text-align: justify;\"><strong>SOBRE ORG\u00c2NICOS<\/strong><\/p>\n<p style=\"text-align: justify;\">Os produtos org\u00e2nicos s\u00e3o cultivados sem o uso de adubos qu\u00edmicos ou agrot\u00f3xicos. S\u00e3o considerados produtos limpos e saud\u00e1veis e que respeitam o meio ambiente e contribuem para a preserva\u00e7\u00e3o dos recursos naturais.<\/p>\n<p style=\"text-align: justify;\"><strong>A FEIRA<\/strong><\/p>\n<p style=\"text-align: justify;\">Participam da Feira de Produtos Org\u00e2nicos, agricultores da Associa\u00e7\u00e3o dos Agricultores S\u00e3o Francisco de Assis \u2013 Ramal da Cachoeira, entidade ligada \u00e0 Rede Maniva de Agroecologia do Amazonas (Rema).<\/p>\n<p style=\"text-align: justify;\">Dentre os produtos agr\u00edcolas org\u00e2nicos comercializados est\u00e3o hortali\u00e7as, frutos regionais de \u00e9poca, plantas medicinais e plantas comest\u00edveis n\u00e3o convencionais, entre outros. Artesanato, alimentos feitos a partir de produtos org\u00e2nicos e mudas de plantas tamb\u00e9m est\u00e3o na feira.<\/p>\n<p style=\"text-align: justify;\">A pr\u00f3xima edi\u00e7\u00e3o da Feira acontecer\u00e1 no dia 16\/4, na Rua Teresina, 476, Adrian\u00f3polis. Venha conferir!<\/p>\n<h6 style=\"text-align: justify;\"><strong><em>ILMD\/Fiocruz Amaz\u00f4nia, por Diovana Rodrigues<\/em><\/strong><\/h6>\n<h6><em>Foto: Eduardo Gomes<\/em><\/h6>\n","protected":false},"excerpt":{"rendered":"<p>Manter uma alimenta\u00e7\u00e3o saud\u00e1vel \u00e9 importante para a correta funcionalidade do corpo humano. A escolha de alimentos saud\u00e1veis \u00e9 um importante gancho para uma popula\u00e7\u00e3o mais ativa, com mais nutrientes no organismo e com menos riscos de ter doen\u00e7as, como diabetes e hipertens\u00e3o. Mam\u00e3o, couve, beterraba, frutas e alguns legumes org\u00e2nicos s\u00e3o substitu\u00eddos por alimentos [&hellip;]<\/p>\n","protected":false},"author":20,"featured_media":31100,"comment_status":"closed","ping_status":"closed","sticky":false,"template":"","format":"standard","meta":{"footnotes":""},"categories":[15,1],"tags":[623,136,120,119,131,468],"class_list":["post-31099","post","type-post","status-publish","format-standard","has-post-thumbnail","hentry","category-noticias","category-outras","tag-feira-de-produtos-organicos","tag-fiocruz","tag-fiocruz-amazonia","tag-ilmd","tag-ilmdfiocruz-amazonia","tag-ltass"],"_links":{"self":[{"href":"https:\/\/amazonia.fiocruz.br\/index.php?rest_route=\/wp\/v2\/posts\/31099","targetHints":{"allow":["GET"]}}],"collection":[{"href":"https:\/\/amazonia.fiocruz.br\/index.php?rest_route=\/wp\/v2\/posts"}],"about":[{"href":"https:\/\/amazonia.fiocruz.br\/index.php?rest_route=\/wp\/v2\/types\/post"}],"author":[{"embeddable":true,"href":"https:\/\/amazonia.fiocruz.br\/index.php?rest_route=\/wp\/v2\/users\/20"}],"replies":[{"embeddable":true,"href":"https:\/\/amazonia.fiocruz.br\/index.php?rest_route=%2Fwp%2Fv2%2Fcomments&post=31099"}],"version-history":[{"count":1,"href":"https:\/\/amazonia.fiocruz.br\/index.php?rest_route=\/wp\/v2\/posts\/31099\/revisions"}],"predecessor-version":[{"id":31101,"href":"https:\/\/amazonia.fiocruz.br\/index.php?rest_route=\/wp\/v2\/posts\/31099\/revisions\/31101"}],"wp:featuredmedia":[{"embeddable":true,"href":"https:\/\/amazonia.fiocruz.br\/index.php?rest_route=\/wp\/v2\/media\/31100"}],"wp:attachment":[{"href":"https:\/\/amazonia.fiocruz.br\/index.php?rest_route=%2Fwp%2Fv2%2Fmedia&parent=31099"}],"wp:term":[{"taxonomy":"category","embeddable":true,"href":"https:\/\/amazonia.fiocruz.br\/index.php?rest_route=%2Fwp%2Fv2%2Fcategories&post=31099"},{"taxonomy":"post_tag","embeddable":true,"href":"https:\/\/amazonia.fiocruz.br\/index.php?rest_route=%2Fwp%2Fv2%2Ftags&post=31099"}],"curies":[{"name":"wp","href":"https:\/\/api.w.org\/{rel}","templated":true}]}}