{"id":31090,"date":"2020-03-11T14:21:41","date_gmt":"2020-03-11T18:21:41","guid":{"rendered":"https:\/\/amazonia.fiocruz.br\/?p=31090"},"modified":"2020-03-11T14:21:41","modified_gmt":"2020-03-11T18:21:41","slug":"ciencia-aberta-e-comunicacao-cientifica-serao-pautas-do-centro-de-estudos-da-fiocruz-amazonia","status":"publish","type":"post","link":"https:\/\/amazonia.fiocruz.br\/?p=31090","title":{"rendered":"Ci\u00eancia aberta e comunica\u00e7\u00e3o cient\u00edfica ser\u00e3o pautas do Centro de Estudos da Fiocruz Amaz\u00f4nia"},"content":{"rendered":"<p style=\"text-align: justify;\">Na pr\u00f3xima sexta-feira, 13\/3, \u00e0s 10h, o Centro de Estudos do Instituto Le\u00f4nidas &amp; Maria Deane (ILMD\/Fiocruz Amaz\u00f4nia) promove a palestra \u201cCi\u00eancia aberta e a comunica\u00e7\u00e3o cient\u00edfica\u201d, a ser ministrada por C\u00e9lia Regina Simonetti Barbalho, professora da Universidade Federal do Amazonas (Ufam).<\/p>\n<p style=\"text-align: justify;\">Segunda a pesquisadora, a palestra objetiva caracterizar os aspectos que envolvem a ci\u00eancia aberta, destacando suas motiva\u00e7\u00f5es e trajet\u00f3ria, as quais est\u00e3o configurando um novo modelo de divulga\u00e7\u00e3o da comunica\u00e7\u00e3o cient\u00edfica. Al\u00e9m disso, ir\u00e1 destacar o papel protagonista do pesquisador neste contexto, e as implica\u00e7\u00f5es e impactos deste processo no fazer cient\u00edfico.<\/p>\n<p style=\"text-align: justify;\"><a href=\"https:\/\/campusvirtual.fiocruz.br\/gestordecursos\/hotsite\/cvf-node-30225-submission-3493\/formulario\" target=\"_blank\" rel=\"noopener\">Clique Aqui para se inscrever<\/a><\/p>\n<p style=\"text-align: justify;\">Interessados em participar devem preencher o <a href=\"https:\/\/campusvirtual.fiocruz.br\/gestordecursos\/hotsite\/cvf-node-30225-submission-3493\/formulario\" target=\"_blank\" rel=\"noopener\">formul\u00e1rio de inscri\u00e7\u00e3o<\/a>, no Campus Virtual da Funda\u00e7\u00e3o Oswaldo Cruz (Fiocruz). A apresenta\u00e7\u00e3o ocorrer\u00e1 na sala de aula 02, pr\u00e9dio anexo, na sede da Fiocruz Amaz\u00f4nia, situada \u00e0 rua Teresina, 476, Adrian\u00f3polis, em Manaus.<\/p>\n<p style=\"text-align: justify;\"><strong>SOBRE A PALESTRANTE<\/strong><\/p>\n<p style=\"text-align: justify;\">Professora titular da Ufam, C\u00e9lia \u00e9 graduada em Biblioteconomia pela Ufam, mestre em Ci\u00eancia da Informa\u00e7\u00e3o pela Pontif\u00edcia Universidade Cat\u00f3lica de Campinas, e doutora em Comunica\u00e7\u00e3o e Semi\u00f3tica pela Pontif\u00edcia Universidade Cat\u00f3lica de S\u00e3o Paulo.<\/p>\n<p style=\"text-align: justify;\">\u00a0Atualmente realiza Est\u00e1gio P\u00f3s-Doutoral no Programa em Propriedade Intelectual e Transfer\u00eancia de Tecnologia para a Inova\u00e7\u00e3o, ponto focal da Universidade de Federal do Rio de Janeiro.<\/p>\n<p style=\"text-align: justify;\">Possui experi\u00eancia na \u00e1rea de Ci\u00eancia da Informa\u00e7\u00e3o, com \u00eanfase em gest\u00e3o de unidades de informa\u00e7\u00e3o, gest\u00e3o da informa\u00e7\u00e3o e do conhecimento, atuando principalmente nos seguintes temas: ensino superior, qualidade, biblioteconomia, compet\u00eancias profissionais, propriedade intelectual e planejamento estrat\u00e9gico.<\/p>\n<p style=\"text-align: justify;\"><strong>CENTRO DE ESTUDOS<\/strong><\/p>\n<p style=\"text-align: justify;\">O Centro de Estudos do ILMD\/Fiocruz Amaz\u00f4nia \u00e9 um n\u00facleo que oportuniza encontros, palestras, semin\u00e1rios e debates sobre diversos temas ligados \u00e0 pesquisa e ao ensino para a promo\u00e7\u00e3o da sa\u00fade.<\/p>\n<p style=\"text-align: justify;\">Os eventos s\u00e3o gratuitos e ocorrem \u00e0s sextas-feiras. As atividades s\u00e3o destinadas a estudantes de gradua\u00e7\u00e3o e p\u00f3s-gradua\u00e7\u00e3o, pesquisadores, professores e trabalhadores da \u00e1rea da Sa\u00fade.<\/p>\n<h6 style=\"text-align: justify;\"><strong><em>ILMD\/ Fiocruz Amaz\u00f4nia, por Eduardo Gomes<\/em><\/strong><\/h6>\n<p style=\"text-align: justify;\">\n","protected":false},"excerpt":{"rendered":"<p>Na pr\u00f3xima sexta-feira, 13\/3, \u00e0s 10h, o Centro de Estudos do Instituto Le\u00f4nidas &amp; Maria Deane (ILMD\/Fiocruz Amaz\u00f4nia) promove a palestra \u201cCi\u00eancia aberta e a comunica\u00e7\u00e3o cient\u00edfica\u201d, a ser ministrada por C\u00e9lia Regina Simonetti Barbalho, professora da Universidade Federal do Amazonas (Ufam). Segunda a pesquisadora, a palestra objetiva caracterizar os aspectos que envolvem a ci\u00eancia [&hellip;]<\/p>\n","protected":false},"author":20,"featured_media":31091,"comment_status":"closed","ping_status":"closed","sticky":false,"template":"","format":"standard","meta":{"footnotes":""},"categories":[15],"tags":[118,317,872,793,136,120,119,131,121],"class_list":["post-31090","post","type-post","status-publish","format-standard","has-post-thumbnail","hentry","category-noticias","tag-centro-de-estudos","tag-ciencia","tag-ciencia-aberta","tag-comunicacao","tag-fiocruz","tag-fiocruz-amazonia","tag-ilmd","tag-ilmdfiocruz-amazonia","tag-palestra"],"_links":{"self":[{"href":"https:\/\/amazonia.fiocruz.br\/index.php?rest_route=\/wp\/v2\/posts\/31090","targetHints":{"allow":["GET"]}}],"collection":[{"href":"https:\/\/amazonia.fiocruz.br\/index.php?rest_route=\/wp\/v2\/posts"}],"about":[{"href":"https:\/\/amazonia.fiocruz.br\/index.php?rest_route=\/wp\/v2\/types\/post"}],"author":[{"embeddable":true,"href":"https:\/\/amazonia.fiocruz.br\/index.php?rest_route=\/wp\/v2\/users\/20"}],"replies":[{"embeddable":true,"href":"https:\/\/amazonia.fiocruz.br\/index.php?rest_route=%2Fwp%2Fv2%2Fcomments&post=31090"}],"version-history":[{"count":2,"href":"https:\/\/amazonia.fiocruz.br\/index.php?rest_route=\/wp\/v2\/posts\/31090\/revisions"}],"predecessor-version":[{"id":31093,"href":"https:\/\/amazonia.fiocruz.br\/index.php?rest_route=\/wp\/v2\/posts\/31090\/revisions\/31093"}],"wp:featuredmedia":[{"embeddable":true,"href":"https:\/\/amazonia.fiocruz.br\/index.php?rest_route=\/wp\/v2\/media\/31091"}],"wp:attachment":[{"href":"https:\/\/amazonia.fiocruz.br\/index.php?rest_route=%2Fwp%2Fv2%2Fmedia&parent=31090"}],"wp:term":[{"taxonomy":"category","embeddable":true,"href":"https:\/\/amazonia.fiocruz.br\/index.php?rest_route=%2Fwp%2Fv2%2Fcategories&post=31090"},{"taxonomy":"post_tag","embeddable":true,"href":"https:\/\/amazonia.fiocruz.br\/index.php?rest_route=%2Fwp%2Fv2%2Ftags&post=31090"}],"curies":[{"name":"wp","href":"https:\/\/api.w.org\/{rel}","templated":true}]}}