{"id":30820,"date":"2020-01-28T16:04:28","date_gmt":"2020-01-28T20:04:28","guid":{"rendered":"https:\/\/amazonia.fiocruz.br\/?p=30820"},"modified":"2020-01-28T16:04:28","modified_gmt":"2020-01-28T20:04:28","slug":"ppgvida-e-ppgbio-interacao-abrem-inscricoes-para-vagas-de-aluno-especial","status":"publish","type":"post","link":"https:\/\/amazonia.fiocruz.br\/?p=30820","title":{"rendered":"PPGVIDA e PPGBIO-Intera\u00e7\u00e3o abrem inscri\u00e7\u00f5es para vagas de aluno especial"},"content":{"rendered":"<p style=\"text-align: justify;\">O Instituto Le\u00f4nidas &amp; Maria Deane (ILMD\/Fiocruz Amaz\u00f4nia) informa a abertura de vagas para inscri\u00e7\u00e3o de aluno especial em disciplinas dos Programas de P\u00f3s-Gradua\u00e7\u00e3o Stricto Sensu em Condi\u00e7\u00f5es de Vida e Situa\u00e7\u00f5es de Sa\u00fade na Amaz\u00f4nia (PPGVIDA) e em Biologia da Intera\u00e7\u00e3o Pat\u00f3geno-Hospedeiro (PPGBIO-Intera\u00e7\u00e3o), para o 1\u00b0 semestre de 2020.<\/p>\n<p style=\"text-align: justify;\">Para se inscrever, os candidatos devem preencher formul\u00e1rio de inscri\u00e7\u00e3o, dispon\u00edvel no site institucional, tanto para o <a href=\"https:\/\/amazonia.fiocruz.br\/?page_id=30769\" target=\"_blank\" rel=\"noopener\">PPGVIDA<\/a>, como para o <a href=\"https:\/\/amazonia.fiocruz.br\/?page_id=30762\" target=\"_blank\" rel=\"noopener\">PPGBIO-Intera\u00e7\u00e3o<\/a>. Ap\u00f3s preenchimento, o formul\u00e1rio dever\u00e1 ser impresso, assinado pelo candidato e anexado juntamente com outros documentos estabelecidos no edital.<\/p>\n<p style=\"text-align: justify;\">Os candidatos devem enviar os documentos solicitados em chamada p\u00fablica, para o e-mail <a href=\"mailto:alunoespecial.ilmd@fiocruz.br\">alunoespecial.ilmd@fiocruz.br<\/a> nos dias 10 e 11 de fevereiro de 2020. O envio da inscri\u00e7\u00e3o ser\u00e1 considerado at\u00e9 as 21h59 (hor\u00e1rio de Manaus) do \u00faltimo dia.<\/p>\n<p style=\"text-align: justify;\">A sele\u00e7\u00e3o dos candidatos ocorrer\u00e1 no per\u00edodo de 14 a 19 de fevereiro de 2020.<\/p>\n<p style=\"text-align: justify;\">Para saber mais, confira na Plataforma SIGA, as disciplinas ofertadas, o formul\u00e1rio de inscri\u00e7\u00e3o, o edital e demais informa\u00e7\u00f5es, para <a href=\"http:\/\/www.sigass.fiocruz.br\/pub\/inscricao.do?codP=120\" target=\"_blank\" rel=\"noopener\">aluno especial do PPGVIDA<\/a> e para <a href=\"http:\/\/www.sigass.fiocruz.br\/pub\/inscricao.do?codP=127\" target=\"_blank\" rel=\"noopener\">aluno especial do PPGBIO \u2013 Intera\u00e7\u00e3o<\/a>.<\/p>\n<p style=\"text-align: justify;\"><strong>QUEM PODE SE INSCREVER:<\/strong><\/p>\n<ul style=\"text-align: justify;\">\n<li>Alunos de outros cursos de p\u00f3s-gradua\u00e7\u00e3o <em>stricto sensu<\/em> da Fiocruz;<\/li>\n<li>Alunos de outros cursos de p\u00f3s-gradua\u00e7\u00e3o <em>stricto sensu<\/em> de outras institui\u00e7\u00f5es p\u00fablicas e\/ou privadas;<\/li>\n<li>Alunos de curso de p\u00f3s-gradua\u00e7\u00e3o <em>lato sensu<\/em> da Fiocruz;<\/li>\n<li>Alunos de outros cursos de p\u00f3s-gradua\u00e7\u00e3o <em>lato sensu<\/em> de outras institui\u00e7\u00f5es p\u00fablicas e\/ou privadas;<\/li>\n<li>Candidatos com curso de p\u00f3s-gradua\u00e7\u00e3o <em>lato sensu<\/em> conclu\u00eddo, que n\u00e3o estejam no momento da inscri\u00e7\u00e3o fazendo outro curso de <em>lato sensu<\/em> ou cursando <em>stricto sensu.<\/em><\/li>\n<\/ul>\n<p style=\"text-align: justify;\"><strong>DISCIPLINAS OFERTADAS:<\/strong><\/p>\n<p style=\"text-align: justify;\">As disciplinas ofertadas no PPGVIDA e a quantidade de vagas, respectivamente, s\u00e3o: T\u00f3picos especiais em sa\u00fade coletiva: Geografia da Sa\u00fade (6); Microbiologia em Sa\u00fade P\u00fablica (10); T\u00f3picos especiais em sa\u00fade coletiva: Alimenta\u00e7\u00e3o e nutri\u00e7\u00e3o das popula\u00e7\u00f5es amaz\u00f4nicas (6); APS e Redes de Sa\u00fade em Cen\u00e1rios Amaz\u00f4nicos (15); Epidemiologia II (6).<\/p>\n<p style=\"text-align: justify;\">Para o PPGBIO \u2013 Intera\u00e7\u00e3o, as disciplinas ofertadas para aluno especial, s\u00e3o: Intera\u00e7\u00e3o da Rela\u00e7\u00e3o Pat\u00f3geno Hospedeiro I (3); The art of reading a paper (4); Metodologia da Pesquisa (3); Intera\u00e7\u00e3o da Rela\u00e7\u00e3o Pat\u00f3geno Hospedeiro II (5).<\/p>\n<p style=\"text-align: justify;\"><strong>SOBRE O PPGVIDA<\/strong><\/p>\n<p style=\"text-align: justify;\">O curso de mestrado em Condi\u00e7\u00f5es de Vida e Situa\u00e7\u00f5es de Sa\u00fade na Amaz\u00f4nia tem como objetivo capacitar profissionais para desenvolver modelos anal\u00edticos, capazes de subsidiar pesquisas em sa\u00fade, apoiar o planejamento, execu\u00e7\u00e3o e gerenciamento de servi\u00e7os e a\u00e7\u00f5es de controle e o monitoramento de doen\u00e7as e agravos de interesse coletivo e do Sistema \u00danico de Sa\u00fade na Amaz\u00f4nia.<\/p>\n<p style=\"text-align: justify;\">O PPGVIDA tamb\u00e9m visa planejar, propor e utilizar m\u00e9todos e t\u00e9cnicas para executar investiga\u00e7\u00f5es na \u00e1rea de sa\u00fade, mediante o uso integrado de conceitos e recursos te\u00f3rico-metodol\u00f3gicos advindos da sa\u00fade coletiva, biologia parasit\u00e1ria, epidemiologia, ci\u00eancias sociais e humanas aplicadas \u00e0 sa\u00fade, comunica\u00e7\u00e3o e informa\u00e7\u00e3o em sa\u00fade e de outras \u00e1reas de interesse acad\u00eamico, na constru\u00e7\u00e3o de desenhos complexos de pesquisa sobre a realidade amaz\u00f4nica.<\/p>\n<p style=\"text-align: justify;\"><strong>SOBRE O PPGBIO-INTERA\u00c7\u00c3O<\/strong><\/p>\n<p style=\"text-align: justify;\">O Programa de P\u00f3s-Gradua\u00e7\u00e3o em Biologia da Intera\u00e7\u00e3o Pat\u00f3geno-Hospedeiro \u00e9 curso <em>strictu sensu<\/em> que tem como ess\u00eancia a din\u00e2mica de transmiss\u00e3o das doen\u00e7as e as intera\u00e7\u00f5es moleculares e celulares da rela\u00e7\u00e3o pat\u00f3geno-hospedeiro no \u00e2mbito da maior biodiversidade mundial.<\/p>\n<p style=\"text-align: justify;\">O curso se enquadra na grande \u00e1rea em Parasitologia devido a pesquisa e ensino terem \u00eanfase na eco-epidemiologia e biodiversidade de micro-organismos e vetores; fatores de virul\u00eancia, mecanismos fisiopatol\u00f3gicos e imunol\u00f3gicos associados na intera\u00e7\u00e3o parasito-hospedeiro.<\/p>\n<p style=\"text-align: justify;\">Estes diversos aspectos s\u00e3o os principais delineadores para escolha da \u00e1rea de concentra\u00e7\u00e3o da Ci\u00eancias Biol\u00f3gicas III, por esta ser uma \u00e1rea multidisciplinar e baseada no eixo bioqu\u00edmica, gen\u00e9tica, biol\u00f3gico, celular e molecular. Os alunos recebem uma forma\u00e7\u00e3o em \u00e1reas estrat\u00e9gicas por sua import\u00e2ncia e que precisam ser desenvolvidas no Estado.<\/p>\n<h6 style=\"text-align: justify;\"><strong><em>ILMD\/Fiocruz Amaz\u00f4nia, por Diovana Rodrigues<\/em><\/strong><\/h6>\n<h6 style=\"text-align: justify;\"><strong><em>Imagem: Mackesy Nascimento<\/em><\/strong><\/h6>\n<p style=\"text-align: justify;\">\n","protected":false},"excerpt":{"rendered":"<p>O Instituto Le\u00f4nidas &amp; Maria Deane (ILMD\/Fiocruz Amaz\u00f4nia) informa a abertura de vagas para inscri\u00e7\u00e3o de aluno especial em disciplinas dos Programas de P\u00f3s-Gradua\u00e7\u00e3o Stricto Sensu em Condi\u00e7\u00f5es de Vida e Situa\u00e7\u00f5es de Sa\u00fade na Amaz\u00f4nia (PPGVIDA) e em Biologia da Intera\u00e7\u00e3o Pat\u00f3geno-Hospedeiro (PPGBIO-Intera\u00e7\u00e3o), para o 1\u00b0 semestre de 2020. Para se inscrever, os candidatos [&hellip;]<\/p>\n","protected":false},"author":20,"featured_media":30821,"comment_status":"closed","ping_status":"closed","sticky":false,"template":"","format":"standard","meta":{"footnotes":""},"categories":[15],"tags":[475,136,119,131,602,205,287,143],"class_list":["post-30820","post","type-post","status-publish","format-standard","has-post-thumbnail","hentry","category-noticias","tag-aluno-especial","tag-fiocruz","tag-ilmd","tag-ilmdfiocruz-amazonia","tag-inscricao","tag-mestrado","tag-ppgbio-interacao","tag-ppgvida"],"_links":{"self":[{"href":"https:\/\/amazonia.fiocruz.br\/index.php?rest_route=\/wp\/v2\/posts\/30820","targetHints":{"allow":["GET"]}}],"collection":[{"href":"https:\/\/amazonia.fiocruz.br\/index.php?rest_route=\/wp\/v2\/posts"}],"about":[{"href":"https:\/\/amazonia.fiocruz.br\/index.php?rest_route=\/wp\/v2\/types\/post"}],"author":[{"embeddable":true,"href":"https:\/\/amazonia.fiocruz.br\/index.php?rest_route=\/wp\/v2\/users\/20"}],"replies":[{"embeddable":true,"href":"https:\/\/amazonia.fiocruz.br\/index.php?rest_route=%2Fwp%2Fv2%2Fcomments&post=30820"}],"version-history":[{"count":1,"href":"https:\/\/amazonia.fiocruz.br\/index.php?rest_route=\/wp\/v2\/posts\/30820\/revisions"}],"predecessor-version":[{"id":30822,"href":"https:\/\/amazonia.fiocruz.br\/index.php?rest_route=\/wp\/v2\/posts\/30820\/revisions\/30822"}],"wp:featuredmedia":[{"embeddable":true,"href":"https:\/\/amazonia.fiocruz.br\/index.php?rest_route=\/wp\/v2\/media\/30821"}],"wp:attachment":[{"href":"https:\/\/amazonia.fiocruz.br\/index.php?rest_route=%2Fwp%2Fv2%2Fmedia&parent=30820"}],"wp:term":[{"taxonomy":"category","embeddable":true,"href":"https:\/\/amazonia.fiocruz.br\/index.php?rest_route=%2Fwp%2Fv2%2Fcategories&post=30820"},{"taxonomy":"post_tag","embeddable":true,"href":"https:\/\/amazonia.fiocruz.br\/index.php?rest_route=%2Fwp%2Fv2%2Ftags&post=30820"}],"curies":[{"name":"wp","href":"https:\/\/api.w.org\/{rel}","templated":true}]}}