{"id":30636,"date":"2019-12-12T14:26:49","date_gmt":"2019-12-12T18:26:49","guid":{"rendered":"https:\/\/amazonia.fiocruz.br\/?p=30636"},"modified":"2020-01-09T11:40:51","modified_gmt":"2020-01-09T15:40:51","slug":"fiocruz-amazonia-abre-inscricoes-para-especializacao-em-gestao-das-organizacoes-publicas-de-saude-em-maues","status":"publish","type":"post","link":"https:\/\/amazonia.fiocruz.br\/?p=30636","title":{"rendered":"Fiocruz Amaz\u00f4nia abre inscri\u00e7\u00f5es para especializa\u00e7\u00e3o em Gest\u00e3o das Organiza\u00e7\u00f5es P\u00fablicas de Sa\u00fade em Mau\u00e9s"},"content":{"rendered":"<p style=\"text-align: justify;\">O Instituto Le\u00f4nidas &amp; Maria Deane (ILMD\/Fiocruz Amaz\u00f4nia) lan\u00e7ou processo seletivo para o curso de especializa\u00e7\u00e3o em <strong>Gest\u00e3o das Organiza\u00e7\u00f5es P\u00fablicas de Sa\u00fade<\/strong>, que ser\u00e1 realizado no munic\u00edpio de Mau\u00e9s (AM). As inscri\u00e7\u00f5es podem ser feitas no per\u00edodo de <strong>12\/12\/2019 a 8 de janeiro de 2020.<\/strong><\/p>\n<p style=\"text-align: justify;\">O curso visa o aperfei\u00e7oamento do processo de gest\u00e3o, planejamento e or\u00e7amento p\u00fablico dos sistemas e servi\u00e7os de sa\u00fade em qualquer n\u00edvel de organiza\u00e7\u00e3o, para a melhoria do desempenho institucional.\u00a0 \u00c9 destinado a profissionais com n\u00edvel superior, que atuam no munic\u00edpio de Mau\u00e9s e arredores, desempenhando atividades na \u00e1rea de gest\u00e3o da Aten\u00e7\u00e3o B\u00e1sica.<\/p>\n<p style=\"text-align: justify;\">A especializa\u00e7\u00e3o em Mau\u00e9s \u00e9 realizada pelo ILMD\/Fiocruz Amaz\u00f4nia e acontece no \u00e2mbito do Projeto QualificaSUS, que \u00e9 apoiado por emenda parlamentar da bancada do Amazonas. Para esta atividade, a Fiocruz Amaz\u00f4nia conta com parceria do Conselho dos Secret\u00e1rios Municipais de Sa\u00fade (Cosems-AM).<\/p>\n<p style=\"text-align: justify;\"><a href=\"https:\/\/amazonia.fiocruz.br\/doc\/chamada12_maues.pdf\" target=\"_blank\" rel=\"noopener\">Confira o edital AQUI<\/a><\/p>\n<p style=\"text-align: justify;\">O curso \u00e9 gratuito e, para esta chamada, est\u00e3o sendo ofertadas 50 vagas. A especializa\u00e7\u00e3o tem dura\u00e7\u00e3o de 12 meses, tempo em que o aluno dever\u00e1 cursar 400 horas em disciplinas e realizar o Trabalho de Conclus\u00e3o de Curso (TCC).<\/p>\n<p style=\"text-align: justify;\">Esclarecimentos sobre os documentos e envio da inscri\u00e7\u00e3o podem ser solicitados somente atrav\u00e9s do endere\u00e7o eletr\u00f4nico <a href=\"mailto:duvidaslato.ilmd@fiocruz.br\" target=\"_blank\" rel=\"noopener\">duvidaslato.ilmd@fiocruz.br<\/a><\/p>\n<p style=\"text-align: justify;\">O processo seletivo simplificado para o curso \u00e9 composto por duas etapas: \u00a0homologa\u00e7\u00e3o das inscri\u00e7\u00f5es e an\u00e1lise documental para efeito de pontua\u00e7\u00e3o.<\/p>\n<p style=\"text-align: justify;\">Para se inscrever, o candidato deve apresentar a documenta\u00e7\u00e3o solicitada no edital. A inscri\u00e7\u00e3o \u00e9 feita apenas por e-mail. Para efetivar sua inscri\u00e7\u00e3o, o candidato deve enviar toda documenta\u00e7\u00e3o exigida, digitalizada em um \u00fanico arquivo, no formato \u201cpdf\u201d de at\u00e9 10MB, para o endere\u00e7o eletr\u00f4nico\u00a0<a href=\"mailto:inscricaolato.ilmd@fiocruz.br\" target=\"_blank\" rel=\"noopener\">inscricaolato.ilmd@fiocruz.br<\/a><\/p>\n<p style=\"text-align: justify;\">As inscri\u00e7\u00f5es encerram \u00e0s 15h (hor\u00e1rio de Manaus\/AM) do dia 8 de janeiro de 2020,\u00a0 conforme o edital. Documentos enviados ap\u00f3s o per\u00edodo da inscri\u00e7\u00e3o n\u00e3o ser\u00e3o aceitos pela Comiss\u00e3o de Sele\u00e7\u00e3o.<\/p>\n<p style=\"text-align: justify;\"><strong>SOBRE O QUALIFICASUS<\/strong><\/p>\n<p style=\"text-align: justify;\">O Projeto QualificaSUS\u00a0 \u00e9 uma iniciativa do ILMD\/Fiocruz Amaz\u00f4nia\u00a0 que tem como objetivo qualificar o corpo de trabalhadores que atuam gest\u00e3o e no atendimento das Secretarias Municipais de Sa\u00fade do Estado do Amazonas e \u00f3rg\u00e3os parceiros, a fim de proporcionar um servi\u00e7o de melhor qualidade e efetividade aos usu\u00e1rios do SUS.<\/p>\n<p style=\"text-align: justify;\">S\u00e3o cursos de atualiza\u00e7\u00e3o, especializa\u00e7\u00e3o e mestrado que adotam modelo pedag\u00f3gico pautado na integra\u00e7\u00e3o ensino-servi\u00e7o, na problematiza\u00e7\u00e3o da realidade local, na valoriza\u00e7\u00e3o do conhecimento e experi\u00eancia do trabalhador, entendido como sujeito das pr\u00e1ticas desenvolvidas nas unidades de sa\u00fade.<\/p>\n<p style=\"text-align: justify;\">Os cursos est\u00e3o sendo ofertados em todos os 61 munic\u00edpios, al\u00e9m da capital Manaus. A iniciativa conta com recursos oriundos de emenda parlamentar da bancada do Amazonas e com parceria do Conselho de Secret\u00e1rios Municipais de Sa\u00fade do Amazonas (Cosems-AM).<\/p>\n<p style=\"text-align: justify;\">Atualmente, a Fiocruz Amaz\u00f4nia, por meio do Projeto QualificaSUS, realiza um curso de mestrado profissional, em Manaus;\u00a0 mais 3 cursos \u00a0de p\u00f3s-gradua\u00e7\u00e3o lato sensu, que acontecem nos munic\u00edpios de Tabatinga, Itacoatiara e Tef\u00e9; e 33 cursos de atualiza\u00e7\u00e3o para profissionais que atuam no Sistema \u00danico de Sa\u00fade (SUS) nos munic\u00edpios do Amazonas.<\/p>\n<p style=\"text-align: justify;\">O edital e demais chamadas p\u00fablicas da Fiocruz Amaz\u00f4nia est\u00e3o dispon\u00edveis em <a href=\"https:\/\/amazonia.fiocruz.br\/?page_id=28031\" target=\"_blank\" rel=\"noopener\">https:\/\/amazonia.fiocruz.br\/?page_id=28031<\/a><\/p>\n<h6><strong><em>ILMD\/Fiocruz Amaz\u00f4nia, por Marl\u00facia Seixas<\/em><\/strong><\/h6>\n<h6><strong><em>Imagem: Mackesy Nascimento<\/em><\/strong><\/h6>\n","protected":false},"excerpt":{"rendered":"<p>O Instituto Le\u00f4nidas &amp; Maria Deane (ILMD\/Fiocruz Amaz\u00f4nia) lan\u00e7ou processo seletivo para o curso de especializa\u00e7\u00e3o em Gest\u00e3o das Organiza\u00e7\u00f5es P\u00fablicas de Sa\u00fade, que ser\u00e1 realizado no munic\u00edpio de Mau\u00e9s (AM). As inscri\u00e7\u00f5es podem ser feitas no per\u00edodo de 12\/12\/2019 a 8 de janeiro de 2020. O curso visa o aperfei\u00e7oamento do processo de gest\u00e3o, [&hellip;]<\/p>\n","protected":false},"author":26,"featured_media":30645,"comment_status":"closed","ping_status":"closed","sticky":false,"template":"","format":"standard","meta":{"footnotes":""},"categories":[15],"tags":[724,855,119,446,737],"class_list":["post-30636","post","type-post","status-publish","format-standard","has-post-thumbnail","hentry","category-noticias","tag-curso-de-especializacao","tag-curso-de-especializacao-em-gestao-das-organizacoes-publicas-de-saude","tag-ilmd","tag-maues","tag-projeto-qualificasus"],"_links":{"self":[{"href":"https:\/\/amazonia.fiocruz.br\/index.php?rest_route=\/wp\/v2\/posts\/30636","targetHints":{"allow":["GET"]}}],"collection":[{"href":"https:\/\/amazonia.fiocruz.br\/index.php?rest_route=\/wp\/v2\/posts"}],"about":[{"href":"https:\/\/amazonia.fiocruz.br\/index.php?rest_route=\/wp\/v2\/types\/post"}],"author":[{"embeddable":true,"href":"https:\/\/amazonia.fiocruz.br\/index.php?rest_route=\/wp\/v2\/users\/26"}],"replies":[{"embeddable":true,"href":"https:\/\/amazonia.fiocruz.br\/index.php?rest_route=%2Fwp%2Fv2%2Fcomments&post=30636"}],"version-history":[{"count":7,"href":"https:\/\/amazonia.fiocruz.br\/index.php?rest_route=\/wp\/v2\/posts\/30636\/revisions"}],"predecessor-version":[{"id":30709,"href":"https:\/\/amazonia.fiocruz.br\/index.php?rest_route=\/wp\/v2\/posts\/30636\/revisions\/30709"}],"wp:featuredmedia":[{"embeddable":true,"href":"https:\/\/amazonia.fiocruz.br\/index.php?rest_route=\/wp\/v2\/media\/30645"}],"wp:attachment":[{"href":"https:\/\/amazonia.fiocruz.br\/index.php?rest_route=%2Fwp%2Fv2%2Fmedia&parent=30636"}],"wp:term":[{"taxonomy":"category","embeddable":true,"href":"https:\/\/amazonia.fiocruz.br\/index.php?rest_route=%2Fwp%2Fv2%2Fcategories&post=30636"},{"taxonomy":"post_tag","embeddable":true,"href":"https:\/\/amazonia.fiocruz.br\/index.php?rest_route=%2Fwp%2Fv2%2Ftags&post=30636"}],"curies":[{"name":"wp","href":"https:\/\/api.w.org\/{rel}","templated":true}]}}