{"id":30483,"date":"2019-11-30T12:17:32","date_gmt":"2019-11-30T16:17:32","guid":{"rendered":"https:\/\/amazonia.fiocruz.br\/?p=30483"},"modified":"2019-11-30T12:18:09","modified_gmt":"2019-11-30T16:18:09","slug":"aula-inaugural-do-mestrado-profissional-em-saude-publica-sera-na-segunda-feira-2-12","status":"publish","type":"post","link":"https:\/\/amazonia.fiocruz.br\/?p=30483","title":{"rendered":"Aula inaugural do Mestrado Profissional em Sa\u00fade P\u00fablica ser\u00e1 na segunda-feira, 2\/12"},"content":{"rendered":"<p style=\"text-align: justify;\">Na segunda-feira, 2\/12, o Instituto Le\u00f4nidas &amp; Maria Deane (ILMD\/Fiocruz Amaz\u00f4nia) recebe autoridades e alunos para a aula inaugural do curso de Mestrado Profissional em Sa\u00fade P\u00fablica.<\/p>\n<p style=\"text-align: justify;\">O curso \u00e9 oferecido no \u00e2mbito do Projeto QualificaSUS, da Fiocruz Amaz\u00f4nia, e ser\u00e1 realizado por meio de\u00a0 parceria com o Instituto Aggeu Magalh\u00e3es\u00a0 (IAM\/Fiocruz Pernambuco) e Conselho de Secret\u00e1rios Municipais de Sa\u00fade do Amazonas\u00a0 (Cosems\/AM).<\/p>\n<p style=\"text-align: justify;\">A dura\u00e7\u00e3o do mestrado \u00e9 de 24 meses. O curso \u00e9 presencial, sendo ofertadas 11 disciplinas, que acontecer\u00e3o durante uma semana a cada m\u00eas. As aulas da primeira disciplina ser\u00e3o realizadas de 2 a 6\/12\/2019, nas depend\u00eancias do ILMD\/Fiocruz Amaz\u00f4nia, \u00e0 rua Teresina, 476, Adrian\u00f3polis, Manaus.<\/p>\n<p style=\"text-align: justify;\">O qu\u00ea? <strong>Aula inaugural do curso de Mestrado Profissional em Sa\u00fade P\u00fablica<\/strong><\/p>\n<p style=\"text-align: justify;\">Quando? <strong>2\/12\/2019<\/strong><\/p>\n<p style=\"text-align: justify;\">Hora? <strong>9h30min<\/strong><\/p>\n<p style=\"text-align: justify;\">Onde? <strong>Sal\u00e3o Canoas, sede da Fiocruz Amaz\u00f4nia, \u00e0 rua Teresina, 476, Adrian\u00f3polis, Manaus.<\/strong><\/p>\n<p style=\"text-align: justify;\"><strong>SOBRE O QUALIFICASUS<\/strong><\/p>\n<p style=\"text-align: justify;\">O Projeto QualificaSUS \u00e9 uma iniciativa do ILMD\/Fiocruz Amaz\u00f4nia e tem como objetivo qualificar o corpo de trabalhadores no n\u00edvel da gest\u00e3o e do atendimento das secretarias municipais de sa\u00fade do Amazonas e \u00f3rg\u00e3os parceiros, a fim de proporcionar um servi\u00e7o de melhor qualidade e efetividade aos usu\u00e1rios do SUS.<\/p>\n<p style=\"text-align: justify;\">S\u00e3o cursos de atualiza\u00e7\u00e3o, especializa\u00e7\u00e3o e mestrado que adotam modelo pedag\u00f3gico pautado na integra\u00e7\u00e3o ensino-servi\u00e7o, na problematiza\u00e7\u00e3o da realidade local, na valoriza\u00e7\u00e3o do conhecimento e experi\u00eancia do aluno trabalhador, entendido como sujeito das pr\u00e1ticas de gest\u00e3o e sanit\u00e1rias desenvolvidas nas unidades de sa\u00fade.<\/p>\n<p style=\"text-align: justify;\">Os cursos s\u00e3o ofertados nos 61 munic\u00edpios, al\u00e9m da capital Manaus. A iniciativa conta com recursos oriundos de emenda da bancada parlamentar do Amazonas e com parceria do Cosems-AM.<\/p>\n<h6><strong><em>Ascom ILMD\/Fiocruz Amaz\u00f4nia, por Marl\u00facia Seixas<\/em><\/strong><\/h6>\n<h6><strong><em>Imagem: Mackesy Nascimento<\/em><\/strong><\/h6>\n","protected":false},"excerpt":{"rendered":"<p>Na segunda-feira, 2\/12, o Instituto Le\u00f4nidas &amp; Maria Deane (ILMD\/Fiocruz Amaz\u00f4nia) recebe autoridades e alunos para a aula inaugural do curso de Mestrado Profissional em Sa\u00fade P\u00fablica. O curso \u00e9 oferecido no \u00e2mbito do Projeto QualificaSUS, da Fiocruz Amaz\u00f4nia, e ser\u00e1 realizado por meio de\u00a0 parceria com o Instituto Aggeu Magalh\u00e3es\u00a0 (IAM\/Fiocruz Pernambuco) e Conselho [&hellip;]<\/p>\n","protected":false},"author":26,"featured_media":30484,"comment_status":"closed","ping_status":"closed","sticky":false,"template":"","format":"standard","meta":{"footnotes":""},"categories":[15],"tags":[120,119,851,737],"class_list":["post-30483","post","type-post","status-publish","format-standard","has-post-thumbnail","hentry","category-noticias","tag-fiocruz-amazonia","tag-ilmd","tag-mestrado-profissional-em-saude-publica","tag-projeto-qualificasus"],"_links":{"self":[{"href":"https:\/\/amazonia.fiocruz.br\/index.php?rest_route=\/wp\/v2\/posts\/30483","targetHints":{"allow":["GET"]}}],"collection":[{"href":"https:\/\/amazonia.fiocruz.br\/index.php?rest_route=\/wp\/v2\/posts"}],"about":[{"href":"https:\/\/amazonia.fiocruz.br\/index.php?rest_route=\/wp\/v2\/types\/post"}],"author":[{"embeddable":true,"href":"https:\/\/amazonia.fiocruz.br\/index.php?rest_route=\/wp\/v2\/users\/26"}],"replies":[{"embeddable":true,"href":"https:\/\/amazonia.fiocruz.br\/index.php?rest_route=%2Fwp%2Fv2%2Fcomments&post=30483"}],"version-history":[{"count":1,"href":"https:\/\/amazonia.fiocruz.br\/index.php?rest_route=\/wp\/v2\/posts\/30483\/revisions"}],"predecessor-version":[{"id":30485,"href":"https:\/\/amazonia.fiocruz.br\/index.php?rest_route=\/wp\/v2\/posts\/30483\/revisions\/30485"}],"wp:featuredmedia":[{"embeddable":true,"href":"https:\/\/amazonia.fiocruz.br\/index.php?rest_route=\/wp\/v2\/media\/30484"}],"wp:attachment":[{"href":"https:\/\/amazonia.fiocruz.br\/index.php?rest_route=%2Fwp%2Fv2%2Fmedia&parent=30483"}],"wp:term":[{"taxonomy":"category","embeddable":true,"href":"https:\/\/amazonia.fiocruz.br\/index.php?rest_route=%2Fwp%2Fv2%2Fcategories&post=30483"},{"taxonomy":"post_tag","embeddable":true,"href":"https:\/\/amazonia.fiocruz.br\/index.php?rest_route=%2Fwp%2Fv2%2Ftags&post=30483"}],"curies":[{"name":"wp","href":"https:\/\/api.w.org\/{rel}","templated":true}]}}