{"id":29889,"date":"2019-10-02T18:00:04","date_gmt":"2019-10-02T22:00:04","guid":{"rendered":"https:\/\/amazonia.fiocruz.br\/?p=29889"},"modified":"2019-10-02T18:00:04","modified_gmt":"2019-10-02T22:00:04","slug":"centro-de-estudos-da-fiocruz-amazonia-ira-promover-palestra-sobre-etica-justica-e-equidade-no-acesso-aos-cuidados-de-saude","status":"publish","type":"post","link":"https:\/\/amazonia.fiocruz.br\/?p=29889","title":{"rendered":"Centro de Estudos da Fiocruz Amaz\u00f4nia ir\u00e1 promover palestra sobre \u00e9tica, justi\u00e7a e equidade no acesso aos cuidados de sa\u00fade"},"content":{"rendered":"<p style=\"text-align: justify;\">Na pr\u00f3xima sexta-feira, 4\/10, \u00e0s 10h, o Centro de Estudos do Instituto Le\u00f4nidas &amp; Maria Deane (ILMD\/Fiocruz Amaz\u00f4nia) promove a palestra \u201c\u00c9tica, justi\u00e7a e equidade no acesso aos cuidados de sa\u00fade\u201d, a ser ministrada ministrada por Pl\u00ednio Jos\u00e9 Cavalcante Monteiro, professor da Universidade Federal do Amazonas (Ufam).<\/p>\n<p style=\"text-align: justify;\">Sobre a abordagem da palestra, o pesquisador explicou que, \u201cgarantir adequado acesso aos cuidados de sa\u00fade \u00e9 miss\u00e3o nuclear no funcionamento dos sistemas de sa\u00fade. Pol\u00edticas p\u00fablicas podem promover ou violar direitos humanos, dependendo da forma como s\u00e3o concebidas e\/ou executadas. Discrimina\u00e7\u00f5es e iniquidades no acesso aos cuidados de sa\u00fade s\u00e3o eticamente inaceit\u00e1veis, haja vista que violam o direito \u00e0 sa\u00fade.&#8221;<\/p>\n<p style=\"text-align: justify;\">A apresenta\u00e7\u00e3o ocorrer\u00e1 na Sala de aula 2, no pr\u00e9dio anexo, na sede da Fiocruz Amaz\u00f4nia, situada \u00e0 rua Teresina, 476, Adrian\u00f3polis, em Manaus.<\/p>\n<p style=\"text-align: justify;\"><strong>SOBRE A PALESTRANTE<\/strong><\/p>\n<p style=\"text-align: justify;\">Pl\u00ednio \u00e9 graduado em Medicina pela Universidade Federal do Amazonas, e em Direito pelo Centro Universit\u00e1rio Nilton Lins, especialista em Homeopatia pela Universidade Federal de Uberl\u00e2ndia, especialista em Pediatria pela Sociedade Brasileira de Pediatria, em Administra\u00e7\u00e3o Hospitalar e Gest\u00e3o de Sistemas de Sa\u00fade pela Funda\u00e7\u00e3o Get\u00falio Vargas. \u00c9 Mestre em Ensino em Ci\u00eancias da Sa\u00fade (Bio\u00e9tica) pela Universidade Federal de S\u00e3o Paulo, e doutorado em Bio\u00e9tica pela Universidade de Bras\u00edlia.<\/p>\n<p style=\"text-align: justify;\">Atualmente \u00e9 Professor Assistente do Departamento de Patologia e Medicina Legal (DPML) da Faculdade de Medicina (FM) e Vice-coordenador do Comit\u00ea de \u00c9tica em Pesquisa do Hospital Universit\u00e1rio Get\u00falio Vargas (CEP\/HUGV) da Universidade Federal do Amazonas (UFAM). Atua principalmente nas seguintes \u00e1reas: Pediatria, \u00c9tica M\u00e9dica, Bio\u00e9tica e Direito M\u00e9dico e da Sa\u00fade.<\/p>\n<p style=\"text-align: justify;\"><strong>CENTRO DE ESTUDOS<\/strong><\/p>\n<p style=\"text-align: justify;\">O Centro de Estudos do ILMD\/Fiocruz Amaz\u00f4nia \u00e9 um n\u00facleo que oportuniza encontros, palestras, semin\u00e1rios e debates sobre diversos temas ligados \u00e0 pesquisa e ao ensino para a promo\u00e7\u00e3o da sa\u00fade.<\/p>\n<p style=\"text-align: justify;\">Os eventos s\u00e3o gratuitos e ocorrem \u00e0s sextas-feiras. As atividades s\u00e3o destinadas a estudantes de gradua\u00e7\u00e3o e p\u00f3s-gradua\u00e7\u00e3o, pesquisadores, professores e trabalhadores da \u00e1rea da Sa\u00fade.<\/p>\n<h6 style=\"text-align: justify;\"><em><strong>ILMD\/ Fiocruz Amaz\u00f4nia, por Eduardo Gomes<\/strong><\/em><\/h6>\n<h6 style=\"text-align: justify;\"><em><strong>Imagem: Mackesy Nascimento<\/strong><\/em><\/h6>\n<p>&nbsp;<\/p>\n<p>&nbsp;<\/p>\n","protected":false},"excerpt":{"rendered":"<p>Na pr\u00f3xima sexta-feira, 4\/10, \u00e0s 10h, o Centro de Estudos do Instituto Le\u00f4nidas &amp; Maria Deane (ILMD\/Fiocruz Amaz\u00f4nia) promove a palestra \u201c\u00c9tica, justi\u00e7a e equidade no acesso aos cuidados de sa\u00fade\u201d, a ser ministrada ministrada por Pl\u00ednio Jos\u00e9 Cavalcante Monteiro, professor da Universidade Federal do Amazonas (Ufam). Sobre a abordagem da palestra, o pesquisador explicou [&hellip;]<\/p>\n","protected":false},"author":20,"featured_media":29890,"comment_status":"closed","ping_status":"closed","sticky":false,"template":"","format":"standard","meta":{"footnotes":""},"categories":[15],"tags":[118,799,136,120,119,131,121,125,153],"class_list":["post-29889","post","type-post","status-publish","format-standard","has-post-thumbnail","hentry","category-noticias","tag-centro-de-estudos","tag-etica","tag-fiocruz","tag-fiocruz-amazonia","tag-ilmd","tag-ilmdfiocruz-amazonia","tag-palestra","tag-pesquisa","tag-pesquisador"],"_links":{"self":[{"href":"https:\/\/amazonia.fiocruz.br\/index.php?rest_route=\/wp\/v2\/posts\/29889","targetHints":{"allow":["GET"]}}],"collection":[{"href":"https:\/\/amazonia.fiocruz.br\/index.php?rest_route=\/wp\/v2\/posts"}],"about":[{"href":"https:\/\/amazonia.fiocruz.br\/index.php?rest_route=\/wp\/v2\/types\/post"}],"author":[{"embeddable":true,"href":"https:\/\/amazonia.fiocruz.br\/index.php?rest_route=\/wp\/v2\/users\/20"}],"replies":[{"embeddable":true,"href":"https:\/\/amazonia.fiocruz.br\/index.php?rest_route=%2Fwp%2Fv2%2Fcomments&post=29889"}],"version-history":[{"count":1,"href":"https:\/\/amazonia.fiocruz.br\/index.php?rest_route=\/wp\/v2\/posts\/29889\/revisions"}],"predecessor-version":[{"id":29891,"href":"https:\/\/amazonia.fiocruz.br\/index.php?rest_route=\/wp\/v2\/posts\/29889\/revisions\/29891"}],"wp:featuredmedia":[{"embeddable":true,"href":"https:\/\/amazonia.fiocruz.br\/index.php?rest_route=\/wp\/v2\/media\/29890"}],"wp:attachment":[{"href":"https:\/\/amazonia.fiocruz.br\/index.php?rest_route=%2Fwp%2Fv2%2Fmedia&parent=29889"}],"wp:term":[{"taxonomy":"category","embeddable":true,"href":"https:\/\/amazonia.fiocruz.br\/index.php?rest_route=%2Fwp%2Fv2%2Fcategories&post=29889"},{"taxonomy":"post_tag","embeddable":true,"href":"https:\/\/amazonia.fiocruz.br\/index.php?rest_route=%2Fwp%2Fv2%2Ftags&post=29889"}],"curies":[{"name":"wp","href":"https:\/\/api.w.org\/{rel}","templated":true}]}}