{"id":29766,"date":"2019-10-01T15:17:53","date_gmt":"2019-10-01T19:17:53","guid":{"rendered":"https:\/\/amazonia.fiocruz.br\/?p=29766"},"modified":"2019-10-01T15:35:08","modified_gmt":"2019-10-01T19:35:08","slug":"fiocruz-amazonia-e-funasa-assinam-acordos-de-cooperacao","status":"publish","type":"post","link":"https:\/\/amazonia.fiocruz.br\/?p=29766","title":{"rendered":"Fiocruz Amaz\u00f4nia e Funasa assinam acordos de coopera\u00e7\u00e3o"},"content":{"rendered":"<p style=\"text-align: justify;\">Dois importantes acordos foram assinados ontem, 30\/9, entre a Superintend\u00eancia Estadual da Funda\u00e7\u00e3o Nacional de Sa\u00fade (Suest\/Funasa-AM) e o Instituto Le\u00f4nidas &amp; Maria Deane (ILMD\/Fiocruz Amaz\u00f4nia). Um dos termos diz respeito \u00e0 cess\u00e3o de uso de espa\u00e7o f\u00edsico, o outro para Apoio ao Controle e Vigil\u00e2ncia em Sa\u00fade Ambiental.<\/p>\n<p style=\"text-align: justify;\">Os acordos foram assinados pelo superintendente da Suest\/Funasa-AM, Wenderson Monteiro, e pelo diretor do ILMD\/Fiocruz Amaz\u00f4nia, S\u00e9rgio Luz. A formaliza\u00e7\u00e3o dos acordos aconteceu na Suest\/Funasa-AM, no bairro da Gl\u00f3ria, em Manaus.<\/p>\n<p style=\"text-align: justify;\">Segundo S\u00e9rgio Luz, a assinatura dos acordos reafirma uma parceria institucional, que existe desde da implanta\u00e7\u00e3o da Fiocruz no Amazonas. \u201cHoje praticamente reafirmamos todos esses compromissos, estabelecendo uma parceria: um projeto estrat\u00e9gico para o estado e para Amaz\u00f4nia com a quest\u00e3o da qualidade da \u00e1gua. Um conv\u00eanio que vai ser \u00fatil para podermos ajudar a Funasa no cumprimento da sua miss\u00e3o, da qualidade da \u00e1gua nas localidades mais afastadas. Esse \u00e9 o papel da Fiocruz, fortalecer essas a\u00e7\u00f5es, \u00e9 o papel do SUS e o da Funasa. Ficamos muito contentes de poder assinar esses acordos e estreitar cada vez mais as rela\u00e7\u00f5es institucionais. Al\u00e9m disso vamos estar dividindo um espa\u00e7o f\u00edsico tamb\u00e9m, enquanto n\u00e3o se desenvolve o projeto da nossa futura sede. Todos sabemos das dificuldades de acesso aos munic\u00edpios do Amazonas, somente com a Funasa mesmo, para que a gente possa tentar melhorar a qualidade da \u00e1gua, que \u00e9 um dos principais problemas das comunidades. Ent\u00e3o, contribuir com esse trabalho \u00e9 uma imensa satisfa\u00e7\u00e3o\u201d.<\/p>\n<p style=\"text-align: justify;\">Para Wenderson Monteiro, a parceria firmada \u201coxigenou todas as expectativas da Funasa novamente, porque \u00e9 um desafio muito grande e sozinhos n\u00e3o damos conta. Ent\u00e3o, n\u00f3s temos esse desenho de parceria com a uni\u00e3o do estado, dos munic\u00edpios se tornando real hoje, depois de uma conversa inicial, onde a Fiocruz Amaz\u00f4nia disponibilizou sua estrutura e equipe. A gente vai pegar toda a expertise que foi desenhada e constru\u00edda em todos esses anos pela Fiocruz, somando com a Funasa, que tem a maior mem\u00f3ria de saneamento b\u00e1sico do pa\u00eds, em munic\u00edpios de at\u00e9 50 mil habitantes, que s\u00e3o quase 90% do nosso pa\u00eds. E no Amazonas, temos munic\u00edpios com problemas grandes. Estamos dando as m\u00e3os, enquanto Fiocruz, Funasa e governos do estado e dos munic\u00edpios, para chegarmos a outros lugares onde nunca poder\u00edamos chegar sozinhos\u201d.<\/p>\n<p><img decoding=\"async\" class=\"aligncenter size-full wp-image-29769\" src=\"https:\/\/amazonia.fiocruz.br\/wp-content\/uploads\/2019\/10\/Funasa-2.jpg\" alt=\"\" width=\"640\" height=\"426\" srcset=\"https:\/\/amazonia.fiocruz.br\/wp-content\/uploads\/2019\/10\/Funasa-2.jpg 640w, https:\/\/amazonia.fiocruz.br\/wp-content\/uploads\/2019\/10\/Funasa-2-300x200.jpg 300w, https:\/\/amazonia.fiocruz.br\/wp-content\/uploads\/2019\/10\/Funasa-2-450x300.jpg 450w\" sizes=\"(max-width: 640px) 100vw, 640px\" \/><\/p>\n<p style=\"text-align: justify;\"><strong>CONTROLE E VIGIL\u00c2NCIA <\/strong><\/p>\n<p style=\"text-align: justify;\">Um dos acordos assinados tem por objeto a elabora\u00e7\u00e3o conjunta de um Plano de Apoio ao Controle e Vigil\u00e2ncia em Sa\u00fade Ambiental, por meio do monitoramento da qualidade da \u00e1gua consumida pela popula\u00e7\u00e3o das comunidades rurais e especiais Amazonas.<\/p>\n<p style=\"text-align: justify;\">Para isso o ILMD\/Fiocruz Amaz\u00f4nia vai disponibilizar suas instala\u00e7\u00f5es, equipamentos, insumos e recursos humanos para a coleta e an\u00e1lises laboratoriais das amostras de \u00e1gua a serem colhidas nas comunidades definidas nesse Plano que ser\u00e1 constru\u00eddo, assim como vai capacitar os colaboradores para a coleta das amostras, de acordo com procedimentos t\u00e9cnicos, protocolos e normas de biosseguran\u00e7a adequados, para a emiss\u00e3o de laudos de an\u00e1lise das amostras coletadas, com par\u00e2metros definidos.<\/p>\n<p style=\"text-align: justify;\">Por sua vez, \u00e0 Suest\/Funasa-AM cabe n\u00e3o s\u00f3 a elabora\u00e7\u00e3o do Plano, mas tamb\u00e9m a disponibiliza\u00e7\u00e3o de instala\u00e7\u00f5es, equipamentos, insumos e recursos humanos necess\u00e1rios para realiza\u00e7\u00e3o de coleta das amostras de \u00e1gua a serem colhidas nas comunidades e libera\u00e7\u00e3o de colaboradores para participarem da capacita\u00e7\u00e3o.<\/p>\n<p style=\"text-align: justify;\"><strong>ALMOXARIFADO<\/strong><\/p>\n<p style=\"text-align: justify;\">O segundo acordo vai permitir ao ILMD\/Fiocruz Amaz\u00f4nia utilizar espa\u00e7o f\u00edsico da Suest\/Funasa-AM, visando a instala\u00e7\u00e3o de um almoxarifado para armazenamento de materiais e para abrigar a administra\u00e7\u00e3o desse almoxarifado.<\/p>\n<p style=\"text-align: justify;\">Os respons\u00e1veis pelas duas institui\u00e7\u00f5es sinalizaram ainda que outras a\u00e7\u00f5es em parceria podem ocorrer entre as duas institui\u00e7\u00f5es, que conforme lembrado em reuni\u00e3o s\u00e3o as \u00fanicas funda\u00e7\u00f5es do Minist\u00e9rio da Sa\u00fade.<\/p>\n<h6><strong><em>ILMD\/Fiocruz Amaz\u00f4nia, por Marl\u00facia Seixas<\/em><\/strong><\/h6>\n<h6><strong><em>Fotos: Marl\u00facia Seixas<\/em><\/strong><\/h6>\n","protected":false},"excerpt":{"rendered":"<p>Dois importantes acordos foram assinados ontem, 30\/9, entre a Superintend\u00eancia Estadual da Funda\u00e7\u00e3o Nacional de Sa\u00fade (Suest\/Funasa-AM) e o Instituto Le\u00f4nidas &amp; Maria Deane (ILMD\/Fiocruz Amaz\u00f4nia). Um dos termos diz respeito \u00e0 cess\u00e3o de uso de espa\u00e7o f\u00edsico, o outro para Apoio ao Controle e Vigil\u00e2ncia em Sa\u00fade Ambiental. Os acordos foram assinados pelo superintendente [&hellip;]<\/p>\n","protected":false},"author":26,"featured_media":29767,"comment_status":"closed","ping_status":"closed","sticky":false,"template":"","format":"standard","meta":{"footnotes":""},"categories":[15],"tags":[532,795,120,119,796],"class_list":["post-29766","post","type-post","status-publish","format-standard","has-post-thumbnail","hentry","category-noticias","tag-agua","tag-controle-e-vigilancia","tag-fiocruz-amazonia","tag-ilmd","tag-saude-ambiental"],"_links":{"self":[{"href":"https:\/\/amazonia.fiocruz.br\/index.php?rest_route=\/wp\/v2\/posts\/29766","targetHints":{"allow":["GET"]}}],"collection":[{"href":"https:\/\/amazonia.fiocruz.br\/index.php?rest_route=\/wp\/v2\/posts"}],"about":[{"href":"https:\/\/amazonia.fiocruz.br\/index.php?rest_route=\/wp\/v2\/types\/post"}],"author":[{"embeddable":true,"href":"https:\/\/amazonia.fiocruz.br\/index.php?rest_route=\/wp\/v2\/users\/26"}],"replies":[{"embeddable":true,"href":"https:\/\/amazonia.fiocruz.br\/index.php?rest_route=%2Fwp%2Fv2%2Fcomments&post=29766"}],"version-history":[{"count":7,"href":"https:\/\/amazonia.fiocruz.br\/index.php?rest_route=\/wp\/v2\/posts\/29766\/revisions"}],"predecessor-version":[{"id":29782,"href":"https:\/\/amazonia.fiocruz.br\/index.php?rest_route=\/wp\/v2\/posts\/29766\/revisions\/29782"}],"wp:featuredmedia":[{"embeddable":true,"href":"https:\/\/amazonia.fiocruz.br\/index.php?rest_route=\/wp\/v2\/media\/29767"}],"wp:attachment":[{"href":"https:\/\/amazonia.fiocruz.br\/index.php?rest_route=%2Fwp%2Fv2%2Fmedia&parent=29766"}],"wp:term":[{"taxonomy":"category","embeddable":true,"href":"https:\/\/amazonia.fiocruz.br\/index.php?rest_route=%2Fwp%2Fv2%2Fcategories&post=29766"},{"taxonomy":"post_tag","embeddable":true,"href":"https:\/\/amazonia.fiocruz.br\/index.php?rest_route=%2Fwp%2Fv2%2Ftags&post=29766"}],"curies":[{"name":"wp","href":"https:\/\/api.w.org\/{rel}","templated":true}]}}