{"id":29709,"date":"2019-09-23T15:18:48","date_gmt":"2019-09-23T19:18:48","guid":{"rendered":"https:\/\/amazonia.fiocruz.br\/?p=29709"},"modified":"2019-09-23T15:20:53","modified_gmt":"2019-09-23T19:20:53","slug":"abertas-as-inscricoes-para-a-10a-edicao-da-olimpiada-brasileira-de-saude-e-meio-ambiente","status":"publish","type":"post","link":"https:\/\/amazonia.fiocruz.br\/?p=29709","title":{"rendered":"Abertas as inscri\u00e7\u00f5es para a 10\u00aa edi\u00e7\u00e3o da Olimp\u00edada Brasileira de Sa\u00fade e Meio Ambiente"},"content":{"rendered":"<p style=\"text-align: justify;\">J\u00e1 est\u00e3o abertas as inscri\u00e7\u00f5es para a 10\u00aa edi\u00e7\u00e3o da Olimp\u00edada Brasileira de Sa\u00fade e Meio Ambiente (Obsma), da Funda\u00e7\u00e3o Oswaldo Cruz. As inscri\u00e7\u00f5es iniciaram no s\u00e1bado (21\/9), data em que \u00e9 comemorado o Dia Mundial da \u00c1rvore. Professores da educa\u00e7\u00e3o b\u00e1sica de todo o pa\u00eds podem inscrever projetos desenvolvidos com seus alunos do Ensino Fundamental II (6\u00ba ao 9\u00ba ano) e \u00a0do Ensino M\u00e9dio, realizados no per\u00edodo de 2019 &#8211; 2020, nas categorias Produ\u00e7\u00e3o Audiovisual, Produ\u00e7\u00e3o de Textos e Projeto de Ci\u00eancias.<\/p>\n<p style=\"text-align: justify;\">A Olimp\u00edada vai premiar os 36 melhores trabalhos sobre sa\u00fade e meio ambiente com uma viagem ao Rio de Janeiro, para alunos e professores vencedores, que v\u00e3o, na oportunidade, participar de atividades cient\u00edficas e culturais na cidade. Al\u00e9m da premia\u00e7\u00e3o nacional, ser\u00e1 oferecido o Pr\u00eamio\u00a0<em>Menina Hoje, Cientista Amanh\u00e3<\/em>\u00a0a um trabalho desenvolvido por grupos de alunas e professoras do g\u00eanero feminino.<\/p>\n<p style=\"text-align: justify;\">Para realizar a inscri\u00e7\u00e3o na 10\u00aa Obsma, o professor deve ler o regulamento, preencher o formul\u00e1rio no <a href=\"http:\/\/www.olimpiada.fiocruz.br\/\" target=\"_blank\" rel=\"noopener\"><strong>site oficial<\/strong><\/a>\u00a0 e enviar o trabalho para a regional correspondente da Obsma ao seu Estado, <a href=\"https:\/\/olimpiada.fiocruz.br\/regionais\/\" target=\"_blank\" rel=\"noopener\">confira os endere\u00e7os no site da Olimp\u00edada<\/a>.<\/p>\n<p style=\"text-align: justify;\">Em caso de d\u00favidas, o professor deve entrar em contato com a Coordena\u00e7\u00e3o pelo e-mail\u00a0<a href=\"mailto:olimpiada@fiocruz.br\" target=\"_blank\" rel=\"noopener\"><strong>olimpiada@fiocruz.br<\/strong><\/a>\u00a0ou pelo telefone\u00a0<strong>(21) 2560-8259<\/strong>. Interessados tamb\u00e9m podem acompanhar informa\u00e7\u00f5es sobre a Olimp\u00edada no Instagram da Obsma, \u00a0no Facebook (<a href=\"http:\/\/www.facebook.com\/obsma\" target=\"_blank\" rel=\"noopener\">www.facebook.com\/obsma<\/a>) e no Twitter (<a href=\"http:\/\/www.twitter.com\/obsma\" target=\"_blank\" rel=\"noopener\">www.twitter.com\/obsma<\/a>).<\/p>\n<h6><em><strong>Fonte: Obsma<\/strong><\/em><\/h6>\n<h6><em><strong>Foto (arquivo): Peter Ilicciev<\/strong><\/em><\/h6>\n","protected":false},"excerpt":{"rendered":"<p>J\u00e1 est\u00e3o abertas as inscri\u00e7\u00f5es para a 10\u00aa edi\u00e7\u00e3o da Olimp\u00edada Brasileira de Sa\u00fade e Meio Ambiente (Obsma), da Funda\u00e7\u00e3o Oswaldo Cruz. As inscri\u00e7\u00f5es iniciaram no s\u00e1bado (21\/9), data em que \u00e9 comemorado o Dia Mundial da \u00c1rvore. Professores da educa\u00e7\u00e3o b\u00e1sica de todo o pa\u00eds podem inscrever projetos desenvolvidos com seus alunos do Ensino [&hellip;]<\/p>\n","protected":false},"author":26,"featured_media":29713,"comment_status":"closed","ping_status":"closed","sticky":false,"template":"","format":"standard","meta":{"footnotes":""},"categories":[15],"tags":[789,791,790,250,353,450,788],"class_list":["post-29709","post","type-post","status-publish","format-standard","has-post-thumbnail","hentry","category-noticias","tag-educacao-basica","tag-ensino-fundamental","tag-ensino-medio","tag-inscricoes","tag-obsma","tag-olimpiada-brasileira-de-saude-e-meio-ambiente","tag-professor"],"_links":{"self":[{"href":"https:\/\/amazonia.fiocruz.br\/index.php?rest_route=\/wp\/v2\/posts\/29709","targetHints":{"allow":["GET"]}}],"collection":[{"href":"https:\/\/amazonia.fiocruz.br\/index.php?rest_route=\/wp\/v2\/posts"}],"about":[{"href":"https:\/\/amazonia.fiocruz.br\/index.php?rest_route=\/wp\/v2\/types\/post"}],"author":[{"embeddable":true,"href":"https:\/\/amazonia.fiocruz.br\/index.php?rest_route=\/wp\/v2\/users\/26"}],"replies":[{"embeddable":true,"href":"https:\/\/amazonia.fiocruz.br\/index.php?rest_route=%2Fwp%2Fv2%2Fcomments&post=29709"}],"version-history":[{"count":5,"href":"https:\/\/amazonia.fiocruz.br\/index.php?rest_route=\/wp\/v2\/posts\/29709\/revisions"}],"predecessor-version":[{"id":29717,"href":"https:\/\/amazonia.fiocruz.br\/index.php?rest_route=\/wp\/v2\/posts\/29709\/revisions\/29717"}],"wp:featuredmedia":[{"embeddable":true,"href":"https:\/\/amazonia.fiocruz.br\/index.php?rest_route=\/wp\/v2\/media\/29713"}],"wp:attachment":[{"href":"https:\/\/amazonia.fiocruz.br\/index.php?rest_route=%2Fwp%2Fv2%2Fmedia&parent=29709"}],"wp:term":[{"taxonomy":"category","embeddable":true,"href":"https:\/\/amazonia.fiocruz.br\/index.php?rest_route=%2Fwp%2Fv2%2Fcategories&post=29709"},{"taxonomy":"post_tag","embeddable":true,"href":"https:\/\/amazonia.fiocruz.br\/index.php?rest_route=%2Fwp%2Fv2%2Ftags&post=29709"}],"curies":[{"name":"wp","href":"https:\/\/api.w.org\/{rel}","templated":true}]}}