{"id":28402,"date":"2019-06-12T12:17:36","date_gmt":"2019-06-12T16:17:36","guid":{"rendered":"https:\/\/amazonia.fiocruz.br\/?p=28402"},"modified":"2019-06-12T12:36:58","modified_gmt":"2019-06-12T16:36:58","slug":"palestra-abordara-importancia-da-iniciacao-cientifica-na-vida-academica-durante-abertura-da-16a-raic-da-fiocruz-amazonia","status":"publish","type":"post","link":"https:\/\/amazonia.fiocruz.br\/?p=28402","title":{"rendered":"Palestra abordar\u00e1 import\u00e2ncia da Inicia\u00e7\u00e3o Cient\u00edfica na vida acad\u00eamica, durante abertura da 16\u00aa Raic da Fiocruz Amaz\u00f4nia"},"content":{"rendered":"<p style=\"text-align: justify;\">Entre os dias 17 e 19 de junho, o Instituto Le\u00f4nidas e Maria Deane (ILMD\/Fiocruz Amaz\u00f4nia) realizar\u00e1 a 16\u00aa Reuni\u00e3o Anual de Inicia\u00e7\u00e3o Cient\u00edfica (Raic), no \u00e2mbito do Programa Institucional de Bolsas de Inicia\u00e7\u00e3o Cient\u00edfica (PIC) da Fiocruz Amaz\u00f4nia de 2018\/2019, com recursos da Funda\u00e7\u00e3o de Amparo \u00e0 Pesquisa do Estado do Amazonas (Fapeam) e do Conselho Nacional de Desenvolvimento Cient\u00edfico e Tecnol\u00f3gico (CNPq).<\/p>\n<p style=\"text-align: justify;\">A abertura do evento ser\u00e1 realizada na pr\u00f3xima segunda-feira, 17\/6, \u00e0s 9h, com a palestra \u201cImport\u00e2ncia da Inicia\u00e7\u00e3o Cient\u00edfica na vida acad\u00eamica: Cientista ou pesquisador?&#8221;, que ser\u00e1 ministrada pela Dra. Maria das Gra\u00e7as Vale Barbosa, pesquisadora da Funda\u00e7\u00e3o de Medicina Tropical Dr. Heitor Vieira Dourado (FMT-HVD), e professora da Universidade do Estado do Amazonas (UEA). As apresenta\u00e7\u00f5es ocorrem no Sal\u00e3o Canoas, audit\u00f3rio da Institui\u00e7\u00e3o, situado \u00e0 Rua Teresina, 476, Adrian\u00f3polis, zona centro-sul de Manaus.<\/p>\n<p style=\"text-align: justify;\">Durante a programa\u00e7\u00e3o, ser\u00e3o apresentados 27 trabalhos de graduandos de diferentes Institui\u00e7\u00f5es de Ensino de Manaus, divididos nas seguintes sess\u00f5es tem\u00e1ticas: Microbiologia, Biotecnologia e Bioprospec\u00e7\u00e3o, Parasitologia, Entomologia, Sa\u00fade Coletiva e Epidemiologia.<\/p>\n<p style=\"text-align: justify;\"><strong>SOBRE A PALESTRANTE<\/strong><\/p>\n<p style=\"text-align: justify;\">Maria das Gra\u00e7as \u00e9 graduada em Ci\u00eancias Biol\u00f3gicas pela Universidade Federal do Amazonas, mestre e doutora em Ci\u00eancias Biol\u00f3gicas (Entomologia) pelo Instituto Nacional de Pesquisas da Amaz\u00f4nia (Inpa). \u00c9 pesquisadora da Funda\u00e7\u00e3o de Medicina Tropical Dr. Heitor Vieira Dourado (FMT-HVD), e professora da Universidade do Estado do Amazonas (UEA).<\/p>\n<p style=\"text-align: justify;\">Atuou como Coordenadora do Programa de P\u00f3s-gradua\u00e7\u00e3o em Medicina Tropical da UEA\/FMT-HVD, Pr\u00f3-reitora de Pesquisa e P\u00f3s-gradua\u00e7\u00e3o da UEA, Coordenadora do Departamento de Pesquisa da FMT-HVD.<\/p>\n<p style=\"text-align: justify;\">Atua na \u00e1rea de Zoologia, com \u00eanfase em Entomologia M\u00e9dica especialmente sobre insetos vetores de parasitos causadores de doen\u00e7a de chagas, Leishmaniose, mal\u00e1ria e dengue e reservat\u00f3rios silvestres de <em>Trypanosoma cruzi<\/em> e <em>Leishmania spp<\/em>.<\/p>\n<p style=\"text-align: justify;\"><strong>EDUCA\u00c7\u00c3O NA FIOCRUZ<\/strong><\/p>\n<p style=\"text-align: justify;\">Na ter\u00e7a-feira, 18\/6, \u00e0s 9h, o evento contar\u00e1 com a palestra \u201cDesafios e perspectivas de educa\u00e7\u00e3o na Fiocruz\u201d, a ser ministrada pela Dra. Cristiani Vieira Machado, Vice-Presidente de Ensino, Informa\u00e7\u00e3o e Comunica\u00e7\u00e3o da Funda\u00e7\u00e3o Oswaldo Cruz (Fiocruz).<\/p>\n<p style=\"text-align: justify;\">Segundo a coordenadora do PIC-ILMD\/Fiocruz Amaz\u00f4nia, Stefanie Lopes, o objetivo da reuni\u00e3o \u00e9 divulgar e avaliar os 27 projetos de pesquisa. \u201cIsso \u00e9 parte do processo de forma\u00e7\u00e3o, uma experi\u00eancia \u00fanica que o aluno possui durante a gradua\u00e7\u00e3o, muitas vezes \u00e9 o desenvolvimento do seu primeiro projeto de pesquisa. A RAIC \u00e9 um momento pr\u00f3prio para o desenvolvimento do aluno\u201d, explicou.<\/p>\n<p style=\"text-align: justify;\"><strong>SOBRE O PIC<\/strong><\/p>\n<p style=\"text-align: justify;\">O Programa de Inicia\u00e7\u00e3o Cient\u00edfica (PIC) do ILMD\/Fiocruz Amaz\u00f4nia \u00e9 desenvolvido em parceria com o CNPq e Fapeam, com o objetivo de despertar a voca\u00e7\u00e3o cient\u00edfica e incentivar novos potenciais entre estudantes de gradua\u00e7\u00e3o, al\u00e9m de estimular pesquisadores a envolverem os estudantes em suas atividades cient\u00edficas, tecnol\u00f3gicas e profissionais. \u201cA ideia \u00e9 apresentar o mundo cient\u00edfico para os estudantes de gradua\u00e7\u00e3o de diferentes cursos, no \u00e2mbito da Fiocruz, por meio do desenvolvimento de projetos de pesquisa que possuem atua\u00e7\u00e3o frente ao Sistema \u00danico de Sa\u00fade (SUS)\u201d, explicou Stefanie Lopes.<\/p>\n<h6 style=\"text-align: justify;\"><strong><em>ILMD\/Fiocruz Amaz\u00f4nia, por Eduardo Gomes<\/em><\/strong><\/h6>\n<h6 style=\"text-align: justify;\"><strong><em>Imagem: Mackesy Pinheiro<\/em><\/strong><\/h6>\n<p>&nbsp;<\/p>\n<p>&nbsp;<\/p>\n","protected":false},"excerpt":{"rendered":"<p>Entre os dias 17 e 19 de junho, o Instituto Le\u00f4nidas e Maria Deane (ILMD\/Fiocruz Amaz\u00f4nia) realizar\u00e1 a 16\u00aa Reuni\u00e3o Anual de Inicia\u00e7\u00e3o Cient\u00edfica (Raic), no \u00e2mbito do Programa Institucional de Bolsas de Inicia\u00e7\u00e3o Cient\u00edfica (PIC) da Fiocruz Amaz\u00f4nia de 2018\/2019, com recursos da Funda\u00e7\u00e3o de Amparo \u00e0 Pesquisa do Estado do Amazonas (Fapeam) e [&hellip;]<\/p>\n","protected":false},"author":20,"featured_media":28408,"comment_status":"closed","ping_status":"closed","sticky":false,"template":"","format":"standard","meta":{"footnotes":""},"categories":[15,1],"tags":[728,136,120,119,131,256,304,332,583],"class_list":["post-28402","post","type-post","status-publish","format-standard","has-post-thumbnail","hentry","category-noticias","category-outras","tag-16a-raic","tag-fiocruz","tag-fiocruz-amazonia","tag-ilmd","tag-ilmdfiocruz-amazonia","tag-iniciacao-cientifica","tag-pic","tag-programa-de-iniciacao-cientifica","tag-raic"],"_links":{"self":[{"href":"https:\/\/amazonia.fiocruz.br\/index.php?rest_route=\/wp\/v2\/posts\/28402","targetHints":{"allow":["GET"]}}],"collection":[{"href":"https:\/\/amazonia.fiocruz.br\/index.php?rest_route=\/wp\/v2\/posts"}],"about":[{"href":"https:\/\/amazonia.fiocruz.br\/index.php?rest_route=\/wp\/v2\/types\/post"}],"author":[{"embeddable":true,"href":"https:\/\/amazonia.fiocruz.br\/index.php?rest_route=\/wp\/v2\/users\/20"}],"replies":[{"embeddable":true,"href":"https:\/\/amazonia.fiocruz.br\/index.php?rest_route=%2Fwp%2Fv2%2Fcomments&post=28402"}],"version-history":[{"count":2,"href":"https:\/\/amazonia.fiocruz.br\/index.php?rest_route=\/wp\/v2\/posts\/28402\/revisions"}],"predecessor-version":[{"id":28404,"href":"https:\/\/amazonia.fiocruz.br\/index.php?rest_route=\/wp\/v2\/posts\/28402\/revisions\/28404"}],"wp:featuredmedia":[{"embeddable":true,"href":"https:\/\/amazonia.fiocruz.br\/index.php?rest_route=\/wp\/v2\/media\/28408"}],"wp:attachment":[{"href":"https:\/\/amazonia.fiocruz.br\/index.php?rest_route=%2Fwp%2Fv2%2Fmedia&parent=28402"}],"wp:term":[{"taxonomy":"category","embeddable":true,"href":"https:\/\/amazonia.fiocruz.br\/index.php?rest_route=%2Fwp%2Fv2%2Fcategories&post=28402"},{"taxonomy":"post_tag","embeddable":true,"href":"https:\/\/amazonia.fiocruz.br\/index.php?rest_route=%2Fwp%2Fv2%2Ftags&post=28402"}],"curies":[{"name":"wp","href":"https:\/\/api.w.org\/{rel}","templated":true}]}}