{"id":28270,"date":"2019-05-29T17:49:58","date_gmt":"2019-05-29T21:49:58","guid":{"rendered":"https:\/\/amazonia.fiocruz.br\/?p=28270"},"modified":"2019-05-29T17:49:58","modified_gmt":"2019-05-29T21:49:58","slug":"qualifica-sus-fiocruz-amazonia-e-secretarias-municipais-de-saude-do-amazonas-celebram-acordos-de-cooperacao","status":"publish","type":"post","link":"https:\/\/amazonia.fiocruz.br\/?p=28270","title":{"rendered":"Qualifica SUS: Fiocruz Amaz\u00f4nia e Secretarias Municipais de Sa\u00fade do Amazonas celebram acordos de coopera\u00e7\u00e3o."},"content":{"rendered":"<p style=\"text-align: justify;\">Na \u00faltima ter\u00e7a-feira, 28\/5, o diretor do Instituto Le\u00f4nidas &amp; Maria Deane (ILMD\/Fiocruz Amaz\u00f4nia), S\u00e9rgio Luz, apresentou o Projeto Qualifica SUS, durante o VII Congresso de Secret\u00e1rios Municipais de Sa\u00fade do Amazonas, realizado no munic\u00edpio de Presidente Figueiredo.<\/p>\n<p style=\"text-align: justify;\">Na ocasi\u00e3o, visando oficializar a parceria com o Conselho de Secret\u00e1rios Municipais de Sa\u00fade do Amazonas (Cosems-AM), a Fiocruz Amaz\u00f4nia selou os acordos de coopera\u00e7\u00e3o para o desenvolvimento do programa, que pretende qualificar mais de 5 mil trabalhadores do Sistema \u00danico de Sa\u00fade (SUS) no Estado.<\/p>\n<p style=\"text-align: justify;\">\u201cN\u00f3s pretendemos contribuir para o aprimoramento do desempenho profissional dos trabalhadores, para que atuem em conformidade com as pol\u00edticas e diretrizes de sa\u00fade, de forma integrada, articulando o ensino com a aplica\u00e7\u00e3o pr\u00e1tica do conhecimento em suas fun\u00e7\u00f5es\u201d, explicou S\u00e9rgio Luz.<\/p>\n<p style=\"text-align: justify;\">A iniciativa conta com apoio da bancada parlamentar do Amazonas, intermediada por emenda do senador Omar Aziz, e foi apresentada na \u00faltima segunda-feira, 27\/5, durante cerim\u00f4nia, na sede da Fiocruz Amaz\u00f4nia. O Projeto vai ofertar cursos em todos os 61 munic\u00edpios, al\u00e9m da capital Manaus.<\/p>\n<p style=\"text-align: justify;\">Ser\u00e3o cursos de atualiza\u00e7\u00e3o, especializa\u00e7\u00e3o e mestrado que estar\u00e3o dispon\u00edveis para trabalhadores do SUS, que ser\u00e3o capacitados sob um modelo pedag\u00f3gico pautado na integra\u00e7\u00e3o ensino-servi\u00e7o, diante da realidade de cada localidade, respeitando o conhecimento e a experi\u00eancia dos alunos.<\/p>\n<p><img decoding=\"async\" class=\"aligncenter size-full wp-image-28272\" src=\"https:\/\/amazonia.fiocruz.br\/wp-content\/uploads\/2019\/05\/internaqualificasusfigueredo.jpg\" alt=\"\" width=\"640\" height=\"421\" srcset=\"https:\/\/amazonia.fiocruz.br\/wp-content\/uploads\/2019\/05\/internaqualificasusfigueredo.jpg 640w, https:\/\/amazonia.fiocruz.br\/wp-content\/uploads\/2019\/05\/internaqualificasusfigueredo-300x197.jpg 300w, https:\/\/amazonia.fiocruz.br\/wp-content\/uploads\/2019\/05\/internaqualificasusfigueredo-450x296.jpg 450w\" sizes=\"(max-width: 640px) 100vw, 640px\" \/><\/p>\n<p style=\"text-align: justify;\">A parceria com os secret\u00e1rios municipais de sa\u00fade, por meio do Cosems-AM vai possibilitar \u00e0 Fiocruz Amaz\u00f4nia atender a todos os 62 munic\u00edpios do Amazonas, por meio do Projeto Qualifica SUS, o que ser\u00e1 um grande passo para a melhoria e efetividade dos servi\u00e7os de sa\u00fade no interior do Estado.<\/p>\n<p style=\"text-align: justify;\">\u201cEsse \u00e9 um sonho que temos h\u00e1 mais de 10 anos, em que os munic\u00edpios possam ter maior acesso aos programas de capacita\u00e7\u00e3o. Esse projeto foi constru\u00eddo com base nas necessidades do sistema e, sobretudo com o apoio da Fiocruz Amaz\u00f4nia que \u00e9 sempre muito sens\u00edvel \u00e0s nossas dificuldades\u201d, comentou Janu\u00e1rio da Cunha Neto, presidente do Cosems-AM.<\/p>\n<p style=\"text-align: justify;\">Para Lizandra Farias, secret\u00e1ria municipal de sa\u00fade do munic\u00edpio de Boa Vista do Ramos, o programa possibilitar\u00e1 a qualifica\u00e7\u00e3o dos profissionais e melhoria na qualidade dos servi\u00e7os de sa\u00fade prestados. \u201cIsso vai ser muito importante para o munic\u00edpio, pois os nossos profissionais poder\u00e3o se qualificar, sem ter que ir at\u00e9 a Capital. Com essa iniciativa, poderemos oferecer uma sa\u00fade com mais qualidade para a popula\u00e7\u00e3o<\/p>\n<h6 style=\"text-align: justify;\"><em><strong>ILMD\/ Fiocruz Amaz\u00f4nia, por Eduardo Gomes<\/strong><\/em><\/h6>\n<h6 style=\"text-align: justify;\"><em><strong>Fotos: Eduardo Gomes<\/strong><\/em><\/h6>\n<p>&nbsp;<\/p>\n","protected":false},"excerpt":{"rendered":"<p>Na \u00faltima ter\u00e7a-feira, 28\/5, o diretor do Instituto Le\u00f4nidas &amp; Maria Deane (ILMD\/Fiocruz Amaz\u00f4nia), S\u00e9rgio Luz, apresentou o Projeto Qualifica SUS, durante o VII Congresso de Secret\u00e1rios Municipais de Sa\u00fade do Amazonas, realizado no munic\u00edpio de Presidente Figueiredo. Na ocasi\u00e3o, visando oficializar a parceria com o Conselho de Secret\u00e1rios Municipais de Sa\u00fade do Amazonas (Cosems-AM), [&hellip;]<\/p>\n","protected":false},"author":20,"featured_media":28271,"comment_status":"closed","ping_status":"closed","sticky":false,"template":"","format":"standard","meta":{"footnotes":""},"categories":[15],"tags":[520,368,136,120,131,205,712,499],"class_list":["post-28270","post","type-post","status-publish","format-standard","has-post-thumbnail","hentry","category-noticias","tag-capacitacao","tag-especializacao","tag-fiocruz","tag-fiocruz-amazonia","tag-ilmdfiocruz-amazonia","tag-mestrado","tag-projeto-qualifica-sus","tag-qualificacao"],"_links":{"self":[{"href":"https:\/\/amazonia.fiocruz.br\/index.php?rest_route=\/wp\/v2\/posts\/28270","targetHints":{"allow":["GET"]}}],"collection":[{"href":"https:\/\/amazonia.fiocruz.br\/index.php?rest_route=\/wp\/v2\/posts"}],"about":[{"href":"https:\/\/amazonia.fiocruz.br\/index.php?rest_route=\/wp\/v2\/types\/post"}],"author":[{"embeddable":true,"href":"https:\/\/amazonia.fiocruz.br\/index.php?rest_route=\/wp\/v2\/users\/20"}],"replies":[{"embeddable":true,"href":"https:\/\/amazonia.fiocruz.br\/index.php?rest_route=%2Fwp%2Fv2%2Fcomments&post=28270"}],"version-history":[{"count":1,"href":"https:\/\/amazonia.fiocruz.br\/index.php?rest_route=\/wp\/v2\/posts\/28270\/revisions"}],"predecessor-version":[{"id":28273,"href":"https:\/\/amazonia.fiocruz.br\/index.php?rest_route=\/wp\/v2\/posts\/28270\/revisions\/28273"}],"wp:featuredmedia":[{"embeddable":true,"href":"https:\/\/amazonia.fiocruz.br\/index.php?rest_route=\/wp\/v2\/media\/28271"}],"wp:attachment":[{"href":"https:\/\/amazonia.fiocruz.br\/index.php?rest_route=%2Fwp%2Fv2%2Fmedia&parent=28270"}],"wp:term":[{"taxonomy":"category","embeddable":true,"href":"https:\/\/amazonia.fiocruz.br\/index.php?rest_route=%2Fwp%2Fv2%2Fcategories&post=28270"},{"taxonomy":"post_tag","embeddable":true,"href":"https:\/\/amazonia.fiocruz.br\/index.php?rest_route=%2Fwp%2Fv2%2Ftags&post=28270"}],"curies":[{"name":"wp","href":"https:\/\/api.w.org\/{rel}","templated":true}]}}