{"id":27826,"date":"2019-04-17T17:51:17","date_gmt":"2019-04-17T21:51:17","guid":{"rendered":"https:\/\/amazonia.fiocruz.br\/?p=27826"},"modified":"2019-04-17T17:51:17","modified_gmt":"2019-04-17T21:51:17","slug":"divulgado-resultado-da-prova-de-conhecimentos-especificos-prova-escrita-e-dos-recursos-da-prova-de-saude-coletiva-para-ingresso-no-ppgvida","status":"publish","type":"post","link":"https:\/\/amazonia.fiocruz.br\/?p=27826","title":{"rendered":"Divulgado resultado da prova de conhecimentos espec\u00edficos, prova escrita e dos recursos da prova de sa\u00fade coletiva para ingresso no PPGVIDA"},"content":{"rendered":"<p style=\"text-align: justify;\">A Secretaria Acad\u00eamica (SECA) do Instituto Le\u00f4nidas &amp; Maria Deane (ILMD\/ Fiocruz Amaz\u00f4nia) divulgou nesta quarta-feira, 17\/4, o resultado da prova de conhecimentos espec\u00edficos, prova escrita, resultado dos recursos da prova de Sa\u00fade Coletiva, al\u00e9m do local e hor\u00e1rio da prova oral, 3\u00aa etapa do processo seletivo para ingresso no Programa de P\u00f3s-Gradua\u00e7\u00e3o Stricto Sensu em Condi\u00e7\u00f5es de Vida e Situa\u00e7\u00f5es de Sa\u00fade na Amaz\u00f4nia (PPGVIDA).<\/p>\n<p style=\"text-align: justify;\">O resultados est\u00e3o dispon\u00edveis no sistema Sigass em: <a href=\"http:\/\/www.sigass.fiocruz.br\/pub\/inscricao.do?codP=120\" target=\"_blank\" rel=\"noopener\">http:\/\/www.sigass.fiocruz.br\/pub\/inscricao.do?codP=120<\/a><\/p>\n<p style=\"text-align: justify;\"><strong>SOBRE O CURSO<\/strong><\/p>\n<p style=\"text-align: justify;\">O PPGVIDA \u2013 ILMD\/Fiocruz Amaz\u00f4nia \u00e9 um programa de p\u00f3s-gradua\u00e7\u00e3o que tem como objetivo capacitar profissionais para desenvolver modelos anal\u00edticos capazes de subsidiar pesquisas em sa\u00fade, apoiar o planejamento, execu\u00e7\u00e3o e gerenciamento de servi\u00e7os e a\u00e7\u00f5es de controle e o monitoramento de doen\u00e7as e agravos de interesse coletivo e do Sistema \u00danico de Sa\u00fade na Amaz\u00f4nia.<\/p>\n<p style=\"text-align: justify;\">O curso \u00e9 em regime integral e as aulas est\u00e3o previstas para iniciar dia 5 de agosto deste ano. Ao final do mestrado, o egresso do curso receber\u00e1 diploma de Mestre em Sa\u00fade P\u00fablica.<\/p>\n<p style=\"text-align: justify;\"><strong><em>ILMD\/Fiocruz Amaz\u00f4nia, por Eduardo Gomes<\/em><\/strong><\/p>\n","protected":false},"excerpt":{"rendered":"<p>A Secretaria Acad\u00eamica (SECA) do Instituto Le\u00f4nidas &amp; Maria Deane (ILMD\/ Fiocruz Amaz\u00f4nia) divulgou nesta quarta-feira, 17\/4, o resultado da prova de conhecimentos espec\u00edficos, prova escrita, resultado dos recursos da prova de Sa\u00fade Coletiva, al\u00e9m do local e hor\u00e1rio da prova oral, 3\u00aa etapa do processo seletivo para ingresso no Programa de P\u00f3s-Gradua\u00e7\u00e3o Stricto Sensu [&hellip;]<\/p>\n","protected":false},"author":20,"featured_media":27800,"comment_status":"closed","ping_status":"closed","sticky":false,"template":"","format":"standard","meta":{"footnotes":""},"categories":[15],"tags":[136,120,119,131,205,143,314,552],"class_list":["post-27826","post","type-post","status-publish","format-standard","has-post-thumbnail","hentry","category-noticias","tag-fiocruz","tag-fiocruz-amazonia","tag-ilmd","tag-ilmdfiocruz-amazonia","tag-mestrado","tag-ppgvida","tag-resultado-ppgvida","tag-resultados"],"_links":{"self":[{"href":"https:\/\/amazonia.fiocruz.br\/index.php?rest_route=\/wp\/v2\/posts\/27826","targetHints":{"allow":["GET"]}}],"collection":[{"href":"https:\/\/amazonia.fiocruz.br\/index.php?rest_route=\/wp\/v2\/posts"}],"about":[{"href":"https:\/\/amazonia.fiocruz.br\/index.php?rest_route=\/wp\/v2\/types\/post"}],"author":[{"embeddable":true,"href":"https:\/\/amazonia.fiocruz.br\/index.php?rest_route=\/wp\/v2\/users\/20"}],"replies":[{"embeddable":true,"href":"https:\/\/amazonia.fiocruz.br\/index.php?rest_route=%2Fwp%2Fv2%2Fcomments&post=27826"}],"version-history":[{"count":3,"href":"https:\/\/amazonia.fiocruz.br\/index.php?rest_route=\/wp\/v2\/posts\/27826\/revisions"}],"predecessor-version":[{"id":27829,"href":"https:\/\/amazonia.fiocruz.br\/index.php?rest_route=\/wp\/v2\/posts\/27826\/revisions\/27829"}],"wp:featuredmedia":[{"embeddable":true,"href":"https:\/\/amazonia.fiocruz.br\/index.php?rest_route=\/wp\/v2\/media\/27800"}],"wp:attachment":[{"href":"https:\/\/amazonia.fiocruz.br\/index.php?rest_route=%2Fwp%2Fv2%2Fmedia&parent=27826"}],"wp:term":[{"taxonomy":"category","embeddable":true,"href":"https:\/\/amazonia.fiocruz.br\/index.php?rest_route=%2Fwp%2Fv2%2Fcategories&post=27826"},{"taxonomy":"post_tag","embeddable":true,"href":"https:\/\/amazonia.fiocruz.br\/index.php?rest_route=%2Fwp%2Fv2%2Ftags&post=27826"}],"curies":[{"name":"wp","href":"https:\/\/api.w.org\/{rel}","templated":true}]}}