{"id":26488,"date":"2018-11-22T15:27:17","date_gmt":"2018-11-22T19:27:17","guid":{"rendered":"https:\/\/amazonia.fiocruz.br\/?p=26488"},"modified":"2018-11-23T14:10:16","modified_gmt":"2018-11-23T18:10:16","slug":"palestra-do-centro-de-estudos-vai-abordar-coleta-de-dados-secundarios-em-pesquisa","status":"publish","type":"post","link":"https:\/\/amazonia.fiocruz.br\/?p=26488","title":{"rendered":"Palestra do Centro de Estudos vai abordar coleta de dados secund\u00e1rios em pesquisa"},"content":{"rendered":"<p style=\"text-align: justify;\">O Centro de Estudos do Instituto Le\u00f4nidas &amp; Maria Deane (ILMD\/Fiocruz Amaz\u00f4nia) promove na pr\u00f3xima sexta-feira, 23\/11, a partir de 10h, na sala de aula 2, pr\u00e9dio anexo, na sede do Instituto, a palestra \u201cColeta de dados secund\u00e1rios em pesquisa\u201d, a ser ministrada pela pesquisadora Lisiane Lappe dos Reis.<\/p>\n<p style=\"text-align: justify;\">Segundo Lisiane, a apresenta\u00e7\u00e3o ir\u00e1 abordar sua experi\u00eancia na busca de dados secund\u00e1rios, durante a realiza\u00e7\u00e3o do curso de mestrado, do Programa de P\u00f3s-Gradua\u00e7\u00e3o Stricto Sensu em Condi\u00e7\u00f5es de Vida e Situa\u00e7\u00f5es de Sa\u00fade na Amaz\u00f4nia (PPGVIDA), da Fiocruz Amaz\u00f4nia. A pesquisadora antecipou, que ser\u00e1 uma oportunidade de trocar experi\u00eancias, por meio de exemplos de como os alunos podem utilizar esses dados em suas experi\u00eancias no campo da pesquisa cient\u00edfica.<\/p>\n<p style=\"text-align: justify;\"><strong>SOBRE O PALESTRANTE<\/strong><\/p>\n<p style=\"text-align: justify;\">Lisiane \u00e9 graduada em Farm\u00e1cia-Bioqu\u00edmica pela Pontif\u00edcia Universidade Cat\u00f3lica do Rio Grande do Sul e mestre em Sa\u00fade P\u00fablica pelo Instituto Le\u00f4nidas e Maria Deane (ILMD\/ Fiocruz-Amaz\u00f4nia).<\/p>\n<p style=\"text-align: justify;\">Atualmente \u00e9 Tecnologista em Sa\u00fade P\u00fablica &#8211; \u00e1rea Parasitologia, na Fiocruz-Amaz\u00f4nia. Atua como farmac\u00eautica bioqu\u00edmica plantonista na Secretaria de Sa\u00fade do Estado do Amazonas. Tem experi\u00eancia em An\u00e1lises Cl\u00ednicas, an\u00e1lise de banco de dados secund\u00e1rios e epidemiologia de doen\u00e7as infecciosas. Desenvolve pesquisas na \u00e1rea de epidemiologia de doen\u00e7as infecciosas e caracteriza\u00e7\u00e3o molecular de parasitos.<\/p>\n<p style=\"text-align: justify;\"><strong>CENTRO DE ESTUDOS<\/strong><\/p>\n<p style=\"text-align: justify;\">O Centro de Estudos do ILMD\/Fiocruz Amaz\u00f4nia \u00e9 um n\u00facleo que oportuniza encontros, palestras, semin\u00e1rios e debates sobre diversos temas ligados \u00e0 pesquisa e ao ensino para a promo\u00e7\u00e3o da sa\u00fade.<\/p>\n<p style=\"text-align: justify;\">Os eventos s\u00e3o gratuitos e as atividades s\u00e3o destinadas a estudantes de gradua\u00e7\u00e3o e p\u00f3s-gradua\u00e7\u00e3o, pesquisadores, professores e trabalhadores da \u00e1rea da Sa\u00fade.<\/p>\n<h6 style=\"text-align: justify;\"><strong><em>ILMD\/ Fiocruz Amaz\u00f4nia, por Eduardo Gomes<\/em><\/strong><\/h6>\n","protected":false},"excerpt":{"rendered":"<p>O Centro de Estudos do Instituto Le\u00f4nidas &amp; Maria Deane (ILMD\/Fiocruz Amaz\u00f4nia) promove na pr\u00f3xima sexta-feira, 23\/11, a partir de 10h, na sala de aula 2, pr\u00e9dio anexo, na sede do Instituto, a palestra \u201cColeta de dados secund\u00e1rios em pesquisa\u201d, a ser ministrada pela pesquisadora Lisiane Lappe dos Reis. Segundo Lisiane, a apresenta\u00e7\u00e3o ir\u00e1 abordar [&hellip;]<\/p>\n","protected":false},"author":20,"featured_media":26489,"comment_status":"closed","ping_status":"closed","sticky":false,"template":"","format":"standard","meta":{"footnotes":""},"categories":[15],"tags":[118,136,119,131,121],"class_list":["post-26488","post","type-post","status-publish","format-standard","has-post-thumbnail","hentry","category-noticias","tag-centro-de-estudos","tag-fiocruz","tag-ilmd","tag-ilmdfiocruz-amazonia","tag-palestra"],"_links":{"self":[{"href":"https:\/\/amazonia.fiocruz.br\/index.php?rest_route=\/wp\/v2\/posts\/26488","targetHints":{"allow":["GET"]}}],"collection":[{"href":"https:\/\/amazonia.fiocruz.br\/index.php?rest_route=\/wp\/v2\/posts"}],"about":[{"href":"https:\/\/amazonia.fiocruz.br\/index.php?rest_route=\/wp\/v2\/types\/post"}],"author":[{"embeddable":true,"href":"https:\/\/amazonia.fiocruz.br\/index.php?rest_route=\/wp\/v2\/users\/20"}],"replies":[{"embeddable":true,"href":"https:\/\/amazonia.fiocruz.br\/index.php?rest_route=%2Fwp%2Fv2%2Fcomments&post=26488"}],"version-history":[{"count":4,"href":"https:\/\/amazonia.fiocruz.br\/index.php?rest_route=\/wp\/v2\/posts\/26488\/revisions"}],"predecessor-version":[{"id":26493,"href":"https:\/\/amazonia.fiocruz.br\/index.php?rest_route=\/wp\/v2\/posts\/26488\/revisions\/26493"}],"wp:featuredmedia":[{"embeddable":true,"href":"https:\/\/amazonia.fiocruz.br\/index.php?rest_route=\/wp\/v2\/media\/26489"}],"wp:attachment":[{"href":"https:\/\/amazonia.fiocruz.br\/index.php?rest_route=%2Fwp%2Fv2%2Fmedia&parent=26488"}],"wp:term":[{"taxonomy":"category","embeddable":true,"href":"https:\/\/amazonia.fiocruz.br\/index.php?rest_route=%2Fwp%2Fv2%2Fcategories&post=26488"},{"taxonomy":"post_tag","embeddable":true,"href":"https:\/\/amazonia.fiocruz.br\/index.php?rest_route=%2Fwp%2Fv2%2Ftags&post=26488"}],"curies":[{"name":"wp","href":"https:\/\/api.w.org\/{rel}","templated":true}]}}